{"id":6492,"date":"2022-10-06T11:43:46","date_gmt":"2022-10-06T14:43:46","guid":{"rendered":"https:\/\/vimagazine.com.br\/?p=6492"},"modified":"2022-10-06T11:44:56","modified_gmt":"2022-10-06T14:44:56","slug":"empresa-apresentara-um-lancamento-inovador-para-a-categoria-que-vai-revolucionar-o-mercado-do-sono-na-feira-sleep-well","status":"publish","type":"post","link":"https:\/\/vimagazine.com.br\/?p=6492","title":{"rendered":"Empresa apresentar\u00e1 um lan\u00e7amento inovador para a categoria que vai revolucionar o mercado do sono na Feira Sleep Well"},"content":{"rendered":"\n<p>A Sleep&nbsp;Well&nbsp;Expo acontece nos dias 06,07,08 de outubro em S\u00e3o Paulo no Pal\u00e1cio das Conven\u00e7\u00f5es do Parque Anhembi.<br><br><br><\/p>\n\n\n\n<p>A Empresa Modena Industria e Comercio Ltda, com mais de 40 anos no mercado atuando no setor de embalagens pl\u00e1sticas flex\u00edveis para envase de produtos<br>em SUPs, nas \u00faltimas d\u00e9cadas diversificou sua atua\u00e7\u00e3o no mercado e com sua expertise e investimentos em pesquisas desenvolveu sua linha de produtos pr\u00f3prios e estar\u00e1 presente em seu stand com uma proposta inovadora para a qualidade do sono.<br><br><\/p>\n\n\n\n<p>Com essa nova proposta a empresa com uma nova vis\u00e3o de mercado, nos meados de 2016, iniciou um planejamento estrat\u00e9gico para atender o mercado alimentar, mais especificamente o de alimentos e bebidas funcionais, sendo este especificamente voltado para o mercado do sono e seus dist\u00farbios, onde a subcategoria de estresse e ansiedade \u00e9 a maior e a que mais cresce com quase 30% de representatividade e crescimento<\/p>\n\n\n\n<p>de + 17,8% em valor .<strong>fonte&nbsp;<\/strong>* MAT32 (de outubro de 2018 a setembro de 2019)<\/p>\n\n\n\n<p>Atendendo a demanda de mercado e as necessidades dos consumidores a empresa apresentar\u00e1 um&nbsp;lan\u00e7amento<br>inovador para a categoria que vai revolucionar o mercado do sono.<br><\/p>\n\n\n\n<p>Benef\u00edcios:<br><\/p>\n\n\n\n<p>1)\u2002\u2002\u2002\u2002Melhora a qualidade do sono<br><\/p>\n\n\n\n<p>2)\u2002\u2002\u2002\u2002Diminui os efeitos negativos do cansa\u00e7o excessivo como a falta de concentra\u00e7\u00e3o e mau humor<br><\/p>\n\n\n\n<p>3)\u2002\u2002\u2002\u2002N\u00e3o causa depend\u00eancia<br><\/p>\n\n\n\n<p>4)\u2002\u2002\u2002\u2002Sem efeitos colaterais &nbsp;<br><\/p>\n","protected":false},"excerpt":{"rendered":"<p>A Sleep&nbsp;Well&nbsp;Expo acontece nos dias 06,07,08 de outubro em S\u00e3o Paulo no Pal\u00e1cio das Conven\u00e7\u00f5es&#8230;<\/p>\n","protected":false},"author":19,"featured_media":6493,"comment_status":"closed","ping_status":"open","sticky":false,"template":"","format":"standard","meta":{"om_disable_all_campaigns":false,"_monsterinsights_skip_tracking":false,"_monsterinsights_sitenote_active":false,"_monsterinsights_sitenote_note":"","_monsterinsights_sitenote_category":0,"spay_email":""},"categories":[75,1],"tags":[],"jetpack_featured_media_url":"https:\/\/vimagazine.com.br\/wp-content\/uploads\/2022\/10\/WhatsApp-Image-2022-10-03-at-13.12.22.jpeg","_links":{"self":[{"href":"https:\/\/vimagazine.com.br\/index.php?rest_route=\/wp\/v2\/posts\/6492"}],"collection":[{"href":"https:\/\/vimagazine.com.br\/index.php?rest_route=\/wp\/v2\/posts"}],"about":[{"href":"https:\/\/vimagazine.com.br\/index.php?rest_route=\/wp\/v2\/types\/post"}],"author":[{"embeddable":true,"href":"https:\/\/vimagazine.com.br\/index.php?rest_route=\/wp\/v2\/users\/19"}],"replies":[{"embeddable":true,"href":"https:\/\/vimagazine.com.br\/index.php?rest_route=%2Fwp%2Fv2%2Fcomments&post=6492"}],"version-history":[{"count":2,"href":"https:\/\/vimagazine.com.br\/index.php?rest_route=\/wp\/v2\/posts\/6492\/revisions"}],"predecessor-version":[{"id":6495,"href":"https:\/\/vimagazine.com.br\/index.php?rest_route=\/wp\/v2\/posts\/6492\/revisions\/6495"}],"wp:featuredmedia":[{"embeddable":true,"href":"https:\/\/vimagazine.com.br\/index.php?rest_route=\/wp\/v2\/media\/6493"}],"wp:attachment":[{"href":"https:\/\/vimagazine.com.br\/index.php?rest_route=%2Fwp%2Fv2%2Fmedia&parent=6492"}],"wp:term":[{"taxonomy":"category","embeddable":true,"href":"https:\/\/vimagazine.com.br\/index.php?rest_route=%2Fwp%2Fv2%2Fcategories&post=6492"},{"taxonomy":"post_tag","embeddable":true,"href":"https:\/\/vimagazine.com.br\/index.php?rest_route=%2Fwp%2Fv2%2Ftags&post=6492"}],"curies":[{"name":"wp","href":"https:\/\/api.w.org\/{rel}","templated":true}]}}