{"id":6497,"date":"2022-10-07T17:23:56","date_gmt":"2022-10-07T20:23:56","guid":{"rendered":"https:\/\/vimagazine.com.br\/?p=6497"},"modified":"2022-10-07T17:24:01","modified_gmt":"2022-10-07T20:24:01","slug":"dica-de-presente-para-o-dia-das-criancas","status":"publish","type":"post","link":"https:\/\/vimagazine.com.br\/?p=6497","title":{"rendered":"Dica de presente para o Dia das Crian\u00e7as"},"content":{"rendered":"\n<p>Amplificador \u00a0de som de Bambu para os pequenos e grandinhos que adoram um celular<\/p>\n\n\n\n<p>O celular atualmente &nbsp;faz parte do cotidiano das crian\u00e7as e dos adolescentes.&nbsp;<\/p>\n\n\n\n<p>A DE LA TERRE tem uma linha linda de eco acess\u00f3rios e o AMPLIFICADOR DE SOM DE BAMB\u00da \u00e9 uma boa op\u00e7\u00e3o para a galerinha que est\u00e1 sempre conectada.<\/p>\n\n\n\n<p>Este lindo produto&nbsp;<strong>feito \u00e0 m\u00e3o<\/strong>&nbsp;em uma comunidade do interior de Minas Gerais. Al\u00e9m de um belo item de decora\u00e7\u00e3o \u00e9 um excelente amplificador de som de celular para voc\u00ea ouvir suas m\u00fasicas, podcast e v\u00eddeos com um som ambiente legal, sem utilizar de energia el\u00e9trica e ajudando o meio ambiente.<\/p>\n\n\n\n<p>&nbsp;Ideal para ser utilizado em ambientes fechados, quartos, salas, cozinhas e etc.<\/p>\n\n\n\n<p><strong><u>Sobre a linha de cosm\u00e9ticos DE LA TERRE:<\/u><\/strong><\/p>\n\n\n\n<p>Produtos livres de subst\u00e2ncias agressoras \u00e0 sa\u00fade, ao meio ambiente e derivados de petr\u00f3leo. Feitos artesanalmente com \u00f3leos e manteigas vegetais enriquecidos com \u00f3leos essenciais puros, sempre priorizando ingredientes org\u00e2nicos e da nossa Floresta Amaz\u00f4nica, rico em \u00e1cidos graxos e totalmente livres de qualquer sofrimento animal. Nossos produtos s\u00e3o 100% naturais e veganos.<\/p>\n\n\n\n<p>&nbsp;DE LA TERRE tem uma linha com mais de 30 produtos para todo o corpo. Produtos especiais, que s\u00e3o um verdadeiro cuidado para voc\u00ea e para o meio ambiente.<\/p>\n\n\n\n<p><strong>DE LA TERRE &#8211; Nosso Valores:<\/strong><\/p>\n\n\n\n<p>Apaixonados pela natureza<\/p>\n\n\n\n<p>Apostamos em nossos valores e no talento e criatividade dos colaboradores para gerar solu\u00e7\u00f5es sustent\u00e1veis e que contribuam para o desenvolvimento econ\u00f4mico do pa\u00eds de forma \u00e9tica, com respeito \u00e0s pessoas, aos animais e ao meio ambiente.<\/p>\n\n\n\n<p><strong>Cosm\u00e9ticos<\/strong>&nbsp;de&nbsp;<strong>alta performance<\/strong>&nbsp;com&nbsp;<strong>respeito&nbsp;<\/strong>aos animais, respeito ao meio-ambiente, respeito aos seres humanos, respeito aos consumidores e respeito ao Universo.<\/p>\n\n\n\n<p><strong><u>DE LA TERRE &#8211; Empresa certificada:<\/u><\/strong><\/p>\n\n\n\n<p>\u00d8&nbsp;&nbsp;Livre de crueldade<\/p>\n\n\n\n<p>\u00d8&nbsp;&nbsp;Ingredientes naturais<\/p>\n\n\n\n<p>\u00d8&nbsp;&nbsp;Eco Sustent\u00e1vel<\/p>\n\n\n\n<p>\u00d8&nbsp;&nbsp;Livre de Pl\u00e1stico<\/p>\n\n\n\n<p>\u00d8&nbsp;&nbsp;Livre de Qu\u00edmicas<\/p>\n\n\n\n<p>\u00d8&nbsp;&nbsp;100% Sustent\u00e1vel<\/p>\n\n\n\n<p>\u00d8&nbsp;&nbsp;Vegan<\/p>\n\n\n\n<p>\u00d8&nbsp;&nbsp;Feito no Brasil<\/p>\n\n\n\n<p>\u00d8&nbsp;&nbsp;Eu reciclo&nbsp;&nbsp;<\/p>\n\n\n\n<p>Para conhecer&nbsp; todos os produtos acesse o site:&nbsp;<a href=\"https:\/\/delaterre.com.br\/\" target=\"_blank\" rel=\"noreferrer noopener\">https:\/\/delaterre.com.br\/<\/a><\/p>\n\n\n\n<p>&nbsp;Qualquer d\u00favida, por favor, entre em contato.&nbsp;<\/p>\n\n\n\n<p>Abra\u00e7os,&nbsp;<\/p>\n\n\n\n<p>D\u00e9bora Nogueira&nbsp;<\/p>\n","protected":false},"excerpt":{"rendered":"<p>Amplificador \u00a0de som de Bambu para os pequenos e grandinhos que adoram um celular O&#8230;<\/p>\n","protected":false},"author":3,"featured_media":6498,"comment_status":"closed","ping_status":"open","sticky":false,"template":"","format":"standard","meta":{"om_disable_all_campaigns":false,"_monsterinsights_skip_tracking":false,"_monsterinsights_sitenote_active":false,"_monsterinsights_sitenote_note":"","_monsterinsights_sitenote_category":0,"spay_email":""},"categories":[1],"tags":[],"jetpack_featured_media_url":"https:\/\/vimagazine.com.br\/wp-content\/uploads\/2022\/10\/Amplificador-de-Bambu-da-DE-LA-TERRE.jpg","_links":{"self":[{"href":"https:\/\/vimagazine.com.br\/index.php?rest_route=\/wp\/v2\/posts\/6497"}],"collection":[{"href":"https:\/\/vimagazine.com.br\/index.php?rest_route=\/wp\/v2\/posts"}],"about":[{"href":"https:\/\/vimagazine.com.br\/index.php?rest_route=\/wp\/v2\/types\/post"}],"author":[{"embeddable":true,"href":"https:\/\/vimagazine.com.br\/index.php?rest_route=\/wp\/v2\/users\/3"}],"replies":[{"embeddable":true,"href":"https:\/\/vimagazine.com.br\/index.php?rest_route=%2Fwp%2Fv2%2Fcomments&post=6497"}],"version-history":[{"count":1,"href":"https:\/\/vimagazine.com.br\/index.php?rest_route=\/wp\/v2\/posts\/6497\/revisions"}],"predecessor-version":[{"id":6499,"href":"https:\/\/vimagazine.com.br\/index.php?rest_route=\/wp\/v2\/posts\/6497\/revisions\/6499"}],"wp:featuredmedia":[{"embeddable":true,"href":"https:\/\/vimagazine.com.br\/index.php?rest_route=\/wp\/v2\/media\/6498"}],"wp:attachment":[{"href":"https:\/\/vimagazine.com.br\/index.php?rest_route=%2Fwp%2Fv2%2Fmedia&parent=6497"}],"wp:term":[{"taxonomy":"category","embeddable":true,"href":"https:\/\/vimagazine.com.br\/index.php?rest_route=%2Fwp%2Fv2%2Fcategories&post=6497"},{"taxonomy":"post_tag","embeddable":true,"href":"https:\/\/vimagazine.com.br\/index.php?rest_route=%2Fwp%2Fv2%2Ftags&post=6497"}],"curies":[{"name":"wp","href":"https:\/\/api.w.org\/{rel}","templated":true}]}}