{"id":6526,"date":"2022-10-12T08:46:56","date_gmt":"2022-10-12T11:46:56","guid":{"rendered":"https:\/\/vimagazine.com.br\/?p=6526"},"modified":"2022-10-12T08:52:22","modified_gmt":"2022-10-12T11:52:22","slug":"salgadinho-faz-shows-no-sesc-santana-em-sao-paulo","status":"publish","type":"post","link":"https:\/\/vimagazine.com.br\/?p=6526","title":{"rendered":"Salgadinho faz shows no Sesc Santana em S\u00e3o Paulo"},"content":{"rendered":"\n<p>As apresenta\u00e7\u00f5es fazem parte da turn\u00ea<strong>&nbsp;\u201cSalgadinho Experience\u201d&nbsp;<\/strong>e acontecem nos dias 29\/10 e 30\/10 no local<\/p>\n\n\n\n<p>No dia&nbsp;<strong>29\/10<\/strong>,&nbsp;<strong>a partir das 20h<\/strong>, e&nbsp;<strong>30\/10<\/strong>,&nbsp;<strong>a partir das 18h<\/strong>, o cantor e compositor&nbsp;<strong>Salgadinho<\/strong>, um dos principais nomes do pagode dos anos 90, se apresenta no&nbsp;<strong>Sesc Santana<\/strong>, em S\u00e3o Paulo. Os shows fazem parte da turn\u00ea<strong>&nbsp;\u201cSalgadinho Experience\u201d<\/strong>, que traz grandes sucessos do artista como os hits \u201cInara\u00ed\u201d, \u201cRecado a Minha Amada (Lua Vai)\u201d, \u201cNo Compasso do Criador\u201d, entre outros.&nbsp;&nbsp;Al\u00e9m disso, neste show o artista faz um paralelo com m\u00fasicas que fizeram sucesso no mesmo ano em que ele lan\u00e7ou os principais sucessos de sua carreira, tudo isso em ordem cronol\u00f3gica, desde sua primeira m\u00fasica gravada at\u00e9 os dias atuais.<\/p>\n\n\n\n<p>Desde 2001, Salgadinho vem investindo na carreira solo e coleciona sucessos e uma legi\u00e3o de f\u00e3s por onde passa. Por ser uma figura lend\u00e1ria no mercado musical, ao longo desses anos Salgadinho teve grandes encontros musicais e parcerias de sucesso com a nova gera\u00e7\u00e3o do pagode brasileiro e com artistas de outros ritmos.<\/p>\n\n\n\n<p><strong>SERVI\u00c7O- SALGADINHO NO SESC SANTANA<\/strong><\/p>\n\n\n\n<p><strong>Datas:<\/strong>&nbsp;29\/10 \u00e0s 20h e 30\/10 \u00e0s 18h<\/p>\n\n\n\n<p><strong>Dura\u00e7\u00e3o:&nbsp;<\/strong>90 minutos<\/p>\n\n\n\n<p><strong>Local:&nbsp;<\/strong>Sesc Santana<\/p>\n\n\n\n<p><strong>Endere\u00e7o:&nbsp;<\/strong>Av. Luiz Dummont Villares, 579 &#8211; Santana, S\u00e3o Paulo\/SP &#8211; 02085-100<\/p>\n\n\n\n<p><strong>Ingressos:<\/strong>&nbsp;R$ 12,00 (credencial plena) \/ R$20,00 (meia entrada) \/ R$40,00 (inteira)<\/p>\n\n\n\n<p><strong>Informa\u00e7\u00f5es:&nbsp;<\/strong><a href=\"https:\/\/www.sescsp.org.br\/programacao\/salgadinho\/\" target=\"_blank\" rel=\"noreferrer noopener\"><strong>Salgadinho &#8211; Sesc S\u00e3o Paulo : Sesc S\u00e3o Paulo (sescsp.org.br)<\/strong><\/a><strong><\/strong><\/p>\n\n\n\n<p><strong>Contatos Imprensa TV \/ R\u00e1dio:<\/strong><\/p>\n\n\n\n<p>Carol Freitas Assessoria<\/p>\n\n\n\n<p><a href=\"mailto:Carolfreitas.jornalista@gmail.com\" target=\"_blank\" rel=\"noreferrer noopener\">Carolfreitas.jornalista@gmail.com<\/a><\/p>\n\n\n\n<p><strong>Contatos Imprensa Impresso\/Online \/Podcast:<\/strong><\/p>\n\n\n\n<p>Musique Press<\/p>\n\n\n\n<p>(11) 95026-8191<\/p>\n\n\n\n<p><a href=\"mailto:contato@musicpress.com.br\" target=\"_blank\" rel=\"noreferrer noopener\">contato@musicpress.com.br<\/a><\/p>\n","protected":false},"excerpt":{"rendered":"<p>As apresenta\u00e7\u00f5es fazem parte da turn\u00ea&nbsp;\u201cSalgadinho Experience\u201d&nbsp;e acontecem nos dias 29\/10 e 30\/10 no local&#8230;<\/p>\n","protected":false},"author":3,"featured_media":6529,"comment_status":"closed","ping_status":"open","sticky":false,"template":"","format":"standard","meta":{"om_disable_all_campaigns":false,"_monsterinsights_skip_tracking":false,"_monsterinsights_sitenote_active":false,"_monsterinsights_sitenote_note":"","_monsterinsights_sitenote_category":0,"spay_email":""},"categories":[1],"tags":[],"jetpack_featured_media_url":"https:\/\/vimagazine.com.br\/wp-content\/uploads\/2022\/10\/ssss.jpeg","_links":{"self":[{"href":"https:\/\/vimagazine.com.br\/index.php?rest_route=\/wp\/v2\/posts\/6526"}],"collection":[{"href":"https:\/\/vimagazine.com.br\/index.php?rest_route=\/wp\/v2\/posts"}],"about":[{"href":"https:\/\/vimagazine.com.br\/index.php?rest_route=\/wp\/v2\/types\/post"}],"author":[{"embeddable":true,"href":"https:\/\/vimagazine.com.br\/index.php?rest_route=\/wp\/v2\/users\/3"}],"replies":[{"embeddable":true,"href":"https:\/\/vimagazine.com.br\/index.php?rest_route=%2Fwp%2Fv2%2Fcomments&post=6526"}],"version-history":[{"count":2,"href":"https:\/\/vimagazine.com.br\/index.php?rest_route=\/wp\/v2\/posts\/6526\/revisions"}],"predecessor-version":[{"id":6530,"href":"https:\/\/vimagazine.com.br\/index.php?rest_route=\/wp\/v2\/posts\/6526\/revisions\/6530"}],"wp:featuredmedia":[{"embeddable":true,"href":"https:\/\/vimagazine.com.br\/index.php?rest_route=\/wp\/v2\/media\/6529"}],"wp:attachment":[{"href":"https:\/\/vimagazine.com.br\/index.php?rest_route=%2Fwp%2Fv2%2Fmedia&parent=6526"}],"wp:term":[{"taxonomy":"category","embeddable":true,"href":"https:\/\/vimagazine.com.br\/index.php?rest_route=%2Fwp%2Fv2%2Fcategories&post=6526"},{"taxonomy":"post_tag","embeddable":true,"href":"https:\/\/vimagazine.com.br\/index.php?rest_route=%2Fwp%2Fv2%2Ftags&post=6526"}],"curies":[{"name":"wp","href":"https:\/\/api.w.org\/{rel}","templated":true}]}}