{"id":6563,"date":"2022-10-14T16:15:31","date_gmt":"2022-10-14T19:15:31","guid":{"rendered":"https:\/\/vimagazine.com.br\/?p=6563"},"modified":"2022-10-14T16:17:07","modified_gmt":"2022-10-14T19:17:07","slug":"dia-do-fisioterapeuta-e-do-terapeuta-ocupacional-campanha-do-conselho-regional-do-rio-promove-os-valores-da-vida","status":"publish","type":"post","link":"https:\/\/vimagazine.com.br\/?p=6563","title":{"rendered":"Dia do Fisioterapeuta e do Terapeuta Ocupacional: campanha do Conselho Regional do Rio promove os valores da vida"},"content":{"rendered":"\n<p><\/p>\n\n\n\n<p style=\"font-size:18px\">Em&nbsp;<strong>13 de outubro<\/strong>&nbsp;\u00e9 comemorado o&nbsp;<strong>Dia do Fisioterapeuta e do Terapeuta Ocupacional<\/strong>&nbsp;no Brasil. A data celebra essas duas profiss\u00f5es t\u00e3o importantes e significativas para a<strong>&nbsp;sa\u00fade<\/strong>&nbsp;da popula\u00e7\u00e3o. O&nbsp;<strong>Crefito-2<\/strong>, Conselho Regional de Fisioterapia e Terapia Ocupacional da 2\u00aa Regi\u00e3o (Rio de Janeiro), desenvolveu uma bela&nbsp;<strong>Campanha<\/strong>&nbsp;informativa que valoriza o trabalho desses profissionais. O objetivo \u00e9 mostrar na pr\u00e1tica a import\u00e2ncia do trabalho atrav\u00e9s dos benef\u00edcios que promovem na vida das pessoas atendidas, destacando os&nbsp;<strong>VALORES da vida<\/strong>&nbsp;que ajudam a conquistar.<\/p>\n\n\n\n<p style=\"font-size:18px\">O Presidente do Crefito-2,&nbsp;<strong>Dr. Wilen Heil e Silva<\/strong>, explica a escolha do tema da Campanha para 2022: \u201c<em>Queremos mostrar que a Fisioterapia e a Terapia Ocupacional est\u00e3o presentes na vida de muitas pessoas e ajudam no resgate de valores t\u00e3o importantes da vida, fazendo a diferen\u00e7a na sa\u00fade e na qualidade de vida da popula\u00e7\u00e3o<\/em>\u201d, comenta o fisioterapeuta.<\/p>\n\n\n\n<p style=\"font-size:18px\">O Crefito-2 escolheu&nbsp;<strong>sete valores<\/strong>&nbsp;para demonstrar esses conceitos: o valor da&nbsp;<strong>vit\u00f3ria<\/strong>, de&nbsp;<strong>caminhar<\/strong>, de um&nbsp;<strong>abra\u00e7o<\/strong>, de&nbsp;<strong>se relacionar<\/strong>, de&nbsp;<strong>respirar<\/strong>, da&nbsp;<strong>autonomia<\/strong>&nbsp;e da&nbsp;<strong>independ\u00eancia<\/strong>.<\/p>\n\n\n\n<p style=\"font-size:18px\"><strong>O valor da vit\u00f3ria<\/strong><br>Vencer \u00e9 sempre o foco buscado por todo atleta. A Fisioterapia \u00e9 colabora fundamental para atingir esse objetivo, prevenindo desgastes e recuperando os atletas.<br><br><strong>O valor de caminhar<br><\/strong>O caminhar nos permite ir e vir. A Fisioterapia e a Terapia Ocupacional resgatam o valor de caminhar para aqueles que um dia estiveram temporariamente impossibilitados de se locomover.<\/p>\n\n\n\n<p style=\"font-size:18px\"><strong>O valor de um abra\u00e7o<\/strong><br>A import\u00e2ncia de um abra\u00e7o para quem enfrenta uma reabilita\u00e7\u00e3o \u00e9 maior do que se pode imagina. Auxiliar o paciente para voltar a sentir essa emo\u00e7\u00e3o \u00e9 trabalho conjunto do Terapeuta Ocupacional e do Fisioterapeuta.<\/p>\n\n\n\n<p style=\"font-size:18px\"><strong>O valor de se relacionar<\/strong><br>O relacionamento interpessoal em autistas \u00e9 um desafio, especialmente em crian\u00e7as. O Terapeuta Ocupacional se dedica a transformar a vida dessas crian\u00e7as atrav\u00e9s de exerc\u00edcios e atividades focadas em ativar partes motora, sensorial e neurol\u00f3gica.<\/p>\n\n\n\n<p style=\"font-size:18px\"><strong>O valor de respirar<\/strong><br>Quem j\u00e1 sentiu falta de ar ou ficou sem f\u00f4lego sabe o valor de respirar. E a Fisioterapia \u00e9 a respons\u00e1vel por ajudar a retomar esse ato involunt\u00e1rio essencial para a vida, especialmente quem passou por interna\u00e7\u00e3o com intuba\u00e7\u00e3o.<\/p>\n\n\n\n<p style=\"font-size:18px\"><strong>O valor de autonomia<\/strong><br>Pacientes que tiveram sequelas por conta da Covid-19 ou que enfrentam alguma dificuldade para se comunicar e mesmo assim tomam suas pr\u00f3prias decis\u00f5es, fazem escolhas e possuem autonomia. Atrav\u00e9s da prancha de comunica\u00e7\u00e3o tudo isso \u00e9 poss\u00edvel.<\/p>\n\n\n\n<p style=\"font-size:18px\"><strong>O valor da independ\u00eancia<\/strong><br>A independ\u00eancia se torna um divisor de \u00e1guas quando um paciente, que precisava da ajuda de muitas pessoas, consegue fazer suas atividades de vida di\u00e1ria (AVDs) tranquilamente. Como abotoar uma camisa, escovar os dentes, pentear o cabelo, entre outras coisas.<\/p>\n\n\n\n<p style=\"font-size:18px\"><strong>V\u00eddeo<\/strong><br>O Crefito-2 ir\u00e1 divulgar no dia 13 de outubro (quinta) um v\u00eddeo emocionante da campanha que celebra o Dia do Fisioterapeuta e do Terapeuta Ocupacional.\u00a0<strong>Assista agora:<\/strong>\u00a0<a href=\"https:\/\/www.youtube.com\/watch?v=9jtSa7X-08I\" target=\"_blank\" rel=\"noreferrer noopener\">https:\/\/www.youtube.com\/watch?v=9jtSa7X-08I<\/a><\/p>\n\n\n\n<figure class=\"wp-block-embed is-type-video is-provider-youtube wp-block-embed-youtube wp-embed-aspect-16-9 wp-has-aspect-ratio\"><div class=\"wp-block-embed__wrapper\">\n<iframe loading=\"lazy\" title=\"Dia do Fisioterapeuta e do Terapeuta Ocupacional Crefito-2 2022\" width=\"640\" height=\"360\" src=\"https:\/\/www.youtube.com\/embed\/9jtSa7X-08I?feature=oembed\" frameborder=\"0\" allow=\"accelerometer; autoplay; clipboard-write; encrypted-media; gyroscope; picture-in-picture\" allowfullscreen><\/iframe>\n<\/div><\/figure>\n\n\n\n<p style=\"font-size:18px\"><br><strong>Caminhada em Copacabana celebra os Fisioterapeutas e Terapeutas Ocupacionais<br><\/strong><strong><br><\/strong>O carioca ter\u00e1 no&nbsp;<strong>domingo (16\/out)<\/strong>&nbsp;uma manh\u00e3 de sa\u00fade e muita informa\u00e7\u00e3o. A orla de Copacabana vai receber a&nbsp;<strong>Caminhada Valores da Vida<\/strong>, promovida pelo<strong>&nbsp;Conselho Regional de Fisioterapia e Terapia Ocupacional do Rio de Janeiro (Crefito-2),<\/strong>&nbsp;<strong>evento gratuito<\/strong>&nbsp;que mobilizar\u00e1 profissionais e a popula\u00e7\u00e3o em geral. A caminhada e as atividades f\u00edsicas marcam o dia desses profissionais, celebrado em 13 de outubro.<\/p>\n\n\n\n<p style=\"font-size:18px\">O&nbsp;<strong>ponto de encontro<\/strong>&nbsp;da caminhada ser\u00e1 na Avenida Atl\u00e2ntica, na orla de Copacabana em frente ao hotel Copacabana Palace&nbsp;<strong>\u00e0s 10h<\/strong>, e ser\u00e1 percorrido aproximadamente um quil\u00f4metro at\u00e9 a altura da Av. Princesa Isabel, onde acontecer\u00e3o no cal\u00e7ad\u00e3o atividades orientadas<strong>&nbsp;de ginastica laboral e alongamento terap\u00eautico<\/strong>&nbsp;para a popula\u00e7\u00e3o, com&nbsp;<strong>distribui\u00e7\u00e3o de brindes<\/strong>&nbsp;para os participantes. A presen\u00e7a dos fisioterapeutas e terapeutas ocupacionais no evento vai garantir o esclarecimento de d\u00favidas e dicas para uma vida mais saud\u00e1vel.<\/p>\n\n\n\n<p style=\"font-size:18px\">O presidente o Crefito-2,&nbsp;<strong>Dr. Wilen Heil e Silva<\/strong>, destaca que a atividade \u00e9 para todos: \u201c<em>Queremos unir os profissionais com a popula\u00e7\u00e3o em geral. A caminhada e as atividades f\u00edsicas que faremos juntos vai refor\u00e7ar os valores da vida que a Fisioterapia e a Terapia Ocupacional podem contribuir para todos alcan\u00e7armos, garantindo uma melhor qualidade de vida<\/em>\u201d, comenta.<br><br>O Crefito-2 recomenda que os participantes cheguem antes das 10h e sigam para o ponto de concentra\u00e7\u00e3o. \u00c9 aconselh\u00e1vel usar roupas leves e n\u00e3o esquecer a prote\u00e7\u00e3o contra o sol, com do filtro solar e bon\u00e9s\/chap\u00e9us.<\/p>\n\n\n\n<p style=\"font-size:18px\">Caminhada Valores da Vida<strong><br><\/strong>Data: 16 de outubro, \u00e0s 10h<br>Local: Orla da Praia de Copacabana<br>Ponto de encontro: orla, em frente ao hotel Copacabana Palace<br>Ponto de chegada: orla, na altura da Av. Princesa Isabel<br>Dist\u00e2ncia: 1km aproximadamente<br>Atividades na chegada: gin\u00e1stica laboral e alongamento terap\u00eautico<br>Esta\u00e7\u00e3o de Metr\u00f4 mais pr\u00f3xima: Cardeal Arcoverde (seguindo pela rua Rodolfo Dantas)<br>Organiza\u00e7\u00e3o: Crefito-2<br><br>Acompanhe os desdobramentos da Campanha do Crefito-2 nas redes sociais:<\/p>\n\n\n\n<p style=\"font-size:18px\"><a href=\"http:\/\/www.crefito2.gov.br\/\" target=\"_blank\" rel=\"noreferrer noopener\">www.crefito2.gov.br<\/a><br><a href=\"http:\/\/www.instagram.com\/crefito2\" target=\"_blank\" rel=\"noreferrer noopener\">www.instagram.com\/crefito2<\/a><br><a href=\"http:\/\/www.facebook.com\/crefito2\/\" target=\"_blank\" rel=\"noreferrer noopener\">www.facebook.com\/crefito2<\/a><\/p>\n\n\n\n<p style=\"font-size:18px\"><strong><br>Fonte: Conselho Regional de Fisioterapia e Terapia Ocupacional da 2\u00aa Regi\u00e3o (Crefito-2)<br>Imagens: Divulga\u00e7\u00e3o<\/strong><\/p>\n\n\n\n<p><\/p>\n\n\n\n<figure class=\"wp-container-2 wp-block-gallery-1 wp-block-gallery columns-3 is-cropped\"><ul class=\"blocks-gallery-grid\"><li class=\"blocks-gallery-item\"><figure><img width=\"1024\" height=\"1024\" src=\"https:\/\/vimagazine.com.br\/wp-content\/uploads\/2022\/10\/Campanha-Crefito-2-Dia-do-Fisioterapeuta-e-do-Terapeuta-Ocupacional-1024x1024.jpeg\" alt=\"\" data-id=\"6566\" data-full-url=\"https:\/\/vimagazine.com.br\/wp-content\/uploads\/2022\/10\/Campanha-Crefito-2-Dia-do-Fisioterapeuta-e-do-Terapeuta-Ocupacional.jpeg\" data-link=\"https:\/\/vimagazine.com.br\/?attachment_id=6566\" class=\"wp-image-6566\" srcset=\"https:\/\/vimagazine.com.br\/wp-content\/uploads\/2022\/10\/Campanha-Crefito-2-Dia-do-Fisioterapeuta-e-do-Terapeuta-Ocupacional-1024x1024.jpeg 1024w, https:\/\/vimagazine.com.br\/wp-content\/uploads\/2022\/10\/Campanha-Crefito-2-Dia-do-Fisioterapeuta-e-do-Terapeuta-Ocupacional-300x300.jpeg 300w, https:\/\/vimagazine.com.br\/wp-content\/uploads\/2022\/10\/Campanha-Crefito-2-Dia-do-Fisioterapeuta-e-do-Terapeuta-Ocupacional-150x150.jpeg 150w, https:\/\/vimagazine.com.br\/wp-content\/uploads\/2022\/10\/Campanha-Crefito-2-Dia-do-Fisioterapeuta-e-do-Terapeuta-Ocupacional-768x768.jpeg 768w, https:\/\/vimagazine.com.br\/wp-content\/uploads\/2022\/10\/Campanha-Crefito-2-Dia-do-Fisioterapeuta-e-do-Terapeuta-Ocupacional.jpeg 1080w\" sizes=\"(max-width: 1024px) 100vw, 1024px\" \/><\/figure><\/li><li class=\"blocks-gallery-item\"><figure><img width=\"1024\" height=\"1024\" src=\"https:\/\/vimagazine.com.br\/wp-content\/uploads\/2022\/10\/Dia-do-Fisioterapeuta-e-do-Terapeuta-Ocupacional-Valor-do-Abraco-1024x1024.jpeg\" alt=\"\" data-id=\"6567\" data-full-url=\"https:\/\/vimagazine.com.br\/wp-content\/uploads\/2022\/10\/Dia-do-Fisioterapeuta-e-do-Terapeuta-Ocupacional-Valor-do-Abraco.jpeg\" data-link=\"https:\/\/vimagazine.com.br\/?attachment_id=6567\" class=\"wp-image-6567\" srcset=\"https:\/\/vimagazine.com.br\/wp-content\/uploads\/2022\/10\/Dia-do-Fisioterapeuta-e-do-Terapeuta-Ocupacional-Valor-do-Abraco-1024x1024.jpeg 1024w, https:\/\/vimagazine.com.br\/wp-content\/uploads\/2022\/10\/Dia-do-Fisioterapeuta-e-do-Terapeuta-Ocupacional-Valor-do-Abraco-300x300.jpeg 300w, https:\/\/vimagazine.com.br\/wp-content\/uploads\/2022\/10\/Dia-do-Fisioterapeuta-e-do-Terapeuta-Ocupacional-Valor-do-Abraco-150x150.jpeg 150w, https:\/\/vimagazine.com.br\/wp-content\/uploads\/2022\/10\/Dia-do-Fisioterapeuta-e-do-Terapeuta-Ocupacional-Valor-do-Abraco-768x768.jpeg 768w, https:\/\/vimagazine.com.br\/wp-content\/uploads\/2022\/10\/Dia-do-Fisioterapeuta-e-do-Terapeuta-Ocupacional-Valor-do-Abraco.jpeg 1080w\" sizes=\"(max-width: 1024px) 100vw, 1024px\" \/><\/figure><\/li><li class=\"blocks-gallery-item\"><figure><img width=\"1024\" height=\"1024\" src=\"https:\/\/vimagazine.com.br\/wp-content\/uploads\/2022\/10\/Dia-do-Fisioterapeuta-e-do-Terapeuta-Ocupacional-Valor-de-Respirar-1024x1024.jpeg\" alt=\"\" data-id=\"6568\" data-full-url=\"https:\/\/vimagazine.com.br\/wp-content\/uploads\/2022\/10\/Dia-do-Fisioterapeuta-e-do-Terapeuta-Ocupacional-Valor-de-Respirar.jpeg\" data-link=\"https:\/\/vimagazine.com.br\/?attachment_id=6568\" class=\"wp-image-6568\" srcset=\"https:\/\/vimagazine.com.br\/wp-content\/uploads\/2022\/10\/Dia-do-Fisioterapeuta-e-do-Terapeuta-Ocupacional-Valor-de-Respirar-1024x1024.jpeg 1024w, https:\/\/vimagazine.com.br\/wp-content\/uploads\/2022\/10\/Dia-do-Fisioterapeuta-e-do-Terapeuta-Ocupacional-Valor-de-Respirar-300x300.jpeg 300w, https:\/\/vimagazine.com.br\/wp-content\/uploads\/2022\/10\/Dia-do-Fisioterapeuta-e-do-Terapeuta-Ocupacional-Valor-de-Respirar-150x150.jpeg 150w, https:\/\/vimagazine.com.br\/wp-content\/uploads\/2022\/10\/Dia-do-Fisioterapeuta-e-do-Terapeuta-Ocupacional-Valor-de-Respirar-768x768.jpeg 768w, https:\/\/vimagazine.com.br\/wp-content\/uploads\/2022\/10\/Dia-do-Fisioterapeuta-e-do-Terapeuta-Ocupacional-Valor-de-Respirar.jpeg 1080w\" sizes=\"(max-width: 1024px) 100vw, 1024px\" \/><\/figure><\/li><li class=\"blocks-gallery-item\"><figure><img width=\"1024\" height=\"1024\" src=\"https:\/\/vimagazine.com.br\/wp-content\/uploads\/2022\/10\/Dia-do-Fisioterapeuta-e-do-Terapeuta-Ocupacional-Valor-de-se-Relacionar-1024x1024.jpeg\" alt=\"\" data-id=\"6569\" data-full-url=\"https:\/\/vimagazine.com.br\/wp-content\/uploads\/2022\/10\/Dia-do-Fisioterapeuta-e-do-Terapeuta-Ocupacional-Valor-de-se-Relacionar.jpeg\" data-link=\"https:\/\/vimagazine.com.br\/?attachment_id=6569\" class=\"wp-image-6569\" srcset=\"https:\/\/vimagazine.com.br\/wp-content\/uploads\/2022\/10\/Dia-do-Fisioterapeuta-e-do-Terapeuta-Ocupacional-Valor-de-se-Relacionar-1024x1024.jpeg 1024w, https:\/\/vimagazine.com.br\/wp-content\/uploads\/2022\/10\/Dia-do-Fisioterapeuta-e-do-Terapeuta-Ocupacional-Valor-de-se-Relacionar-300x300.jpeg 300w, https:\/\/vimagazine.com.br\/wp-content\/uploads\/2022\/10\/Dia-do-Fisioterapeuta-e-do-Terapeuta-Ocupacional-Valor-de-se-Relacionar-150x150.jpeg 150w, https:\/\/vimagazine.com.br\/wp-content\/uploads\/2022\/10\/Dia-do-Fisioterapeuta-e-do-Terapeuta-Ocupacional-Valor-de-se-Relacionar-768x768.jpeg 768w, https:\/\/vimagazine.com.br\/wp-content\/uploads\/2022\/10\/Dia-do-Fisioterapeuta-e-do-Terapeuta-Ocupacional-Valor-de-se-Relacionar.jpeg 1080w\" sizes=\"(max-width: 1024px) 100vw, 1024px\" \/><\/figure><\/li><li class=\"blocks-gallery-item\"><figure><img width=\"1024\" height=\"1024\" src=\"https:\/\/vimagazine.com.br\/wp-content\/uploads\/2022\/10\/Dia-do-Fisioterapeuta-e-do-Terapeuta-Ocupacional-Valor-da-Vitoria-1024x1024.jpeg\" alt=\"\" data-id=\"6570\" data-full-url=\"https:\/\/vimagazine.com.br\/wp-content\/uploads\/2022\/10\/Dia-do-Fisioterapeuta-e-do-Terapeuta-Ocupacional-Valor-da-Vitoria.jpeg\" data-link=\"https:\/\/vimagazine.com.br\/?attachment_id=6570\" class=\"wp-image-6570\" srcset=\"https:\/\/vimagazine.com.br\/wp-content\/uploads\/2022\/10\/Dia-do-Fisioterapeuta-e-do-Terapeuta-Ocupacional-Valor-da-Vitoria-1024x1024.jpeg 1024w, https:\/\/vimagazine.com.br\/wp-content\/uploads\/2022\/10\/Dia-do-Fisioterapeuta-e-do-Terapeuta-Ocupacional-Valor-da-Vitoria-300x300.jpeg 300w, https:\/\/vimagazine.com.br\/wp-content\/uploads\/2022\/10\/Dia-do-Fisioterapeuta-e-do-Terapeuta-Ocupacional-Valor-da-Vitoria-150x150.jpeg 150w, https:\/\/vimagazine.com.br\/wp-content\/uploads\/2022\/10\/Dia-do-Fisioterapeuta-e-do-Terapeuta-Ocupacional-Valor-da-Vitoria-768x768.jpeg 768w, https:\/\/vimagazine.com.br\/wp-content\/uploads\/2022\/10\/Dia-do-Fisioterapeuta-e-do-Terapeuta-Ocupacional-Valor-da-Vitoria.jpeg 1080w\" sizes=\"(max-width: 1024px) 100vw, 1024px\" \/><\/figure><\/li><li class=\"blocks-gallery-item\"><figure><img width=\"1024\" height=\"1024\" src=\"https:\/\/vimagazine.com.br\/wp-content\/uploads\/2022\/10\/Dia-do-Fisioterapeuta-e-do-Terapeuta-Ocupacional-Valor-de-Camihar-1024x1024.jpeg\" alt=\"\" data-id=\"6571\" data-full-url=\"https:\/\/vimagazine.com.br\/wp-content\/uploads\/2022\/10\/Dia-do-Fisioterapeuta-e-do-Terapeuta-Ocupacional-Valor-de-Camihar.jpeg\" data-link=\"https:\/\/vimagazine.com.br\/?attachment_id=6571\" class=\"wp-image-6571\" srcset=\"https:\/\/vimagazine.com.br\/wp-content\/uploads\/2022\/10\/Dia-do-Fisioterapeuta-e-do-Terapeuta-Ocupacional-Valor-de-Camihar-1024x1024.jpeg 1024w, https:\/\/vimagazine.com.br\/wp-content\/uploads\/2022\/10\/Dia-do-Fisioterapeuta-e-do-Terapeuta-Ocupacional-Valor-de-Camihar-300x300.jpeg 300w, https:\/\/vimagazine.com.br\/wp-content\/uploads\/2022\/10\/Dia-do-Fisioterapeuta-e-do-Terapeuta-Ocupacional-Valor-de-Camihar-150x150.jpeg 150w, https:\/\/vimagazine.com.br\/wp-content\/uploads\/2022\/10\/Dia-do-Fisioterapeuta-e-do-Terapeuta-Ocupacional-Valor-de-Camihar-768x768.jpeg 768w, https:\/\/vimagazine.com.br\/wp-content\/uploads\/2022\/10\/Dia-do-Fisioterapeuta-e-do-Terapeuta-Ocupacional-Valor-de-Camihar.jpeg 1080w\" sizes=\"(max-width: 1024px) 100vw, 1024px\" \/><\/figure><\/li><li class=\"blocks-gallery-item\"><figure><img width=\"1024\" height=\"1024\" src=\"https:\/\/vimagazine.com.br\/wp-content\/uploads\/2022\/10\/Dia-do-Fisioterapeuta-e-do-Terapeuta-Ocupacional-Valor-da-Autonomia-1024x1024.jpeg\" alt=\"\" data-id=\"6572\" data-full-url=\"https:\/\/vimagazine.com.br\/wp-content\/uploads\/2022\/10\/Dia-do-Fisioterapeuta-e-do-Terapeuta-Ocupacional-Valor-da-Autonomia.jpeg\" data-link=\"https:\/\/vimagazine.com.br\/?attachment_id=6572\" class=\"wp-image-6572\" srcset=\"https:\/\/vimagazine.com.br\/wp-content\/uploads\/2022\/10\/Dia-do-Fisioterapeuta-e-do-Terapeuta-Ocupacional-Valor-da-Autonomia-1024x1024.jpeg 1024w, https:\/\/vimagazine.com.br\/wp-content\/uploads\/2022\/10\/Dia-do-Fisioterapeuta-e-do-Terapeuta-Ocupacional-Valor-da-Autonomia-300x300.jpeg 300w, https:\/\/vimagazine.com.br\/wp-content\/uploads\/2022\/10\/Dia-do-Fisioterapeuta-e-do-Terapeuta-Ocupacional-Valor-da-Autonomia-150x150.jpeg 150w, https:\/\/vimagazine.com.br\/wp-content\/uploads\/2022\/10\/Dia-do-Fisioterapeuta-e-do-Terapeuta-Ocupacional-Valor-da-Autonomia-768x768.jpeg 768w, https:\/\/vimagazine.com.br\/wp-content\/uploads\/2022\/10\/Dia-do-Fisioterapeuta-e-do-Terapeuta-Ocupacional-Valor-da-Autonomia.jpeg 1080w\" sizes=\"(max-width: 1024px) 100vw, 1024px\" \/><\/figure><\/li><li class=\"blocks-gallery-item\"><figure><img width=\"1024\" height=\"1024\" src=\"https:\/\/vimagazine.com.br\/wp-content\/uploads\/2022\/10\/Dia-do-Fisioterapeuta-e-do-Terapeuta-Ocupacional-Valor-da-Independencia-1024x1024.jpeg\" alt=\"\" data-id=\"6573\" data-full-url=\"https:\/\/vimagazine.com.br\/wp-content\/uploads\/2022\/10\/Dia-do-Fisioterapeuta-e-do-Terapeuta-Ocupacional-Valor-da-Independencia.jpeg\" data-link=\"https:\/\/vimagazine.com.br\/?attachment_id=6573\" class=\"wp-image-6573\" srcset=\"https:\/\/vimagazine.com.br\/wp-content\/uploads\/2022\/10\/Dia-do-Fisioterapeuta-e-do-Terapeuta-Ocupacional-Valor-da-Independencia-1024x1024.jpeg 1024w, https:\/\/vimagazine.com.br\/wp-content\/uploads\/2022\/10\/Dia-do-Fisioterapeuta-e-do-Terapeuta-Ocupacional-Valor-da-Independencia-300x300.jpeg 300w, https:\/\/vimagazine.com.br\/wp-content\/uploads\/2022\/10\/Dia-do-Fisioterapeuta-e-do-Terapeuta-Ocupacional-Valor-da-Independencia-150x150.jpeg 150w, https:\/\/vimagazine.com.br\/wp-content\/uploads\/2022\/10\/Dia-do-Fisioterapeuta-e-do-Terapeuta-Ocupacional-Valor-da-Independencia-768x768.jpeg 768w, https:\/\/vimagazine.com.br\/wp-content\/uploads\/2022\/10\/Dia-do-Fisioterapeuta-e-do-Terapeuta-Ocupacional-Valor-da-Independencia.jpeg 1080w\" sizes=\"(max-width: 1024px) 100vw, 1024px\" \/><\/figure><\/li><\/ul><\/figure>\n","protected":false},"excerpt":{"rendered":"<p>Em&nbsp;13 de outubro&nbsp;\u00e9 comemorado o&nbsp;Dia do Fisioterapeuta e do Terapeuta Ocupacional&nbsp;no Brasil. A data celebra&#8230;<\/p>\n","protected":false},"author":1,"featured_media":6565,"comment_status":"closed","ping_status":"open","sticky":false,"template":"","format":"standard","meta":{"om_disable_all_campaigns":false,"_monsterinsights_skip_tracking":false,"_monsterinsights_sitenote_active":false,"_monsterinsights_sitenote_note":"","_monsterinsights_sitenote_category":0,"spay_email":""},"categories":[27],"tags":[],"jetpack_featured_media_url":"https:\/\/vimagazine.com.br\/wp-content\/uploads\/2022\/10\/Caminhada-Valores-da-Vida-Dia-do-Fisioterapeuta-e-do-Terapeuta-Ocupacional-1.jpeg","_links":{"self":[{"href":"https:\/\/vimagazine.com.br\/index.php?rest_route=\/wp\/v2\/posts\/6563"}],"collection":[{"href":"https:\/\/vimagazine.com.br\/index.php?rest_route=\/wp\/v2\/posts"}],"about":[{"href":"https:\/\/vimagazine.com.br\/index.php?rest_route=\/wp\/v2\/types\/post"}],"author":[{"embeddable":true,"href":"https:\/\/vimagazine.com.br\/index.php?rest_route=\/wp\/v2\/users\/1"}],"replies":[{"embeddable":true,"href":"https:\/\/vimagazine.com.br\/index.php?rest_route=%2Fwp%2Fv2%2Fcomments&post=6563"}],"version-history":[{"count":2,"href":"https:\/\/vimagazine.com.br\/index.php?rest_route=\/wp\/v2\/posts\/6563\/revisions"}],"predecessor-version":[{"id":6575,"href":"https:\/\/vimagazine.com.br\/index.php?rest_route=\/wp\/v2\/posts\/6563\/revisions\/6575"}],"wp:featuredmedia":[{"embeddable":true,"href":"https:\/\/vimagazine.com.br\/index.php?rest_route=\/wp\/v2\/media\/6565"}],"wp:attachment":[{"href":"https:\/\/vimagazine.com.br\/index.php?rest_route=%2Fwp%2Fv2%2Fmedia&parent=6563"}],"wp:term":[{"taxonomy":"category","embeddable":true,"href":"https:\/\/vimagazine.com.br\/index.php?rest_route=%2Fwp%2Fv2%2Fcategories&post=6563"},{"taxonomy":"post_tag","embeddable":true,"href":"https:\/\/vimagazine.com.br\/index.php?rest_route=%2Fwp%2Fv2%2Ftags&post=6563"}],"curies":[{"name":"wp","href":"https:\/\/api.w.org\/{rel}","templated":true}]}}