{"id":6576,"date":"2022-10-14T16:23:22","date_gmt":"2022-10-14T19:23:22","guid":{"rendered":"https:\/\/vimagazine.com.br\/?p=6576"},"modified":"2022-10-14T16:23:32","modified_gmt":"2022-10-14T19:23:32","slug":"escolinha-do-professor-raimundo-ganha-musical-com-participacao-de-nizo-neto-e-direcao-de-cininha-de-paula","status":"publish","type":"post","link":"https:\/\/vimagazine.com.br\/?p=6576","title":{"rendered":"Escolinha do Professor Raimundo ganha musical com participa\u00e7\u00e3o de Nizo Neto e dire\u00e7\u00e3o de Cininha de Paula"},"content":{"rendered":"\n<p><\/p>\n\n\n\n<p><\/p>\n\n\n\n<p style=\"font-size:18px\"><em><strong>&#8220;EscolinhaZinha&#8221; \u00e9 uma com\u00e9dia musical em homenagem ao grande mestre do humor Chico Anysio. O musical ter\u00e1 dire\u00e7\u00e3o de Cininha de Paula, respons\u00e1vel pela dire\u00e7\u00e3o do programa &#8220;Escolinha do Professor Raimundo&#8221;, da TV Globo, e participa\u00e7\u00e3o de Nizo Neto, filho do humorista, no elenco.<\/strong><\/em><br><\/p>\n\n\n\n<p style=\"font-size:18px\">Um dos programas de com\u00e9dia mais tradicionais do Brasil, a Escolinha do Professor Raimundo chegar\u00e1 aos palcos, em um musical de produ\u00e7\u00e3o da Allegresse Produ\u00e7\u00f5es Brazil e CN Artes. O espet\u00e1culo EscolinhaZinha trar\u00e1 Nizo Neto no papel consagrado por seu pai, Chico Anysio, e jovens atores na pele dos alunos ic\u00f4nicos do humor\u00edstico.<\/p>\n\n\n\n<p style=\"font-size:18px\">A montagem do musical ser\u00e1 uma homenagem aos dez anos do falecimento de Chico Anysio, e promete ao p\u00fablico muitas risadas, lembran\u00e7as e forte emo\u00e7\u00e3o, al\u00e9m de trazer ao palco grandes hits dos anos 1980. Tamb\u00e9m ser\u00e3o lembrados outros g\u00eanios do humor que fizeram parte da hist\u00f3ria de nosso pa\u00eds, como Claudia Jimenez, Grande Otelo e Orlando Drummond.<\/p>\n\n\n\n<p style=\"font-size:18px\">Entre os personagens homenageados estar\u00e3o Cacilda, Dona Bela, Marina da Gl\u00f3ria, Capitu, Catifunda, Tati, Dona Mandala, Seu Ptolomeu, Joselino Barbacena, Seu Boneco, Rolando Lero, Seu Peru e Gale\u00e3o Cumbica, entre muitos outros. Jo\u00e3o Canabrava, o b\u00eabado que transformou Tom Cavalcante em astro da com\u00e9dia nacional, passa por uma mudan\u00e7a de g\u00eanero no musical, e ser\u00e1 chamada de Joana Canabrava, a personagem ser\u00e1 dividida entre as atrizes Maf\u00ea Mossini e Rafa Calazans.<\/p>\n\n\n\n<p style=\"font-size:18px\">As apresenta\u00e7\u00f5es de &#8220;EscolinhaZinha&#8221; acontecer\u00e3o nos dias 10 e 11 de dezembro, no Teatro Nair Bello (no Shopping Frei Caneca, em S\u00e3o Paulo). Os ingressos ainda n\u00e3o est\u00e3o \u00e0 venda, mas ser\u00e3o disponibilizados em breve na plataforma Sympla.<\/p>\n\n\n\n<p style=\"font-size:18px\"><strong>Ficha T\u00e9cnica:<\/strong><\/p>\n\n\n\n<p style=\"font-size:18px\">Produ\u00e7\u00e3o: CN Artes e Allegresse Produ\u00e7\u00f5es Brazil<\/p>\n\n\n\n<p style=\"font-size:18px\">Dire\u00e7\u00e3o: Cininha de Paula e Charles Davis<\/p>\n\n\n\n<p style=\"font-size:18px\">Dire\u00e7\u00e3o Musical: Paulo Nogueira<\/p>\n\n\n\n<p style=\"font-size:18px\">Coreografia: Cinzia Alvarez<\/p>\n\n\n\n<p style=\"font-size:18px\">Figurinos: Jana Melazo<\/p>\n\n\n\n<p style=\"font-size:18px\"><strong>Elenco:<\/strong><\/p>\n\n\n\n<p style=\"font-size:18px\">Professor Raimundo: Nizo Neto<\/p>\n\n\n\n<p style=\"font-size:18px\">Cacilda: Clarah Passos e Estelinha Erlichman<\/p>\n\n\n\n<p style=\"font-size:18px\">Dona Bela: Paola Rabetti e Sophia Marie<\/p>\n\n\n\n<p style=\"font-size:18px\">Marina Da Gloria: Mariana Di Giacomo e Sophie Ten\u00f3rio<\/p>\n\n\n\n<p style=\"font-size:18px\">Capitu: Mirella Rocha e Fernanda Matias<\/p>\n\n\n\n<p style=\"font-size:18px\">Catifunda: Flora Bongianni e Yasmin Soares<\/p>\n\n\n\n<p style=\"font-size:18px\">Flora Propolis: Victoria Wowk e Bia Brumatti<\/p>\n\n\n\n<p style=\"font-size:18px\">Tati: Sofia Budke e Isa Ricci<\/p>\n\n\n\n<p style=\"font-size:18px\">Dona Escol\u00e1stica: Ana Sophia Sato e Maf\u00ea Diniz<\/p>\n\n\n\n<p style=\"font-size:18px\">Dona Mandala:&nbsp;&nbsp;&nbsp;&nbsp;&nbsp;&nbsp;&nbsp; Maria Rosa Amaral e Giovana Maciel<\/p>\n\n\n\n<p style=\"font-size:18px\">Candida: Natalia Calanca e Victoria Feldman<\/p>\n\n\n\n<p style=\"font-size:18px\">Manuela Dalem Mar: Manuela Richter e Antonia Assad<\/p>\n\n\n\n<p style=\"font-size:18px\">Dona Dalagos Alves: Aurora Jockman e &nbsp;&nbsp;&nbsp;&nbsp;&nbsp;&nbsp;&nbsp;&nbsp;&nbsp; Lorena Nieto<\/p>\n\n\n\n<p style=\"font-size:18px\">Leandra Borges: Victoria Fraiha&nbsp; e Beatrice Rocha<\/p>\n\n\n\n<p style=\"font-size:18px\">Pitolomeu: Theo Arantes e Vittorio Taguti<\/p>\n\n\n\n<p style=\"font-size:18px\">Jocelino Barbacena: Pietra Piffer<\/p>\n\n\n\n<p style=\"font-size:18px\">Seu Boneco: Miguel Lallo e Kaua Soares<\/p>\n\n\n\n<p style=\"font-size:18px\">Rolando Lero: Sam Sabb\u00e1 e Th\u00e9o Barreto<\/p>\n\n\n\n<p style=\"font-size:18px\">Seu Peru: Anthony Caio e Fabrizio Miranda<\/p>\n\n\n\n<p style=\"font-size:18px\">Batista: Lorenzo Tarantelli e Alice Di Giulio<\/p>\n\n\n\n<p style=\"font-size:18px\">Eustaquio: Lucas Oliveira Carvalho e JP Amaral<\/p>\n\n\n\n<p style=\"font-size:18px\">Joana Canabrava: Maf\u00ea Mossini e Rafa Calazans<\/p>\n\n\n\n<p style=\"font-size:18px\">Galeao Cumbica: Ana Beatriz Teixeira e Mari Rezende<\/p>\n\n\n\n<p style=\"font-size:18px\">Atanagilda: Valentina Monteiro Alves e Leticia Aiub<\/p>\n\n\n\n<p style=\"font-size:18px\">Aldemar Vigario: Marcus Vinicius de Carvalho e Sam Sabb\u00e1<\/p>\n\n\n\n<p style=\"font-size:18px\">Suppapou Uaci: Ana Luiza Rosa e Malu Monteiro<\/p>\n\n\n\n<p style=\"font-size:18px\">Armando Volta: Ernesto Profase e Lucca Fraga Petreca<\/p>\n\n\n\n<p style=\"font-size:18px\">Balthazar da Rocha: Pedro Paniquar e Pedro Paniquar<\/p>\n\n\n\n<p style=\"font-size:18px\">Sarah: Clara Callado<\/p>\n\n\n\n<p style=\"font-size:18px\">Talia: Sofia Presser e Thaviny Nicolini<\/p>\n\n\n\n<p style=\"font-size:18px\"><strong>Servi\u00e7o:<\/strong><\/p>\n\n\n\n<p style=\"font-size:18px\">Apresenta\u00e7\u00f5es dias 10 e 11 de dezembro<\/p>\n\n\n\n<p style=\"font-size:18px\">Teatro Nair Bello (Shopping Frei Caneca &#8211; R. Frei Caneca, 569 &#8211; 401A &#8211; Consola\u00e7\u00e3o, S\u00e3o Paulo \u2013 SP)<\/p>\n\n\n\n<p style=\"font-size:18px\">Vendas em breve pela plataforma Sympla.com<\/p>\n","protected":false},"excerpt":{"rendered":"<p>&#8220;EscolinhaZinha&#8221; \u00e9 uma com\u00e9dia musical em homenagem ao grande mestre do humor Chico Anysio. O&#8230;<\/p>\n","protected":false},"author":1,"featured_media":6577,"comment_status":"closed","ping_status":"open","sticky":false,"template":"","format":"standard","meta":{"om_disable_all_campaigns":false,"_monsterinsights_skip_tracking":false,"_monsterinsights_sitenote_active":false,"_monsterinsights_sitenote_note":"","_monsterinsights_sitenote_category":0,"spay_email":""},"categories":[27],"tags":[],"jetpack_featured_media_url":"https:\/\/vimagazine.com.br\/wp-content\/uploads\/2022\/10\/escolinhazinha.jpeg","_links":{"self":[{"href":"https:\/\/vimagazine.com.br\/index.php?rest_route=\/wp\/v2\/posts\/6576"}],"collection":[{"href":"https:\/\/vimagazine.com.br\/index.php?rest_route=\/wp\/v2\/posts"}],"about":[{"href":"https:\/\/vimagazine.com.br\/index.php?rest_route=\/wp\/v2\/types\/post"}],"author":[{"embeddable":true,"href":"https:\/\/vimagazine.com.br\/index.php?rest_route=\/wp\/v2\/users\/1"}],"replies":[{"embeddable":true,"href":"https:\/\/vimagazine.com.br\/index.php?rest_route=%2Fwp%2Fv2%2Fcomments&post=6576"}],"version-history":[{"count":1,"href":"https:\/\/vimagazine.com.br\/index.php?rest_route=\/wp\/v2\/posts\/6576\/revisions"}],"predecessor-version":[{"id":6578,"href":"https:\/\/vimagazine.com.br\/index.php?rest_route=\/wp\/v2\/posts\/6576\/revisions\/6578"}],"wp:featuredmedia":[{"embeddable":true,"href":"https:\/\/vimagazine.com.br\/index.php?rest_route=\/wp\/v2\/media\/6577"}],"wp:attachment":[{"href":"https:\/\/vimagazine.com.br\/index.php?rest_route=%2Fwp%2Fv2%2Fmedia&parent=6576"}],"wp:term":[{"taxonomy":"category","embeddable":true,"href":"https:\/\/vimagazine.com.br\/index.php?rest_route=%2Fwp%2Fv2%2Fcategories&post=6576"},{"taxonomy":"post_tag","embeddable":true,"href":"https:\/\/vimagazine.com.br\/index.php?rest_route=%2Fwp%2Fv2%2Ftags&post=6576"}],"curies":[{"name":"wp","href":"https:\/\/api.w.org\/{rel}","templated":true}]}}