{"id":6579,"date":"2022-10-14T16:59:10","date_gmt":"2022-10-14T19:59:10","guid":{"rendered":"https:\/\/vimagazine.com.br\/?p=6579"},"modified":"2022-10-14T17:02:12","modified_gmt":"2022-10-14T20:02:12","slug":"cancer-de-mama-e-mastectomia-podem-causar-deficiencia-para-efeitos-legais","status":"publish","type":"post","link":"https:\/\/vimagazine.com.br\/?p=6579","title":{"rendered":"C\u00e2ncer de mama e mastectomia podem causar defici\u00eancia para efeitos legais"},"content":{"rendered":"\n<p style=\"font-size:18px\"><\/p>\n\n\n\n<p style=\"font-size:18px\">No m\u00eas de outubro \u00e9 realizada a campanha Outubro Rosa, que possui o objetivo de conscientizar a sociedade \u2013 e principalmente as mulheres \u2013 sobre a import\u00e2ncia da preven\u00e7\u00e3o ao c\u00e2ncer de mama e ao c\u00e2ncer de colo do \u00fatero, assim como conscientizar sobre a import\u00e2ncia do diagn\u00f3stico precoce destas doen\u00e7as para iniciar o tratamento adequado o quanto antes, com o intuito de aumentar as chances de sucesso no tratamento contra o c\u00e2ncer.<\/p>\n\n\n\n<p style=\"font-size:18px\">Assim, as campanhas do Outubro Rosa conscientizam sobre a import\u00e2ncia das mulheres realizarem os exames de Mamografia e Papanicolau, para preven\u00e7\u00e3o e \u2013 se for o caso \u2013 diagn\u00f3stico do c\u00e2ncer de mama e do c\u00e2ncer de colo de \u00fatero \u2013 respectivamente.<\/p>\n\n\n\n<p style=\"font-size:18px\">Muitas mulheres que s\u00e3o acometidas pelo c\u00e2ncer de mama precisam recorrer a mastectomia como tratamento para doen\u00e7a. A mastectomia consiste na retirada de toda a mama por meio de procedimento cir\u00fargico, podendo ocorrer a remo\u00e7\u00e3o de somente uma das mamas (a mama em que h\u00e1 o c\u00e2ncer) ou at\u00e9 mesmo a remo\u00e7\u00e3o das duas mamas (a mama em que o c\u00e2ncer se encontra e a outra mama para fins de preven\u00e7\u00e3o), quando de acordo com os relat\u00f3rios m\u00e9dicos h\u00e1 alto risco de desenvolver um segundo c\u00e2ncer na mama restante.<\/p>\n\n\n\n<p style=\"font-size:18px\">O Sistema \u00danico de Sa\u00fade (SUS) deve assegurar que todas as mulheres tenham acesso aos exames necess\u00e1rios para preven\u00e7\u00e3o e diagn\u00f3stico do c\u00e2ncer de mama e do c\u00e2ncer de colo do \u00fatero. Em caso de a mulher ser diagnosticada com c\u00e2ncer de mama ou com c\u00e2ncer de colo do \u00fatero, o SUS deve assegurar que a mulher tenha o tratamento adequado para a enfermidade que possui. Isso faz parte de um dos direitos fundamentais que as pessoas possuem, que \u00e9 o direito \u00e0 sa\u00fade.<\/p>\n\n\n\n<p style=\"font-size:18px\">O que muitas pessoas n\u00e3o sabem \u00e9 que o c\u00e2ncer \u00e9 uma das enfermidades que podem configurar a defici\u00eancia para efeitos legais, estando elencado na lista de enfermidades constante no ordenamento jur\u00eddico brasileiro. E a mastectomia tamb\u00e9m se encontra elencada na rela\u00e7\u00e3o de enfermidades que podem causar a defici\u00eancia.<\/p>\n\n\n\n<p style=\"font-size:18px\">Em raz\u00e3o disso, as pessoas que possuem c\u00e2ncer podem ser enquadradas como pessoas com defici\u00eancia, consequentemente as mulheres que possuem c\u00e2ncer de mama ou c\u00e2ncer de colo do \u00fatero podem receber esse enquadramento, tornando-se pessoas com defici\u00eancia para fins legais. Al\u00e9m disso, as mulheres mastectomizadas tamb\u00e9m podem ser enquadradas como pessoas com defici\u00eancia para efeitos legais.<\/p>\n\n\n\n<p style=\"font-size:18px\">E \u2013 uma vez que a mulher que possui c\u00e2ncer de mama, c\u00e2ncer de colo do \u00fatero ou que fez mastectomia se enquadre como pessoa com defici\u00eancia \u2013 poder\u00e1 usufruir de todos os direitos e de todos os benef\u00edcios que as pessoas com defici\u00eancia possuem, em conformidade com a legisla\u00e7\u00e3o vigente.<\/p>\n\n\n\n<p style=\"font-size:18px\">Um dos direitos, ao ser enquadrada como pessoa com defici\u00eancia, \u00e9 que o atendimento m\u00e9dico para o tratamento do c\u00e2ncer de mama ou do c\u00e2ncer de colo de \u00fatero seja oferecido preferencialmente pr\u00f3ximo a resid\u00eancia da pessoa diagnosticada com a enfermidade.<\/p>\n\n\n\n<p>Dra. Priscilla Machado<\/p>\n\n\n\n<p>P\u00f3s-Doutora em Direito<\/p>\n\n\n\n<p>Autora do livro DIREITOS E BENEF\u00cdCIOS PARA PESSOAS COM DEFICI\u00caNCIA<\/p>\n\n\n\n<p>Instagram @leisparapcd<\/p>\n\n\n\n<p>Facebook @leisparapcd<\/p>\n\n\n\n<p>TikTok @leisparapcd<\/p>\n\n\n\n<p>YouTube @leisparapcd<\/p>\n\n\n\n<p>Twitter @leisparapcd<\/p>\n","protected":false},"excerpt":{"rendered":"<p>No m\u00eas de outubro \u00e9 realizada a campanha Outubro Rosa, que possui o objetivo de&#8230;<\/p>\n","protected":false},"author":1,"featured_media":6582,"comment_status":"closed","ping_status":"open","sticky":false,"template":"","format":"standard","meta":{"om_disable_all_campaigns":false,"_monsterinsights_skip_tracking":false,"_monsterinsights_sitenote_active":false,"_monsterinsights_sitenote_note":"","_monsterinsights_sitenote_category":0,"spay_email":""},"categories":[27],"tags":[],"jetpack_featured_media_url":"https:\/\/vimagazine.com.br\/wp-content\/uploads\/2022\/10\/image0-1.jpeg","_links":{"self":[{"href":"https:\/\/vimagazine.com.br\/index.php?rest_route=\/wp\/v2\/posts\/6579"}],"collection":[{"href":"https:\/\/vimagazine.com.br\/index.php?rest_route=\/wp\/v2\/posts"}],"about":[{"href":"https:\/\/vimagazine.com.br\/index.php?rest_route=\/wp\/v2\/types\/post"}],"author":[{"embeddable":true,"href":"https:\/\/vimagazine.com.br\/index.php?rest_route=\/wp\/v2\/users\/1"}],"replies":[{"embeddable":true,"href":"https:\/\/vimagazine.com.br\/index.php?rest_route=%2Fwp%2Fv2%2Fcomments&post=6579"}],"version-history":[{"count":1,"href":"https:\/\/vimagazine.com.br\/index.php?rest_route=\/wp\/v2\/posts\/6579\/revisions"}],"predecessor-version":[{"id":6581,"href":"https:\/\/vimagazine.com.br\/index.php?rest_route=\/wp\/v2\/posts\/6579\/revisions\/6581"}],"wp:featuredmedia":[{"embeddable":true,"href":"https:\/\/vimagazine.com.br\/index.php?rest_route=\/wp\/v2\/media\/6582"}],"wp:attachment":[{"href":"https:\/\/vimagazine.com.br\/index.php?rest_route=%2Fwp%2Fv2%2Fmedia&parent=6579"}],"wp:term":[{"taxonomy":"category","embeddable":true,"href":"https:\/\/vimagazine.com.br\/index.php?rest_route=%2Fwp%2Fv2%2Fcategories&post=6579"},{"taxonomy":"post_tag","embeddable":true,"href":"https:\/\/vimagazine.com.br\/index.php?rest_route=%2Fwp%2Fv2%2Ftags&post=6579"}],"curies":[{"name":"wp","href":"https:\/\/api.w.org\/{rel}","templated":true}]}}