{"id":6583,"date":"2022-10-15T07:27:58","date_gmt":"2022-10-15T10:27:58","guid":{"rendered":"https:\/\/vimagazine.com.br\/?p=6583"},"modified":"2022-10-15T07:28:03","modified_gmt":"2022-10-15T10:28:03","slug":"cantor-gustavo-bertoni-fala-de-sua-carreira-e-do-show-que-fara-no-rio-de-janeiro","status":"publish","type":"post","link":"https:\/\/vimagazine.com.br\/?p=6583","title":{"rendered":"Cantor Gustavo Bertoni fala de sua carreira e do show que far\u00e1 no Rio de janeiro"},"content":{"rendered":"\n<p><\/p>\n\n\n\n<p>&nbsp; <strong>Gustavo Bertoni<\/strong> \u00e9 um dos principais compositores da nova gera\u00e7\u00e3o. Entre lan\u00e7amentos frequentes de discos renomados e presen\u00e7a nos festivais mais importantes do Brasil como (<strong>Rock In Rio<\/strong>, <strong>Lollapalooza<\/strong>, <strong>Mada<\/strong>, <strong>Bananada<\/strong>&#8230;), assim como festivais gringos (SXSW em Austin e Indie Fest em Toronto), Bertoni vem construindo uma carreira s\u00f3lida e com um p\u00fablico fiel, carrega duas indica\u00e7\u00f5es ao Grammy Latino de Melhor \u00c1lbum de Rock (2016 e 2019), tendo ganhado em 2016.<\/p>\n\n\n\n<p>&nbsp; Para falar sobre o seu show no teatro Cesgranrio e um pouco sobre sua carreira, entrevistei o compositor, <a href=\"https:\/\/www.instagram.com\/gustavobertoni\/\"><strong>Gustavo Bertoni<\/strong><\/a>.<\/p>\n\n\n\n<p><strong><em>A seu ver, quais s\u00e3o as raz\u00f5es do seu ganho de espa\u00e7o como compositor?<\/em><\/strong><\/p>\n\n\n\n<p>&nbsp;<strong>R:<\/strong> \u00c9 uma s\u00e9rie de fatores. Dif\u00edcil resumir. Acredito que sempre lancei m\u00fasicas com uma alta frequ\u00eancia e constantemente me reinventando. Sou obcecado pelo processo criativo de composi\u00e7\u00e3o e estou sempre pesquisando sobre isso e me alimentando de qualquer coisa que possa me instigar e inspirar para compor can\u00e7\u00f5es.<\/p>\n\n\n\n<p>&nbsp;&nbsp; &#8211; Sempre gostei de tentar observar a vida buscando padr\u00f5es e repeti\u00e7\u00e3o, excessos e faltas. E tentar entender a sinestesia entre as linguagens que expressam essas coisas. Me incomoda as combina\u00e7\u00f5es \u00f3bvias. Ent\u00e3o acho um desafio muito interessante equilibrar o familiar e o esquisito. Acho que lidar com alteridades \u00e9 vital pra nossa evolu\u00e7\u00e3o e a arte ajuda e\/ou provoca uma abertura a isso. H\u00e1 tamb\u00e9m um aspecto terap\u00eautico onde o entorpecimento do momento de inspira\u00e7\u00e3o te permite acessar parte suas que, racionalmente, n\u00e3o conseguiria.<\/p>\n\n\n\n<p><strong><em>O que voc\u00ea espera do seu show no Cesgranrio e o que o p\u00fablico pode esperar no dia 23\/10?<\/em><\/strong><\/p>\n\n\n\n<p>&nbsp;<strong>R: <\/strong>Esse meu show solo, por enquanto, \u00e9 bem intimista. \u00c9 para ouvir o sil\u00eancio tamb\u00e9m. \u00c9 para eu n\u00e3o precisar de personagem. \u00c9 para a gente lembrar do poder e completude da can\u00e7\u00e3o. Me sinto muito \u00e0 vontade nesse formato.<\/p>\n\n\n\n<p><strong><em>Como surgiu o seu amor pela m\u00fasica e o que o motiva mais?<\/em><\/strong><\/p>\n\n\n\n<p>&nbsp;<strong>R: <\/strong>Comecei a fazer aula de viol\u00e3o aos 9 anos. Junto ao basquete, que sempre foi uma paix\u00e3o. &nbsp;Foi crescendo e crescendo. J\u00e1 n\u00e3o imagino mais minha vida sem m\u00fasica. Porque m\u00fasica \u00e9 arte. E a gente n\u00e3o vive sem arte. Faz parte integral da vida humana.<\/p>\n\n\n\n<p><strong><em>Explique um pouco sobre o \u201cFolk\u201d. O que \u00e9 e como tem te influenciado?<\/em><\/strong><\/p>\n\n\n\n<p>&nbsp; <strong>R: <\/strong>Boa pergunta. Chutaria que o folk \u00e9 uma mistura da m\u00fasica folcl\u00f3rica da Irlanda e Inglaterra misturada com a m\u00fasica africana\/negra dos escravos norte-americanos.&nbsp; \u00c9 um estilo que sempre me pegou. Tanto a m\u00fasica Celta quanto o Blues. Ent\u00e3o faz sentido que o Folk seja t\u00e3o natural para mim. Escuto e componho nesse estilo desde moleque.<\/p>\n\n\n\n<p>&nbsp;&nbsp; &#8211; Me deparei com algumas quest\u00f5es sobre o estilo que me fizeram buscar um som mais aut\u00eantico. O folk-buc\u00f3lico, \u00e9 muito estereotipado e americanizado. Foi fazendo menos sentido pra mim como brasileiro vivendo em S\u00e3o Paulo. Passei a buscar um folk mais urbano e cosmopolita. O esqueleto da can\u00e7\u00e3o t\u00e1 l\u00e1 enraizado no folk, mas os arranjos e a forma de olhar pra ele mudou. Meu pr\u00f3ximo disco vai ser no piano e quase nada folk, ali\u00e1s.<\/p>\n\n\n\n<p><strong><em>&nbsp; Como \u00e9 ter sido indicado ao Grammy Latino de Melhor \u00c1lbum de Rock?<\/em><\/strong><\/p>\n\n\n\n<p>&nbsp; <strong>R: <\/strong>Gratificante.<\/p>\n\n\n\n<p><strong><em>A que se deve o seu estilo mais sens\u00edvel em alguns shows?<\/em><\/strong><\/p>\n\n\n\n<p>&nbsp;<strong>R: <\/strong>Acho que como frontman no Scalene, por ser um show de rock pesado, eu sempre acessei um lado mais agressivo. Sou respons\u00e1vel por fazer milhares de pessoas pularem, abrirem rodas punk etc. Eu gosto de gerar essa catarse que envolve muito o corpo, o suor. Envolve sempre para eu encarar um limite. E \u00e9 uma del\u00edcia.<\/p>\n\n\n\n<p>&nbsp;&nbsp; &#8211; Esse show solo \u00e9 mais sobre sustentar a imobilidade. Sentir delicadezas. T\u00e1 tudo no detalhe. Me permito viver o outro lado da moeda. E tamb\u00e9m \u00e9 legal estar sozinho no palco. N\u00e3o dependo de nada nem ningu\u00e9m.<\/p>\n\n\n\n<p><strong><em>&nbsp;Voc\u00ea possui um projeto solo de composi\u00e7\u00f5es em portugu\u00eas. Por que voc\u00ea considera ser um desafio?<\/em><\/strong><\/p>\n\n\n\n<p>&nbsp;<strong>R: <\/strong>Projeto solo \u00e9 ingl\u00eas e banda em portugu\u00eas. Compor em ambos idiomas \u00e9 igualmente natural pra mim. Por compor em portugu\u00eas com o Scalene, nunca senti ser um problema compor em ingl\u00eas solo. Isso talvez mude daqui um tempo. H\u00e1 logicamente uma barreira no ingl\u00eas.<\/p>\n\n\n\n<p><strong><em>&nbsp;Qual o site no qual as pessoas podem adquirir os ingressos para o seu show?<\/em><\/strong><\/p>\n\n\n\n<p>&nbsp; <strong>R: &nbsp;<\/strong>Atrav\u00e9s da p\u00e1ginadoSympla. Acesse <a href=\"https:\/\/bileto.sympla.com.br\/event\/76486\/d\/158036\">aqui<\/a>.<\/p>\n","protected":false},"excerpt":{"rendered":"<p>&nbsp; Gustavo Bertoni \u00e9 um dos principais compositores da nova gera\u00e7\u00e3o. Entre lan\u00e7amentos frequentes de&#8230;<\/p>\n","protected":false},"author":2,"featured_media":6584,"comment_status":"closed","ping_status":"open","sticky":false,"template":"","format":"standard","meta":{"om_disable_all_campaigns":false,"_monsterinsights_skip_tracking":false,"_monsterinsights_sitenote_active":false,"_monsterinsights_sitenote_note":"","_monsterinsights_sitenote_category":0,"spay_email":""},"categories":[31],"tags":[455,456,100],"jetpack_featured_media_url":"https:\/\/vimagazine.com.br\/wp-content\/uploads\/2022\/10\/IMG_5543.jpg","_links":{"self":[{"href":"https:\/\/vimagazine.com.br\/index.php?rest_route=\/wp\/v2\/posts\/6583"}],"collection":[{"href":"https:\/\/vimagazine.com.br\/index.php?rest_route=\/wp\/v2\/posts"}],"about":[{"href":"https:\/\/vimagazine.com.br\/index.php?rest_route=\/wp\/v2\/types\/post"}],"author":[{"embeddable":true,"href":"https:\/\/vimagazine.com.br\/index.php?rest_route=\/wp\/v2\/users\/2"}],"replies":[{"embeddable":true,"href":"https:\/\/vimagazine.com.br\/index.php?rest_route=%2Fwp%2Fv2%2Fcomments&post=6583"}],"version-history":[{"count":1,"href":"https:\/\/vimagazine.com.br\/index.php?rest_route=\/wp\/v2\/posts\/6583\/revisions"}],"predecessor-version":[{"id":6585,"href":"https:\/\/vimagazine.com.br\/index.php?rest_route=\/wp\/v2\/posts\/6583\/revisions\/6585"}],"wp:featuredmedia":[{"embeddable":true,"href":"https:\/\/vimagazine.com.br\/index.php?rest_route=\/wp\/v2\/media\/6584"}],"wp:attachment":[{"href":"https:\/\/vimagazine.com.br\/index.php?rest_route=%2Fwp%2Fv2%2Fmedia&parent=6583"}],"wp:term":[{"taxonomy":"category","embeddable":true,"href":"https:\/\/vimagazine.com.br\/index.php?rest_route=%2Fwp%2Fv2%2Fcategories&post=6583"},{"taxonomy":"post_tag","embeddable":true,"href":"https:\/\/vimagazine.com.br\/index.php?rest_route=%2Fwp%2Fv2%2Ftags&post=6583"}],"curies":[{"name":"wp","href":"https:\/\/api.w.org\/{rel}","templated":true}]}}