{"id":6598,"date":"2022-10-17T12:23:22","date_gmt":"2022-10-17T15:23:22","guid":{"rendered":"https:\/\/vimagazine.com.br\/?p=6598"},"modified":"2022-10-17T12:40:52","modified_gmt":"2022-10-17T15:40:52","slug":"solange-frazao-e-presenca-vip-no-stand-slow-juice-para-o-mercado-do-sono-na-feira-sleep-well","status":"publish","type":"post","link":"https:\/\/vimagazine.com.br\/?p=6598","title":{"rendered":"Solange Fraz\u00e3o \u00e9 presen\u00e7a vip no stand Slow Juice para o mercado do sono na Feira Sleep Well"},"content":{"rendered":"\n<p><\/p>\n\n\n\n<p>A&nbsp;Sleep&nbsp;Well&nbsp;Expo aconteceu nos dias 06,07,08 de outubro em S\u00e3o Paulo no Pal\u00e1cio das Conven\u00e7\u00f5es do Parque Anhembi.&nbsp;&nbsp;<\/p>\n\n\n\n<p>Solange Fraz\u00e3o visitou o stand da empresa\/marca&nbsp;Slow&nbsp;Juice&nbsp;para conferir a proposta que vai revolucionar o mercado de dist\u00farbios do sono.&nbsp;&nbsp;&nbsp;<\/p>\n\n\n\n<p>Solange que \u00e9 uma das maiores influenciadoras da qualidade de vida, tamb\u00e9m realizou uma palestra dando dicas de como ter um dia produtivo, com sa\u00fade, para obter uma noite de sono saud\u00e1vel e relaxante promovendo o bem estar e a longevidade.&nbsp;&nbsp;<\/p>\n\n\n\n<p>A influencer relatou sua hist\u00f3ria de vida e o segredo de ter uma apar\u00eancia jovem perto de completar os 60 anos com a disposi\u00e7\u00e3o que ela apresenta ao p\u00fablico que a acompanha nas redes sociais.&nbsp;&nbsp;<\/p>\n\n\n\n<p>Em breve o produto ser\u00e1 distribu\u00eddo em v\u00e1rios locais de demanda do mercado que atende o segmento.&nbsp;&nbsp;<\/p>\n\n\n\n<p>Slow&nbsp;Juice&nbsp;\u00e9 um produto criado por uma empresa focada no desenvolvimento de produtos de excel\u00eancia, oferecendo formulas inovadoras que facilitam a vida dos consumidores e aumentam a ader\u00eancia estimulando as pessoas a descobrirem sua melhor vers\u00e3o.&nbsp;&nbsp;<\/p>\n\n\n\n<p>A&nbsp;proposta da empresa vem revolucionar o Mercado de Sono, que observando a demanda dos consumidores desenvolveu produtos&nbsp;para o tratamento de quem sofre com os transtornos do sono&nbsp;&nbsp;<\/p>\n\n\n\n<p>Estavam presentes Mirtes&nbsp;Oliveira, Paulo Gomes (da&nbsp;Entervarejo), Cl\u00e1udio J. C. Fran\u00e7a CEO da&nbsp;empresa,&nbsp;David R. Freitas entre outros&nbsp;.<\/p>\n\n\n\n<figure class=\"wp-container-2 wp-block-gallery-1 wp-block-gallery columns-3 is-cropped\"><ul class=\"blocks-gallery-grid\"><li class=\"blocks-gallery-item\"><figure><img width=\"678\" height=\"1024\" src=\"https:\/\/vimagazine.com.br\/wp-content\/uploads\/2022\/10\/DSC_4849-678x1024.jpg\" alt=\"\" data-id=\"6600\" data-full-url=\"https:\/\/vimagazine.com.br\/wp-content\/uploads\/2022\/10\/DSC_4849.jpg\" data-link=\"https:\/\/vimagazine.com.br\/?attachment_id=6600\" class=\"wp-image-6600\" srcset=\"https:\/\/vimagazine.com.br\/wp-content\/uploads\/2022\/10\/DSC_4849-678x1024.jpg 678w, https:\/\/vimagazine.com.br\/wp-content\/uploads\/2022\/10\/DSC_4849-199x300.jpg 199w, https:\/\/vimagazine.com.br\/wp-content\/uploads\/2022\/10\/DSC_4849-768x1160.jpg 768w, https:\/\/vimagazine.com.br\/wp-content\/uploads\/2022\/10\/DSC_4849.jpg 900w\" sizes=\"(max-width: 678px) 100vw, 678px\" \/><\/figure><\/li><li class=\"blocks-gallery-item\"><figure><img width=\"900\" height=\"596\" src=\"https:\/\/vimagazine.com.br\/wp-content\/uploads\/2022\/10\/DSC_4922.jpg\" alt=\"\" data-id=\"6601\" data-full-url=\"https:\/\/vimagazine.com.br\/wp-content\/uploads\/2022\/10\/DSC_4922.jpg\" data-link=\"https:\/\/vimagazine.com.br\/?attachment_id=6601\" class=\"wp-image-6601\" srcset=\"https:\/\/vimagazine.com.br\/wp-content\/uploads\/2022\/10\/DSC_4922.jpg 900w, https:\/\/vimagazine.com.br\/wp-content\/uploads\/2022\/10\/DSC_4922-300x199.jpg 300w, https:\/\/vimagazine.com.br\/wp-content\/uploads\/2022\/10\/DSC_4922-768x509.jpg 768w\" sizes=\"(max-width: 900px) 100vw, 900px\" \/><\/figure><\/li><li class=\"blocks-gallery-item\"><figure><img width=\"928\" height=\"615\" src=\"https:\/\/vimagazine.com.br\/wp-content\/uploads\/2022\/10\/DSC_5004.jpg\" alt=\"\" data-id=\"6602\" data-full-url=\"https:\/\/vimagazine.com.br\/wp-content\/uploads\/2022\/10\/DSC_5004.jpg\" data-link=\"https:\/\/vimagazine.com.br\/?attachment_id=6602\" class=\"wp-image-6602\" srcset=\"https:\/\/vimagazine.com.br\/wp-content\/uploads\/2022\/10\/DSC_5004.jpg 928w, https:\/\/vimagazine.com.br\/wp-content\/uploads\/2022\/10\/DSC_5004-300x199.jpg 300w, https:\/\/vimagazine.com.br\/wp-content\/uploads\/2022\/10\/DSC_5004-768x509.jpg 768w\" sizes=\"(max-width: 928px) 100vw, 928px\" \/><\/figure><\/li><li class=\"blocks-gallery-item\"><figure><img width=\"928\" height=\"615\" src=\"https:\/\/vimagazine.com.br\/wp-content\/uploads\/2022\/10\/DSC_4828.jpg\" alt=\"\" data-id=\"6603\" data-full-url=\"https:\/\/vimagazine.com.br\/wp-content\/uploads\/2022\/10\/DSC_4828.jpg\" data-link=\"https:\/\/vimagazine.com.br\/?attachment_id=6603\" class=\"wp-image-6603\" srcset=\"https:\/\/vimagazine.com.br\/wp-content\/uploads\/2022\/10\/DSC_4828.jpg 928w, https:\/\/vimagazine.com.br\/wp-content\/uploads\/2022\/10\/DSC_4828-300x199.jpg 300w, https:\/\/vimagazine.com.br\/wp-content\/uploads\/2022\/10\/DSC_4828-768x509.jpg 768w\" sizes=\"(max-width: 928px) 100vw, 928px\" \/><\/figure><\/li><li class=\"blocks-gallery-item\"><figure><img width=\"928\" height=\"615\" src=\"https:\/\/vimagazine.com.br\/wp-content\/uploads\/2022\/10\/DSC_4932.jpg\" alt=\"\" data-id=\"6604\" data-full-url=\"https:\/\/vimagazine.com.br\/wp-content\/uploads\/2022\/10\/DSC_4932.jpg\" data-link=\"https:\/\/vimagazine.com.br\/?attachment_id=6604\" class=\"wp-image-6604\" srcset=\"https:\/\/vimagazine.com.br\/wp-content\/uploads\/2022\/10\/DSC_4932.jpg 928w, https:\/\/vimagazine.com.br\/wp-content\/uploads\/2022\/10\/DSC_4932-300x199.jpg 300w, https:\/\/vimagazine.com.br\/wp-content\/uploads\/2022\/10\/DSC_4932-768x509.jpg 768w\" sizes=\"(max-width: 928px) 100vw, 928px\" \/><\/figure><\/li><\/ul><\/figure>\n\n\n\n<p><a href=\"https:\/\/word-edit.officeapps.live.com\/we\/www.slowjuice.com.br\" target=\"_blank\" rel=\"noreferrer noopener\">www.slowjuice.com.br<\/a>&nbsp;<\/p>\n\n\n\n<p style=\"font-size:14px\"><strong>&nbsp;<\/strong>Fotos Jose Domingos Guimar\u00e3es Neto<\/p>\n\n\n\n<h1 style=\"font-size:14px\">J.Domingos Studio Fotografico<\/h1>\n","protected":false},"excerpt":{"rendered":"<p>A&nbsp;Sleep&nbsp;Well&nbsp;Expo aconteceu nos dias 06,07,08 de outubro em S\u00e3o Paulo no Pal\u00e1cio das Conven\u00e7\u00f5es do&#8230;<\/p>\n","protected":false},"author":1,"featured_media":6599,"comment_status":"closed","ping_status":"open","sticky":false,"template":"","format":"standard","meta":{"om_disable_all_campaigns":false,"_monsterinsights_skip_tracking":false,"_monsterinsights_sitenote_active":false,"_monsterinsights_sitenote_note":"","_monsterinsights_sitenote_category":0,"spay_email":""},"categories":[27],"tags":[],"jetpack_featured_media_url":"https:\/\/vimagazine.com.br\/wp-content\/uploads\/2022\/10\/DSC_4880.jpg","_links":{"self":[{"href":"https:\/\/vimagazine.com.br\/index.php?rest_route=\/wp\/v2\/posts\/6598"}],"collection":[{"href":"https:\/\/vimagazine.com.br\/index.php?rest_route=\/wp\/v2\/posts"}],"about":[{"href":"https:\/\/vimagazine.com.br\/index.php?rest_route=\/wp\/v2\/types\/post"}],"author":[{"embeddable":true,"href":"https:\/\/vimagazine.com.br\/index.php?rest_route=\/wp\/v2\/users\/1"}],"replies":[{"embeddable":true,"href":"https:\/\/vimagazine.com.br\/index.php?rest_route=%2Fwp%2Fv2%2Fcomments&post=6598"}],"version-history":[{"count":2,"href":"https:\/\/vimagazine.com.br\/index.php?rest_route=\/wp\/v2\/posts\/6598\/revisions"}],"predecessor-version":[{"id":6606,"href":"https:\/\/vimagazine.com.br\/index.php?rest_route=\/wp\/v2\/posts\/6598\/revisions\/6606"}],"wp:featuredmedia":[{"embeddable":true,"href":"https:\/\/vimagazine.com.br\/index.php?rest_route=\/wp\/v2\/media\/6599"}],"wp:attachment":[{"href":"https:\/\/vimagazine.com.br\/index.php?rest_route=%2Fwp%2Fv2%2Fmedia&parent=6598"}],"wp:term":[{"taxonomy":"category","embeddable":true,"href":"https:\/\/vimagazine.com.br\/index.php?rest_route=%2Fwp%2Fv2%2Fcategories&post=6598"},{"taxonomy":"post_tag","embeddable":true,"href":"https:\/\/vimagazine.com.br\/index.php?rest_route=%2Fwp%2Fv2%2Ftags&post=6598"}],"curies":[{"name":"wp","href":"https:\/\/api.w.org\/{rel}","templated":true}]}}