{"id":6640,"date":"2022-10-19T10:53:51","date_gmt":"2022-10-19T13:53:51","guid":{"rendered":"https:\/\/vimagazine.com.br\/?p=6640"},"modified":"2022-10-19T10:53:53","modified_gmt":"2022-10-19T13:53:53","slug":"mes-de-outubro-alerta-sobre-os-cuidados-com-a-visao","status":"publish","type":"post","link":"https:\/\/vimagazine.com.br\/?p=6640","title":{"rendered":"M\u00eas de outubro alerta sobre os cuidados com a vis\u00e3o"},"content":{"rendered":"\n<p><em>Data criada pela OMS visa debater sobre doen\u00e7as que podem levar \u00e0 cegueira<\/em><\/p>\n\n\n\n<p>Pelo menos 2,2 bilh\u00f5es de pessoas t\u00eam defici\u00eancia visual no mundo todo, segundo dados da Organiza\u00e7\u00e3o Mundial de Sa\u00fade (OMS). Desses, 1 bilh\u00e3o englobam pessoas com defici\u00eancia visual moderada ou grave \u00e0 dist\u00e2ncia ou cegueira devido a erro refrativo n\u00e3o endere\u00e7ado (88,4 milh\u00f5es), catarata (94 milh\u00f5es), glaucoma (7,7 milh\u00f5es), opacidades da c\u00f3rnea (4,2 milh\u00f5es), retinopatia diab\u00e9tica (3,9 milh\u00f5es), e tracoma (2 milh\u00f5es), bem como defici\u00eancia visual de perto causada por presbiopia n\u00e3o tratada (826 milh\u00f5es). Ou seja, de acordo com a OMS, a estimativa \u00e9 de 60% da popula\u00e7\u00e3o poderia ter sua vis\u00e3o preservada com medidas preventivas ou tratamentos adequados. Alertar para essa realidade \u00e9 o objetivo do Dia Mundial da Vis\u00e3o, celebrado anualmente no m\u00eas de outubro.<\/p>\n\n\n\n<p>De acordo com a OMS, o crescimento populacional e o envelhecimento aumentam o risco de que mais pessoas adquiram defici\u00eancia visual. Um dado corroborado pela pesquisa do Grupo de Especialistas em Perda de Vis\u00e3o (VLEG), publicada em 2020 na revista The Lancet Global Health, projeta que, no ano de 2050, 61 milh\u00f5es de pessoas em todo o mundo deixar\u00e1 de enxergar. No Brasil os n\u00fameros tamb\u00e9m s\u00e3o preocupantes. De acordo com n\u00fameros do IBGE de 2019, cerca de 35 milh\u00f5es de brasileiros apresentavam algum problema ocular e, desse total, aproximadamente 600 mil eram cegos.&nbsp;<\/p>\n\n\n\n<div class=\"wp-block-image\"><figure class=\"alignleft size-large is-resized\"><img src=\"https:\/\/vimagazine.com.br\/wp-content\/uploads\/2022\/10\/WhatsApp-Image-2022-10-19-at-08.57.01-682x1024.jpeg\" alt=\"\" class=\"wp-image-6642\" width=\"323\" height=\"485\" srcset=\"https:\/\/vimagazine.com.br\/wp-content\/uploads\/2022\/10\/WhatsApp-Image-2022-10-19-at-08.57.01-682x1024.jpeg 682w, https:\/\/vimagazine.com.br\/wp-content\/uploads\/2022\/10\/WhatsApp-Image-2022-10-19-at-08.57.01-200x300.jpeg 200w, https:\/\/vimagazine.com.br\/wp-content\/uploads\/2022\/10\/WhatsApp-Image-2022-10-19-at-08.57.01-768x1152.jpeg 768w, https:\/\/vimagazine.com.br\/wp-content\/uploads\/2022\/10\/WhatsApp-Image-2022-10-19-at-08.57.01.jpeg 853w\" sizes=\"(max-width: 323px) 100vw, 323px\" \/><\/figure><\/div>\n\n\n\n<p>Segundo o m\u00e9dico oftalmologista Dr. S\u00e9rgio Schroeder Corr\u00eaa, do Centro Oftalmol\u00f3gico Dr. Vis, uma clinica chancelada pelo Hospital de Olhos Sadalla Amin Ghanem, empresa do Grupo Opty,&nbsp; conscientizar a popula\u00e7\u00e3o sobre preven\u00e7\u00e3o e tratamentos de doen\u00e7as que podem levar \u00e0 cegueira \u00e9 necess\u00e1rio. A principal causa de cegueira trat\u00e1vel \u00e9 a catarata, uma doen\u00e7a que se desenvolve lentamente, dificultando a chegada da luz at\u00e9 a retina e diminuindo a vis\u00e3o aos poucos. A catarata se caracteriza pela vis\u00e3o nublada, que torna dif\u00edcil a realiza\u00e7\u00e3o de tarefas simples como ler, dirigir e enxergar pessoas. No Brasil, a Sociedade Brasileira de Oftalmologia (SBO) calcula que surjam 550 mil novos casos da doen\u00e7a por ano no pa\u00eds. \u201cMuitos pacientes t\u00eam receio de passar por uma cirurgia e s\u00f3 procuram o oftalmologista quando j\u00e1 est\u00e3o sentindo os efeitos da opacidade no cristalino, com a vis\u00e3o emba\u00e7ada e fora de foco. Mas a t\u00e9cnica que utilizamos hoje praticamente n\u00e3o altera a rotina da pessoa. Al\u00e9m disso, quanto mais cedo descobrimos o problema, melhor, pois podemos restituir integralmente a vis\u00e3o. Portadores de catarata apresentam tend\u00eancia a depress\u00e3o, al\u00e9m de sofrer constantemente com quedas e fraturas. Ent\u00e3o, quanto antes detectada e tratada, menor o comprometimento da qualidade de vida\u201d, pontua o m\u00e9dico.<\/p>\n\n\n\n<p>Outra patologia que tamb\u00e9m afeta a qualidade de vida \u00e9 o glaucoma, a maior causa de cegueira irrevers\u00edvel no mundo. Estudo publicado em 2021 diz que mais de 50% dos brasileiros desconhecem a doen\u00e7a. \u201cGlaucoma n\u00e3o tem cura, mas pode ter sua progress\u00e3o controlada com tratamento adequado e cont\u00ednuo, interrompendo a perda da vis\u00e3o. Na maioria dos casos, \u00e9 necess\u00e1rio o uso de col\u00edrios espec\u00edficos diariamente. Por\u00e9m, com o avan\u00e7o de novas tecnologias, hoje \u00e9 poss\u00edvel oferecer ao paciente um tratamento mais moderno, com procedimento cir\u00fargicos, como o SLT (trabeculoplastia seletiva \u00e0 laser) e o iStent, um microdispositivo que pode reduzir com efic\u00e1cia a press\u00e3o intraocular &#8211; um dos fatores de risco mais importantes do glaucoma &#8211; al\u00e9m de reduzir a depend\u00eancia de medicamentos\u201d, explica o oftalmologista.<\/p>\n\n\n\n<p>O m\u00e9dico ressalta que o glaucoma evolui silenciosamente e, geralmente, o paciente s\u00f3 percebe que tem dificuldade em enxergar quando o problema est\u00e1 em um est\u00e1gio bem avan\u00e7ado e n\u00e3o h\u00e1 mais como recuperar a vis\u00e3o afetada \u2013 situa\u00e7\u00e3o que poderia ser evitada caso a doen\u00e7a fosse detectada ainda em sua fase inicial. Pessoas com mais de 40 anos com hist\u00f3rico familiar, popula\u00e7\u00e3o de etnia africana ou asi\u00e1tica, indiv\u00edduos que sofreram les\u00f5es f\u00edsicas no olho, uso excessivo de medicamentos \u00e0 base de corticoides e outras condi\u00e7\u00f5es m\u00e9dicas s\u00e3o fatores de risco para desenvolver a doen\u00e7a. \u201cFundamental \u00e9 que o check-up oftalmol\u00f3gico seja realizado anualmente, pois isso possibilita o diagn\u00f3stico precoce de diversas patologias oculares, proporcionando um tratamento adequado para os pacientes\u201d, refor\u00e7a o Dr. S\u00e9rgio.<\/p>\n\n\n\n<p><strong>Sobre o Opty<\/strong><\/p>\n\n\n\n<p>Desde 2016 o Grupo Opty agrega 26 marcas associadas, mais de 80 unidades, 1350 m\u00e9dicos oftalmologistas e 2800 colaboradores atuando em todas as regi\u00f5es do pa\u00eds. Al\u00e9m das marcas pr\u00f3prias HOBrasil (BA, DF, RJ e SP) e Centro Oftalmol\u00f3gico Dr. Vis (DF, PE, RJ, SP e SC), fazem parte dos associados: o Hospital Oftalmol\u00f3gico de Bras\u00edlia (DF), Hospital de Olhos INOB (DF), Hospital de Olhos do Gama (DF), Vis\u00e3o Hospital de Olhos (DF), Instituto de Olhos Freitas (BA), o DayHORC (BA), Instituto de Olhos Villas (BA), Oftalmoclin (BA),&nbsp; Hospital de Olhos Santa Luzia (AL), Hospital de Olhos Sadalla Amin Ghanem (SC), Centro Oftalmol\u00f3gico Jaragu\u00e1 do Sul (SC), Sadalla.Smart (SC), HCLOE (SP), Visclin Oftalmologia (SP), EyeCenter Oftalmologia (RJ), COSC (RJ), Oftalmax Hospital de Olhos (PE), UPO Oftalmologia \u2013 Unidade Paulista de Oftalmologia (SP), HMO \u2013 Hospital Medicina dos Olhos (SP), Vis\u00e3o Center (PE), OftalmoDiagnose (BA), \u00cdris Oftalmo (PE) e CEOP \u2013 Centro de Olhos do Par\u00e1 (PA).<\/p>\n","protected":false},"excerpt":{"rendered":"<p>Data criada pela OMS visa debater sobre doen\u00e7as que podem levar \u00e0 cegueira Pelo menos&#8230;<\/p>\n","protected":false},"author":20,"featured_media":6641,"comment_status":"closed","ping_status":"open","sticky":false,"template":"","format":"standard","meta":{"om_disable_all_campaigns":false,"_monsterinsights_skip_tracking":false,"_monsterinsights_sitenote_active":false,"_monsterinsights_sitenote_note":"","_monsterinsights_sitenote_category":0,"spay_email":""},"categories":[27],"tags":[],"jetpack_featured_media_url":"https:\/\/vimagazine.com.br\/wp-content\/uploads\/2022\/10\/shutterstock_1441413461.jpg","_links":{"self":[{"href":"https:\/\/vimagazine.com.br\/index.php?rest_route=\/wp\/v2\/posts\/6640"}],"collection":[{"href":"https:\/\/vimagazine.com.br\/index.php?rest_route=\/wp\/v2\/posts"}],"about":[{"href":"https:\/\/vimagazine.com.br\/index.php?rest_route=\/wp\/v2\/types\/post"}],"author":[{"embeddable":true,"href":"https:\/\/vimagazine.com.br\/index.php?rest_route=\/wp\/v2\/users\/20"}],"replies":[{"embeddable":true,"href":"https:\/\/vimagazine.com.br\/index.php?rest_route=%2Fwp%2Fv2%2Fcomments&post=6640"}],"version-history":[{"count":1,"href":"https:\/\/vimagazine.com.br\/index.php?rest_route=\/wp\/v2\/posts\/6640\/revisions"}],"predecessor-version":[{"id":6643,"href":"https:\/\/vimagazine.com.br\/index.php?rest_route=\/wp\/v2\/posts\/6640\/revisions\/6643"}],"wp:featuredmedia":[{"embeddable":true,"href":"https:\/\/vimagazine.com.br\/index.php?rest_route=\/wp\/v2\/media\/6641"}],"wp:attachment":[{"href":"https:\/\/vimagazine.com.br\/index.php?rest_route=%2Fwp%2Fv2%2Fmedia&parent=6640"}],"wp:term":[{"taxonomy":"category","embeddable":true,"href":"https:\/\/vimagazine.com.br\/index.php?rest_route=%2Fwp%2Fv2%2Fcategories&post=6640"},{"taxonomy":"post_tag","embeddable":true,"href":"https:\/\/vimagazine.com.br\/index.php?rest_route=%2Fwp%2Fv2%2Ftags&post=6640"}],"curies":[{"name":"wp","href":"https:\/\/api.w.org\/{rel}","templated":true}]}}