{"id":6644,"date":"2022-10-19T21:21:47","date_gmt":"2022-10-20T00:21:47","guid":{"rendered":"https:\/\/vimagazine.com.br\/?p=6644"},"modified":"2022-10-19T21:21:50","modified_gmt":"2022-10-20T00:21:50","slug":"murilo-cunha-e-myrian-rios-fazem-selfie-nos-bastidores-da-peca","status":"publish","type":"post","link":"https:\/\/vimagazine.com.br\/?p=6644","title":{"rendered":"Murilo Cunha e Myrian Rios fazem selfie nos bastidores da pe\u00e7a"},"content":{"rendered":"\n<p><\/p>\n\n\n\n<p style=\"font-size:18px\">Antes de entrarem em cena, a atriz Myrian Rios e o ator Murilo Cunha que vive o personagem Jo\u00e3o Pedro, filho da psiquiatra Dra. Camila De Castro na pe\u00e7a \u201cNunca desista de seus sonhos\u201d, posaram para uma selfie nos bastidores em clima de descontra\u00e7\u00e3o.<\/p>\n\n\n\n<p style=\"font-size:18px\">O espet\u00e1culo que segue em turn\u00ea pelo Brasil, vem impactando o p\u00fablico por onde passa com a mensagem de Augusto Cury. Faz parte do elenco Myrian Rios, Nizo Neto, Mari Feil e Murilo Cunha. A dire\u00e7\u00e3o \u00e9 de Rog\u00e9rio Fabiano, com produ\u00e7\u00e3o da Applaus sob o comando de Luciano Cardoso.<\/p>\n\n\n\n<p style=\"font-size:18px\">\u201cDividir o palco com atores que eu admiro demais como a Myrian e o Nizo tem sido uma das melhores experi\u00eancias da minha vida\u201d, declara.<\/p>\n\n\n\n<figure class=\"wp-block-image size-full\"><img width=\"708\" height=\"600\" src=\"https:\/\/vimagazine.com.br\/wp-content\/uploads\/2022\/10\/44..jpeg\" alt=\"\" class=\"wp-image-6648\" srcset=\"https:\/\/vimagazine.com.br\/wp-content\/uploads\/2022\/10\/44..jpeg 708w, https:\/\/vimagazine.com.br\/wp-content\/uploads\/2022\/10\/44.-300x254.jpeg 300w\" sizes=\"(max-width: 708px) 100vw, 708px\" \/><\/figure>\n\n\n\n<h2><strong>SOBRE A PE\u00c7A<\/strong><\/h2>\n\n\n\n<p style=\"font-size:18px\">No espet\u00e1culo \u201cNunca Desista de seus Sonhos\u201d, a psiquiatra Camila, enquanto estudante de medicina, assiste a uma palestra de Dr. Augusto Cury e toma a decis\u00e3o de seguir os seus ensinamentos. Apesar de almejar uma especializa\u00e7\u00e3o fora do pa\u00eds, protela a realiza\u00e7\u00e3o por v\u00e1rios motivos. A profissional \u00e9 muito apaixonada pela sua \u00e1rea e auxilia seus pacientes, estimulando-os ao contar como homens brilhantes da hist\u00f3ria fracassaram e, ainda assim, foram persistentes e n\u00e3o desistiram de seus prop\u00f3sitos. A psiquiatra exp\u00f5e seu lado humano ao confessar que tem um filho viciado em tecnologias e jogos digitais. Sua experi\u00eancia com a problem\u00e1tica t\u00e3o presente na atualidade faz parte do enredo. Ela tamb\u00e9m trabalha temas como depress\u00e3o e ansiedade. Para superar seus desafios, Camila tem como aliada sua estagi\u00e1ria Helena, rec\u00e9m-formada em medicina psiqui\u00e1trica. A pe\u00e7a tem como pano de fundo passagens da vida do Dr. Augusto Cury, fonte de inspira\u00e7\u00e3o da protagonista.<\/p>\n\n\n\n<p><\/p>\n\n\n\n<p style=\"font-size:22px\"><strong><strong>Convite para Curta-Metragem<\/strong><\/strong><\/p>\n\n\n\n<p style=\"font-size:18px\">O ator Murilo Cunha filmou em S\u00e3o Paulo um curta, ao lado da modelo Fernanda Travinski.<br>Murilo vive um empres\u00e1rio \u201ccarrasco\u201d chamado Antonio, que sempre desconfia da secret\u00e1ria J\u00falia. O curta titulado \u201cPamonha\u201d vai concorrer em festivais renomados onde na trama, o telespectador s\u00f3 descobre se ele tem raz\u00e3o ou n\u00e3o no final.<\/p>\n\n\n\n<p style=\"font-size:18px\">O ator foi convidado pelo produtor e audio visual Valter Martins, experiente \u00e0 anos em cinema.<\/p>\n\n\n\n<figure class=\"wp-container-2 wp-block-gallery-1 wp-block-gallery columns-2 is-cropped\"><ul class=\"blocks-gallery-grid\"><li class=\"blocks-gallery-item\"><figure><img width=\"768\" height=\"1024\" src=\"https:\/\/vimagazine.com.br\/wp-content\/uploads\/2022\/10\/WhatsApp-Image-2022-10-19-at-18.41.00-3.jpeg\" alt=\"\" data-id=\"6646\" data-full-url=\"https:\/\/vimagazine.com.br\/wp-content\/uploads\/2022\/10\/WhatsApp-Image-2022-10-19-at-18.41.00-3.jpeg\" data-link=\"https:\/\/vimagazine.com.br\/?attachment_id=6646\" class=\"wp-image-6646\" srcset=\"https:\/\/vimagazine.com.br\/wp-content\/uploads\/2022\/10\/WhatsApp-Image-2022-10-19-at-18.41.00-3.jpeg 768w, https:\/\/vimagazine.com.br\/wp-content\/uploads\/2022\/10\/WhatsApp-Image-2022-10-19-at-18.41.00-3-225x300.jpeg 225w\" sizes=\"(max-width: 768px) 100vw, 768px\" \/><\/figure><\/li><li class=\"blocks-gallery-item\"><figure><img width=\"768\" height=\"1024\" src=\"https:\/\/vimagazine.com.br\/wp-content\/uploads\/2022\/10\/WhatsApp-Image-2022-10-19-at-18.41.00-2.jpeg\" alt=\"\" data-id=\"6647\" data-full-url=\"https:\/\/vimagazine.com.br\/wp-content\/uploads\/2022\/10\/WhatsApp-Image-2022-10-19-at-18.41.00-2.jpeg\" data-link=\"https:\/\/vimagazine.com.br\/?attachment_id=6647\" class=\"wp-image-6647\" srcset=\"https:\/\/vimagazine.com.br\/wp-content\/uploads\/2022\/10\/WhatsApp-Image-2022-10-19-at-18.41.00-2.jpeg 768w, https:\/\/vimagazine.com.br\/wp-content\/uploads\/2022\/10\/WhatsApp-Image-2022-10-19-at-18.41.00-2-225x300.jpeg 225w\" sizes=\"(max-width: 768px) 100vw, 768px\" \/><\/figure><\/li><\/ul><\/figure>\n","protected":false},"excerpt":{"rendered":"<p>Antes de entrarem em cena, a atriz Myrian Rios e o ator Murilo Cunha que&#8230;<\/p>\n","protected":false},"author":1,"featured_media":6645,"comment_status":"closed","ping_status":"open","sticky":false,"template":"","format":"standard","meta":{"om_disable_all_campaigns":false,"_monsterinsights_skip_tracking":false,"_monsterinsights_sitenote_active":false,"_monsterinsights_sitenote_note":"","_monsterinsights_sitenote_category":0,"spay_email":""},"categories":[27],"tags":[],"jetpack_featured_media_url":"https:\/\/vimagazine.com.br\/wp-content\/uploads\/2022\/10\/WhatsApp-Image-2022-10-18-at-20.22.49-1.jpeg","_links":{"self":[{"href":"https:\/\/vimagazine.com.br\/index.php?rest_route=\/wp\/v2\/posts\/6644"}],"collection":[{"href":"https:\/\/vimagazine.com.br\/index.php?rest_route=\/wp\/v2\/posts"}],"about":[{"href":"https:\/\/vimagazine.com.br\/index.php?rest_route=\/wp\/v2\/types\/post"}],"author":[{"embeddable":true,"href":"https:\/\/vimagazine.com.br\/index.php?rest_route=\/wp\/v2\/users\/1"}],"replies":[{"embeddable":true,"href":"https:\/\/vimagazine.com.br\/index.php?rest_route=%2Fwp%2Fv2%2Fcomments&post=6644"}],"version-history":[{"count":1,"href":"https:\/\/vimagazine.com.br\/index.php?rest_route=\/wp\/v2\/posts\/6644\/revisions"}],"predecessor-version":[{"id":6649,"href":"https:\/\/vimagazine.com.br\/index.php?rest_route=\/wp\/v2\/posts\/6644\/revisions\/6649"}],"wp:featuredmedia":[{"embeddable":true,"href":"https:\/\/vimagazine.com.br\/index.php?rest_route=\/wp\/v2\/media\/6645"}],"wp:attachment":[{"href":"https:\/\/vimagazine.com.br\/index.php?rest_route=%2Fwp%2Fv2%2Fmedia&parent=6644"}],"wp:term":[{"taxonomy":"category","embeddable":true,"href":"https:\/\/vimagazine.com.br\/index.php?rest_route=%2Fwp%2Fv2%2Fcategories&post=6644"},{"taxonomy":"post_tag","embeddable":true,"href":"https:\/\/vimagazine.com.br\/index.php?rest_route=%2Fwp%2Fv2%2Ftags&post=6644"}],"curies":[{"name":"wp","href":"https:\/\/api.w.org\/{rel}","templated":true}]}}