{"id":6658,"date":"2022-10-21T01:04:46","date_gmt":"2022-10-21T04:04:46","guid":{"rendered":"https:\/\/vimagazine.com.br\/?p=6658"},"modified":"2022-10-21T14:38:54","modified_gmt":"2022-10-21T17:38:54","slug":"igor-oliveira-empresario-palestrante-e-mentor-revela-dicas-de-como-ser-bem-sucedido-empreendendo","status":"publish","type":"post","link":"https:\/\/vimagazine.com.br\/?p=6658","title":{"rendered":"Igor Oliveira, empres\u00e1rio, palestrante e mentor revela dicas de como ser bem sucedido empreendendo"},"content":{"rendered":"\n<p><\/p>\n\n\n\n<p><strong>&nbsp; Igor Oliveira<\/strong> \u00e9 empres\u00e1rio e palestrante com forma\u00e7\u00e3o em <strong>Master Practitioner<\/strong> em PNL, \u00e9 formado em <strong>Self Coaching<\/strong>, com forma\u00e7\u00e3o pelo Empretec, \u00e9 treinador comportamental e motivador de pessoas para alcan\u00e7ar a riqueza. Ao logo de suas a\u00e7\u00f5es como palestrante e treinador comportamental formou mais de 10 milion\u00e1rios em 7 anos de neg\u00f3cio, movimentou mais de um bilh\u00e3o de reais em vendas de cotas de cons\u00f3rcio em todo Brasil.<\/p>\n\n\n\n<p>&nbsp;&nbsp; Para falar sobre suas palestras e como uma pessoa pode ser bem sucedida empreendendo que, eu entrevistei com exclusividade, o empres\u00e1rio, palestrante e mentor, <a href=\"https:\/\/www.instagram.com\/igoorico\/\"><strong>Igor Oliveira<\/strong><\/a>.<\/p>\n\n\n\n<figure class=\"wp-block-image size-large\"><img width=\"1007\" height=\"1024\" src=\"https:\/\/vimagazine.com.br\/wp-content\/uploads\/2022\/10\/DSC05143-1007x1024.jpg\" alt=\"\" class=\"wp-image-6660\" srcset=\"https:\/\/vimagazine.com.br\/wp-content\/uploads\/2022\/10\/DSC05143-1007x1024.jpg 1007w, https:\/\/vimagazine.com.br\/wp-content\/uploads\/2022\/10\/DSC05143-295x300.jpg 295w, https:\/\/vimagazine.com.br\/wp-content\/uploads\/2022\/10\/DSC05143-768x781.jpg 768w, https:\/\/vimagazine.com.br\/wp-content\/uploads\/2022\/10\/DSC05143-1511x1536.jpg 1511w, https:\/\/vimagazine.com.br\/wp-content\/uploads\/2022\/10\/DSC05143-1024x1041.jpg 1024w, https:\/\/vimagazine.com.br\/wp-content\/uploads\/2022\/10\/DSC05143.jpg 1889w\" sizes=\"(max-width: 1007px) 100vw, 1007px\" \/><figcaption>Imagem: divulga\u00e7\u00e3o <\/figcaption><\/figure>\n\n\n\n<p><strong><em>Como e quando surgiu a sua ideia de dar palestras e mentorias?<\/em><\/strong><\/p>\n\n\n\n<p><strong>&nbsp;&nbsp;&nbsp; R:<\/strong> Essa ideia surgiu depois de 7 anos de empresa, em um momento de reflex\u00e3o sobre como teria sido minha caminhada se tivesse um mentor, algu\u00e9m que compartilhasse comigo as experi\u00eancias e me ajudasse a escolher o melhor caminho para o meu neg\u00f3cio. Lembro at\u00e9 hoje quando me deparei com as dificuldades que precisei enfrentar na abertura da nossa empresa, digo nossa porque trabalho com a minha esposa desde o in\u00edcio (e vou te falar: isso sim que \u00e9 desafio. Hehehe!!!) brincadeiras \u00e0 parte, ela \u00e9 uma companheira e s\u00f3cia excepcional e a admiro por ser uma mulher exigente. Por isso acredito muito na express\u00e3o \u201cao lado de um grande homem, sempre existe uma grande mulher\u201d.<\/p>\n\n\n\n<p>N\u00e3o t\u00ednhamos no\u00e7\u00e3o de como era administrar uma empresa: gest\u00e3o financeira, cuidar de detalhes da contabilidade, gest\u00e3o de pessoas, vendas, indicadores e uma infinidade de conhecimentos necess\u00e1rios para manter uma empresa. Com todas essas necessidades resolvemos fazer diversas consultorias e treinamentos para aperfei\u00e7oarmos nossas habilidades. Por\u00e9m quanto mais estud\u00e1vamos mais dif\u00edcil era. Foi preciso muita perseveran\u00e7a, vontade de alcan\u00e7ar o nosso prop\u00f3sito, muita disciplina, alinhamento de expectativas, afinal somos duas pessoas com perfil de lideran\u00e7a e precis\u00e1vamos direcionar nossas energias e a\u00e7\u00f5es para o objetivo maior.&nbsp; O que me movia era ser dono do meu pr\u00f3prio tempo e neg\u00f3cio.<\/p>\n\n\n\n<p>&nbsp;&#8211; Sempre gostei de lidar com pessoas, sentia que era al\u00e9m de uma vontade, de gostar de atender bem as pessoas, havia algo mais al\u00e9m que ser dono do pr\u00f3prio tempo e neg\u00f3cio. Foi assim que tive a certeza da minha miss\u00e3o de vida: ajudar os empreendedores que est\u00e3o iniciando ou que querem iniciar (assim como um dia estivemos nessa posi\u00e7\u00e3o), e que precisam tirar os receios gerados por sabotadores de sucesso. Sim, aqueles que geram os bloqueios do \u201cser empres\u00e1rio\u201d.<\/p>\n\n\n\n<p>&nbsp;&#8211; Hoje eu transformo a mentalidade de pessoas que precisam de orienta\u00e7\u00e3o com base em estudos de qualidade, pr\u00e1ticas e resultados vivenciados por mim e que deram muito certo. Ensino a terem uma vis\u00e3o simples de que \u00e9 poss\u00edvel empreender, ter sucesso e enriquecer com o seu neg\u00f3cio sem ser escravo dele. Mudo a forma de enxergar as exig\u00eancias de um neg\u00f3cio pr\u00f3prio como algo repleto de dificuldades para oportunidades de vencer e tornar um prop\u00f3sito real. Ajudo tamb\u00e9m as pessoas que j\u00e1 est\u00e3o empreendendo a terem e viverem o poder da liberdade para curtirem a qualidade de vida t\u00e3o desejada.&nbsp; O empres\u00e1rio (a) que tem uma \u201calgema de ouro\u201d presa em seus punhos, e que \u00e9 escravo (a) do seu pr\u00f3prio neg\u00f3cio s\u00f3 continuar\u00e1 assim se quiser. Tudo na vida \u00e9 uma escolha basta saber qual calminho deseja seguir.<\/p>\n\n\n\n<p>&nbsp;&nbsp;&#8211; A minha escolha, o que eu prego e vivo \u00e9: ser livre, feliz, ter uma \u00f3tima sa\u00fade mental e f\u00edsica, ser \u201crico\u201d e pr\u00f3spero na vida.<\/p>\n\n\n\n<p><strong><em>Voc\u00ea ministra palestras h\u00e1 muito tempo? Quais os objetivos das suas palestras e qual p\u00fablico alvo?<\/em><\/strong><\/p>\n\n\n\n<p><strong>&nbsp; R:<\/strong> Ministro palestras e treinamentos h\u00e1 7 anos dentro dos meus neg\u00f3cios e, agora, quero expandir para o \u00e2mbito externo, ou seja, abarcar todos os ambientes em todos possuam uma veia empreendedora como eu e que querem ter qualidade de vida profissional.<\/p>\n\n\n\n<p>&nbsp;&#8211; O meu objetivo \u00e9 aumentar o empreendedorismo no pa\u00eds, lan\u00e7ar mentes brilhantes, fazer parte da hist\u00f3ria de sucesso de grandes empres\u00e1rios dessa e das pr\u00f3ximas gera\u00e7\u00f5es, e aumentar o n\u00famero de pessoas pr\u00f3speras e realizadas tanto na vida profissional como tamb\u00e9m na vida pessoal, pois pessoas que est\u00e3o satisfeitas com o seu neg\u00f3cio multiplicam oportunidades e mais fam\u00edlias s\u00e3o beneficiadas com a felicidade, assist\u00eancia e qualidade de vida.<\/p>\n\n\n\n<p><strong>Nosso p\u00fablico \u00e9 definido de dois par\u00e2metros b\u00e1sicos:<\/strong><\/p>\n\n\n\n<p><strong>&nbsp; R:<\/strong> As pessoas que QUEREM e que CORREM atr\u00e1s (Ter proatividade)<\/p>\n\n\n\n<p>As pessoas que PRECISAM, mas que esteja DISPOSTA a mudar padr\u00f5es e cren\u00e7as<\/p>\n\n\n\n<p><strong><em>Quais os principais benef\u00edcios das suas palestras e mentoria?<\/em><\/strong><\/p>\n\n\n\n<p><strong>&nbsp;&nbsp; R:<\/strong> Transforma\u00e7\u00e3o de mentalidade escassa para uma pr\u00f3spera, liberta\u00e7\u00e3o dos paradigmas, mudan\u00e7a de h\u00e1bitos, quebra de cren\u00e7as limitantes, resultados significativos durante a mentoria, autoridade nos neg\u00f3cios e na vida, al\u00e9m do benef\u00edcio de ganhar um mentor que estar\u00e1 junto com voc\u00ea atrav\u00e9s da forma\u00e7\u00e3o de estrat\u00e9gias para que o seu neg\u00f3cio esteja rumo ao alcance do grande objetivo, o sucesso.<\/p>\n\n\n\n<p>&nbsp; Eu acredito que SOZINHO N\u00c3O D\u00c1, POIS SE DESSE VOC\u00ca J\u00c1 TERIA FEITO.<\/p>\n\n\n\n<p><strong><em>Qual o diferencial das suas palestras em rela\u00e7\u00e3o ao que se vemos no segmento?<\/em><\/strong><\/p>\n\n\n\n<p><strong>&nbsp;&nbsp; R:<\/strong> Posso e irei responder por mim, pelas minhas experi\u00eancias, pelos resultados que gero na vida das pessoas e n\u00e3o pela compara\u00e7\u00e3o do meu trabalho com o de outros profissionais. At\u00e9 porque o trabalho que desenvolvo, mesmo em palestras, \u00e9 personalizado e baseado totalmente em tudo que j\u00e1 vi, estudei e vivi at\u00e9 hoje na minha carreira e adapto a realidade de quem est\u00e1 assistindo. Sou direto, objetivo e claro nas minhas a\u00e7\u00f5es.<\/p>\n\n\n\n<p>&nbsp;&nbsp; &#8211; Apesar de gostar muito de estudar, de ter conhecido diversos autores, mentores, pessoas que contribu\u00edram e contribuem na minha caminhada at\u00e9 hoje. Vejo que quando estou como disseminador de conhecimentos, quando recebo essa grande miss\u00e3o, \u00e9 o meu lado mais humano que fala, que compreende e sabe exatamente da dor do empreendedor em todos os seus n\u00edveis, sabe onde d\u00f3i e consegue tratar de forma precisa. Vou al\u00e9m das palavras, gosto da intera\u00e7\u00e3o com o p\u00fablico e me envolvo muito com a energia surreal desses momentos, mas principalmente, energia que vem do p\u00fablico.<\/p>\n\n\n\n<p>&nbsp;&#8211; Se voc\u00ea ainda n\u00e3o foi, fa\u00e7o quest\u00e3o da sua presen\u00e7a em uma das minhas palestras para sentir de perto essa energia de que falo.<\/p>\n\n\n\n<p><strong><em>Voc\u00ea oferece algum acompanhamento para as pessoas ap\u00f3s os seus treinamentos?<\/em><\/strong><\/p>\n\n\n\n<p><strong>&nbsp;&nbsp; R:<\/strong> Sim, existem alguns programas de acompanhamento dos empreendedores, organizados de acordo com o n\u00edvel que cada colaborador est\u00e1 e aonde quer chegar. Toda essa an\u00e1lise \u00e9 realizada e avaliada pela equipe comercial da nossa empresa.<\/p>\n\n\n\n<p><em>Em seu curr\u00edculo voc\u00ea cumula a habilidade de Treinador comportamental e de motivador. <strong>No que esses aspectos s\u00e3o importantes no desenvolvimento das pessoas?<\/strong><\/em><\/p>\n\n\n\n<p><strong>R:<\/strong> Posso lhe dizer com toda certeza que essas habilidades s\u00e3o fundamentais para o desenvolvimento das pessoas. Foi por esse pensamento que propositalmente busquei conhecimentos para desenvolver essas habilidades e criar autoridade na miss\u00e3o que tenho hoje.<\/p>\n\n\n\n<p>&nbsp;&#8211; \u00c9 natural de n\u00f3s seres humanos buscarmos por uma lideran\u00e7a, algu\u00e9m que nos ajude a entender o nosso prop\u00f3sito, que transmita confian\u00e7a e que nos d\u00ea o combust\u00edvel necess\u00e1rio para vermos o qu\u00e3o somos capazes de alcan\u00e7armos um sonho. Al\u00e9m disso, tamb\u00e9m compreender como a nossa mente funciona, os principais comportamentos humanos a t\u00edtulo de autoconhecimento e tamb\u00e9m an\u00e1lise dos comportamentos das pessoas com quem interagimos.<\/p>\n\n\n\n<p>&nbsp;&#8211; Veja bem: comportamentos s\u00e3o h\u00e1bitos e para que voc\u00ea possa cultivar bons h\u00e1bitos e logo ter \u00f3timos resultados \u00e9 preciso cuidar do que acredito, em minha opini\u00e3o como especialista, ser o mais importante na vida de uma pessoa: pense comigo!<\/p>\n\n\n\n<p>&nbsp;&#8211; O motivo de fazer as coisas que voc\u00ea faz. N\u00f3s seres humanos queremos respostas para tudo, buscamos pelo entendimento e por esse motivo&#8230; O questionamento do porqu\u00ea voc\u00ea tem que ir \u00e0 academia? Trabalhar? Estudar? Ficar com seus filhos\/ fam\u00edlia? S\u00e3o comuns e existe uma resposta.<\/p>\n\n\n\n<p>&nbsp;&#8211; Depois o pr\u00f3ximo passo \u00e9 definir seus objetivos e sonhos que manter\u00e1 voc\u00ea sempre motivado (a);<\/p>\n\n\n\n<p>&nbsp; &#8211; Em seguida voc\u00ea ter rituais que conserve bons h\u00e1bitos como: leitura, treinamentos, palestras, eventos, medita\u00e7\u00f5es, ora\u00e7\u00f5es etc. Compreendeu a import\u00e2ncia dessas habilidades?<\/p>\n\n\n\n<p>&nbsp; &#8211; Eu acredito, pr\u00e1tico e compartilho nas \u201cMentorias e Palestras\u201d: Mantenha bons h\u00e1bitos e ter\u00e1 os melhores resultados!<\/p>\n\n\n\n<p><strong><em>Como as pessoas podem fazer para contratar as suas palestras?<\/em><\/strong><\/p>\n\n\n\n<p><strong>&nbsp; R:<\/strong> Hoje temos o site <a href=\"http:\/\/www.igoorico.com.br\">www.igoorico.com.br<\/a> e, &nbsp;tamb\u00e9m voc\u00ea poder\u00e1 me encontrar no Instagram <a href=\"https:\/\/www.instagram.com\/igoorico\/\">@igoorico<\/a> onde na bio, &nbsp;ir\u00e1 encontrar o link com os contatos para falar com nosso time de vendas.<\/p>\n\n\n\n<p><strong><em>Quais as suas considera\u00e7\u00f5es finais?<\/em><\/strong><\/p>\n\n\n\n<p><strong>&nbsp; R:<\/strong> Para mudar seus resultados mude seus pensamentos, comportamentos e avalie suas escolhas. Saiba que conviver com as mesmas pessoas e nos mesmos ambientes que n\u00e3o levam voc\u00ea a lugar algum, apenas sugam sua energia e tempo. Mesmo sem voc\u00ea perceber, os pensamentos continuaram os mesmos. Por isso mude de ambiente, saia da zona de conforto mesmo que pare\u00e7a estranho no in\u00edcio. Lembre-se que mudan\u00e7as n\u00e3o s\u00e3o confort\u00e1veis, por\u00e9m necess\u00e1rias para sentirmos a evolu\u00e7\u00e3o. V\u00e1 a palestras, fa\u00e7a networking com pessoas que est\u00e3o na mesma energia de mudan\u00e7a, conhecimento e objetivos que voc\u00ea, saia do lugar que limita sua VIS\u00c3O.<\/p>\n\n\n\n<p>&nbsp; &#8211;&nbsp; A vida \u00e9 um grande leque de oportunidades, provas e experi\u00eancias. Veja al\u00e9m do que est\u00e1 abaixo do seu nariz e desfrute das conquistas que esperam por voc\u00ea.&nbsp; Quero poder fazer parte da sua hist\u00f3ria tamb\u00e9m!<\/p>\n","protected":false},"excerpt":{"rendered":"<p>&nbsp; Igor Oliveira \u00e9 empres\u00e1rio e palestrante com forma\u00e7\u00e3o em Master Practitioner em PNL, \u00e9&#8230;<\/p>\n","protected":false},"author":2,"featured_media":6669,"comment_status":"closed","ping_status":"open","sticky":false,"template":"","format":"standard","meta":{"om_disable_all_campaigns":false,"_monsterinsights_skip_tracking":false,"_monsterinsights_sitenote_active":false,"_monsterinsights_sitenote_note":"","_monsterinsights_sitenote_category":0,"spay_email":""},"categories":[31],"tags":[383,464,335],"jetpack_featured_media_url":"https:\/\/vimagazine.com.br\/wp-content\/uploads\/2022\/10\/e21221eb-dab4-40c6-a6c4-542c606e0ac7-1-768x825-1.jpg","_links":{"self":[{"href":"https:\/\/vimagazine.com.br\/index.php?rest_route=\/wp\/v2\/posts\/6658"}],"collection":[{"href":"https:\/\/vimagazine.com.br\/index.php?rest_route=\/wp\/v2\/posts"}],"about":[{"href":"https:\/\/vimagazine.com.br\/index.php?rest_route=\/wp\/v2\/types\/post"}],"author":[{"embeddable":true,"href":"https:\/\/vimagazine.com.br\/index.php?rest_route=\/wp\/v2\/users\/2"}],"replies":[{"embeddable":true,"href":"https:\/\/vimagazine.com.br\/index.php?rest_route=%2Fwp%2Fv2%2Fcomments&post=6658"}],"version-history":[{"count":2,"href":"https:\/\/vimagazine.com.br\/index.php?rest_route=\/wp\/v2\/posts\/6658\/revisions"}],"predecessor-version":[{"id":6670,"href":"https:\/\/vimagazine.com.br\/index.php?rest_route=\/wp\/v2\/posts\/6658\/revisions\/6670"}],"wp:featuredmedia":[{"embeddable":true,"href":"https:\/\/vimagazine.com.br\/index.php?rest_route=\/wp\/v2\/media\/6669"}],"wp:attachment":[{"href":"https:\/\/vimagazine.com.br\/index.php?rest_route=%2Fwp%2Fv2%2Fmedia&parent=6658"}],"wp:term":[{"taxonomy":"category","embeddable":true,"href":"https:\/\/vimagazine.com.br\/index.php?rest_route=%2Fwp%2Fv2%2Fcategories&post=6658"},{"taxonomy":"post_tag","embeddable":true,"href":"https:\/\/vimagazine.com.br\/index.php?rest_route=%2Fwp%2Fv2%2Ftags&post=6658"}],"curies":[{"name":"wp","href":"https:\/\/api.w.org\/{rel}","templated":true}]}}