{"id":6663,"date":"2022-10-21T13:30:02","date_gmt":"2022-10-21T16:30:02","guid":{"rendered":"https:\/\/vimagazine.com.br\/?p=6663"},"modified":"2022-10-21T14:32:03","modified_gmt":"2022-10-21T17:32:03","slug":"maisa-e-natalia-gouveia-lancam-nova-colecao-com-desfile-em-portugal","status":"publish","type":"post","link":"https:\/\/vimagazine.com.br\/?p=6663","title":{"rendered":"Maisa e Nat\u00e1lia Gouveia lan\u00e7am nova cole\u00e7\u00e3o com desfile em Portugal"},"content":{"rendered":"\n<p>As Estilistas Maisa Gouveia e Nat\u00e1lia Gouveia lan\u00e7am sua nova e sofisticada cole\u00e7\u00e3o de noivas e festas al\u00e9m mar,, como estilistas internacionais convidadas da BragaNoivos, uma das maiores feiras de moda nupcial da Europa, que se realizar\u00e1 do dia 21 a 23 de outubro em Braga \u2013 Portugal.&nbsp;<\/p>\n\n\n\n<p>A bel\u00edssima cole\u00e7\u00e3o intitulada LUKSUZ COUTURE&nbsp; 2023 MAISA GOUVEIA NAT\u00c1LIA GOUVEIA, \u00e9&nbsp; uma cole\u00e7\u00e3o criativa composta por um mix de estilos variados e o melhor das tend\u00eancias do universo da moda festa. Luxo, glamour, sofistica\u00e7\u00e3o e autenticidade s\u00e3o algumas das caracter\u00edsticas que marcam essa cole\u00e7\u00e3o desenvolvida para mulheres que querem brilhar.<\/p>\n\n\n\n<p>Al\u00e9m do desfile de lan\u00e7amento ser\u00e1 produzido um fashion editorial tendo como cen\u00e1rio paisagens emblem\u00e1ticas das terras lusitanas.&nbsp;<\/p>\n\n\n\n<div class=\"wp-block-image\"><figure class=\"aligncenter size-full is-resized\"><img src=\"https:\/\/vimagazine.com.br\/wp-content\/uploads\/2022\/10\/WhatsApp-Image-2022-10-21-at-06.32.40-1.jpeg\" alt=\"\" class=\"wp-image-6665\" width=\"550\" height=\"826\" srcset=\"https:\/\/vimagazine.com.br\/wp-content\/uploads\/2022\/10\/WhatsApp-Image-2022-10-21-at-06.32.40-1.jpeg 682w, https:\/\/vimagazine.com.br\/wp-content\/uploads\/2022\/10\/WhatsApp-Image-2022-10-21-at-06.32.40-1-200x300.jpeg 200w\" sizes=\"(max-width: 550px) 100vw, 550px\" \/><figcaption> Ma\u00edsa e Nat\u00e1lia Gouveia &#8211; Foto: Gra\u00e7a Pires<\/figcaption><\/figure><\/div>\n\n\n\n<p>Estar\u00e1 \u00e0 frente da dire\u00e7\u00e3o criativa das fotos e do desfile a editora e produtora de moda M\u00e1rcia Dornelles que contar\u00e1 com parceria da revista Fashion Magazine NY , que publicar\u00e1 o registro&nbsp; de fotos de v\u00eddeos de Marcos Vasconcelos, CEO e fot\u00f3grafo da revista. O material poder\u00e1 ser apreciado nas pr\u00f3ximas edi\u00e7\u00f5es da publica\u00e7\u00e3o.&nbsp; Todo o lan\u00e7amento internacional do Ateli\u00ea Ma\u00edsa Gouveia Nat\u00e1lia Gouveia ser\u00e1 transmitido ao vivo pelo instagram da @fashioagazinenyc em tempo real durante o desfile.<\/p>\n\n\n\n<p>O sal\u00e3o de beleza da ex modelo Suzana Werner, localizado na cidade de Lisboa, estar\u00e1 assinando a beleza das modelos durante a realiza\u00e7\u00e3o do ensaio com as celebradas&nbsp; artistas e influencers convidadas: Yaya Manaia que faz sucesso como cantora pelos palcos da&nbsp; Europa e a promoter Fabiane&nbsp; Barcellos, que organiza os eventos mais badalados de Portugal.<\/p>\n","protected":false},"excerpt":{"rendered":"<p>As Estilistas Maisa Gouveia e Nat\u00e1lia Gouveia lan\u00e7am sua nova e sofisticada cole\u00e7\u00e3o de noivas&#8230;<\/p>\n","protected":false},"author":18,"featured_media":6668,"comment_status":"closed","ping_status":"open","sticky":false,"template":"","format":"standard","meta":{"om_disable_all_campaigns":false,"_monsterinsights_skip_tracking":false,"_monsterinsights_sitenote_active":false,"_monsterinsights_sitenote_note":"","_monsterinsights_sitenote_category":0,"spay_email":""},"categories":[1],"tags":[465,469,76,466,79,467,468],"jetpack_featured_media_url":"https:\/\/vimagazine.com.br\/wp-content\/uploads\/2022\/10\/WhatsApp-Image-2022-10-21-at-06.32.40-2-1.jpeg","_links":{"self":[{"href":"https:\/\/vimagazine.com.br\/index.php?rest_route=\/wp\/v2\/posts\/6663"}],"collection":[{"href":"https:\/\/vimagazine.com.br\/index.php?rest_route=\/wp\/v2\/posts"}],"about":[{"href":"https:\/\/vimagazine.com.br\/index.php?rest_route=\/wp\/v2\/types\/post"}],"author":[{"embeddable":true,"href":"https:\/\/vimagazine.com.br\/index.php?rest_route=\/wp\/v2\/users\/18"}],"replies":[{"embeddable":true,"href":"https:\/\/vimagazine.com.br\/index.php?rest_route=%2Fwp%2Fv2%2Fcomments&post=6663"}],"version-history":[{"count":1,"href":"https:\/\/vimagazine.com.br\/index.php?rest_route=\/wp\/v2\/posts\/6663\/revisions"}],"predecessor-version":[{"id":6666,"href":"https:\/\/vimagazine.com.br\/index.php?rest_route=\/wp\/v2\/posts\/6663\/revisions\/6666"}],"wp:featuredmedia":[{"embeddable":true,"href":"https:\/\/vimagazine.com.br\/index.php?rest_route=\/wp\/v2\/media\/6668"}],"wp:attachment":[{"href":"https:\/\/vimagazine.com.br\/index.php?rest_route=%2Fwp%2Fv2%2Fmedia&parent=6663"}],"wp:term":[{"taxonomy":"category","embeddable":true,"href":"https:\/\/vimagazine.com.br\/index.php?rest_route=%2Fwp%2Fv2%2Fcategories&post=6663"},{"taxonomy":"post_tag","embeddable":true,"href":"https:\/\/vimagazine.com.br\/index.php?rest_route=%2Fwp%2Fv2%2Ftags&post=6663"}],"curies":[{"name":"wp","href":"https:\/\/api.w.org\/{rel}","templated":true}]}}