{"id":6674,"date":"2022-10-21T17:53:49","date_gmt":"2022-10-21T20:53:49","guid":{"rendered":"https:\/\/vimagazine.com.br\/?p=6674"},"modified":"2022-10-21T17:53:53","modified_gmt":"2022-10-21T20:53:53","slug":"1o-forum-hard-de-fundicao-supera-expectativa-e-reune-250-inscritos","status":"publish","type":"post","link":"https:\/\/vimagazine.com.br\/?p=6674","title":{"rendered":"1\u00ba F\u00f3rum Hard de Fundi\u00e7\u00e3o supera expectativa e re\u00fane 250 inscritos"},"content":{"rendered":"\n<p><em>Evento voltado para modeladores aconteceu em Joinville e ir\u00e1 entrar para a programa\u00e7\u00e3o anual da empresa de maneira itinerante<\/em><\/p>\n\n\n\n<p>Com o intuito de debater solu\u00e7\u00f5es \u00e1geis para produ\u00e7\u00e3o de ferramentais e o seu impacto na linha de produ\u00e7\u00e3o, na \u00faltima quinta (20), o <strong>1\u00ba<\/strong><strong> F\u00f3rum Hard de Fundi\u00e7\u00e3o <\/strong>reuniu modeladores e outros profissionais interessados na \u00e1rea.&nbsp;&nbsp;<\/p>\n\n\n\n<p>&#8220;Alcan\u00e7amos o objetivo inicial do evento que era proporcionar troca de experi\u00eancia e conhecimento para elevar o padr\u00e3o tanto das pessoas como produtivo nos pa\u00edses que a Hard atende&#8221;, pontua Tiago Santos, Diretor Comercial e de Marketing do Grupo Hard.&nbsp;<\/p>\n\n\n\n<p>Para Adams Godoy, um dos palestrantes da noite e especialista em pesquisa e desenvolvimento da Schulz S.A, mesmo o mercado de fundi\u00e7\u00e3o e modeladores sendo de valor agregado elevado ele ainda \u00e9 carente. &#8220;A implanta\u00e7\u00e3o da cultura de inova\u00e7\u00e3o pode contribuir muito para a evolu\u00e7\u00e3o. O conhecimento precisa ser dividido, pois&nbsp; quando cresce a cadeia produtiva voc\u00ea cresce junto. Ningu\u00e9m \u00e9 uma ilha&#8221;, explica.&nbsp;&nbsp;&nbsp;&nbsp;&nbsp;<\/p>\n\n\n\n<p>Dr. Fundi\u00e7\u00e3o<strong>, <\/strong>Fernando Oliveira, concordou com a fala do Adams e acrescentou que o sucesso do evento se deu tamb\u00e9m devido a segmenta\u00e7\u00e3o do tema. &#8220;Existem muitos eventos que n\u00e3o s\u00e3o focados e acabam sendo vagos. A Hard trabalha com itens para modela\u00e7\u00e3o e com isso consegue conversar diretamente com esse p\u00fablico&#8221;, destacou.&nbsp;&nbsp;&nbsp;&nbsp;<\/p>\n\n\n\n<p>Segundo Vitor Hugo de Oliveira, da empresa Modela\u00e7\u00e3o Feuser, o tema foi exatamente o que o motivou a se inscrever. &#8220;Estamos acostumados, dentro das empresas de modela\u00e7\u00e3o a seguir processos de 40 anos, tudo evoluiu e precisamos falar cada vez mais sobre isso&#8221;, ressalta o empres\u00e1rio.&nbsp;<\/p>\n\n\n\n<p>Diante da repercuss\u00e3o positiva, no final do evento a Hard anunciou que o f\u00f3rum entrar\u00e1 para a programa\u00e7\u00e3o anual da empresa e ir\u00e1 acontecer a partir de 2023 de maneira itinerante, passando pelos estados de S\u00e3o Paulo, Minas Gerais e Rio Grande do Sul.&nbsp;<\/p>\n\n\n\n<p>Para acompanhar a vers\u00e3o online do 1\u00ba F\u00f3rum Hard de Fundi\u00e7\u00e3o, basta acessar este <a href=\"https:\/\/www.youtube.com\/watch?v=X-9YmVvRYhg\" target=\"_blank\" rel=\"noreferrer noopener\">link.&nbsp;<\/a><\/p>\n\n\n\n<p><strong>Sobre o Grupo Hard<\/strong><\/p>\n\n\n\n<p>Com 36 anos e localizada em Joinville, o <a href=\"https:\/\/www.hard.com.br\/\" target=\"_blank\" rel=\"noreferrer noopener\">Grupo Hard<\/a> atua em duas principais frentes: Constru\u00e7\u00e3o e Ind\u00fastria. A <strong>Hard Produtos para Constru\u00e7\u00e3o<\/strong> \u00e9 especializada em fixa\u00e7\u00e3o e veda\u00e7\u00e3o para a constru\u00e7\u00e3o civil. J\u00e1 a <strong>Hard Pol\u00edmeros para Ind\u00fastria<\/strong>, fabrica e comercializa produtos para atender os mercados automotivo, n\u00e1utico, de modela\u00e7\u00e3o, prototipagem, ferramentaria e manuten\u00e7\u00e3o industrial.&nbsp;<\/p>\n","protected":false},"excerpt":{"rendered":"<p>Evento voltado para modeladores aconteceu em Joinville e ir\u00e1 entrar para a programa\u00e7\u00e3o anual da&#8230;<\/p>\n","protected":false},"author":20,"featured_media":6698,"comment_status":"closed","ping_status":"open","sticky":false,"template":"","format":"standard","meta":{"om_disable_all_campaigns":false,"_monsterinsights_skip_tracking":false,"_monsterinsights_sitenote_active":false,"_monsterinsights_sitenote_note":"","_monsterinsights_sitenote_category":0,"spay_email":""},"categories":[75],"tags":[],"jetpack_featured_media_url":"https:\/\/vimagazine.com.br\/wp-content\/uploads\/2022\/10\/IMG_20221020_191447.jpg","_links":{"self":[{"href":"https:\/\/vimagazine.com.br\/index.php?rest_route=\/wp\/v2\/posts\/6674"}],"collection":[{"href":"https:\/\/vimagazine.com.br\/index.php?rest_route=\/wp\/v2\/posts"}],"about":[{"href":"https:\/\/vimagazine.com.br\/index.php?rest_route=\/wp\/v2\/types\/post"}],"author":[{"embeddable":true,"href":"https:\/\/vimagazine.com.br\/index.php?rest_route=\/wp\/v2\/users\/20"}],"replies":[{"embeddable":true,"href":"https:\/\/vimagazine.com.br\/index.php?rest_route=%2Fwp%2Fv2%2Fcomments&post=6674"}],"version-history":[{"count":1,"href":"https:\/\/vimagazine.com.br\/index.php?rest_route=\/wp\/v2\/posts\/6674\/revisions"}],"predecessor-version":[{"id":6700,"href":"https:\/\/vimagazine.com.br\/index.php?rest_route=\/wp\/v2\/posts\/6674\/revisions\/6700"}],"wp:featuredmedia":[{"embeddable":true,"href":"https:\/\/vimagazine.com.br\/index.php?rest_route=\/wp\/v2\/media\/6698"}],"wp:attachment":[{"href":"https:\/\/vimagazine.com.br\/index.php?rest_route=%2Fwp%2Fv2%2Fmedia&parent=6674"}],"wp:term":[{"taxonomy":"category","embeddable":true,"href":"https:\/\/vimagazine.com.br\/index.php?rest_route=%2Fwp%2Fv2%2Fcategories&post=6674"},{"taxonomy":"post_tag","embeddable":true,"href":"https:\/\/vimagazine.com.br\/index.php?rest_route=%2Fwp%2Fv2%2Ftags&post=6674"}],"curies":[{"name":"wp","href":"https:\/\/api.w.org\/{rel}","templated":true}]}}