{"id":6683,"date":"2022-10-21T17:35:16","date_gmt":"2022-10-21T20:35:16","guid":{"rendered":"https:\/\/vimagazine.com.br\/?p=6683"},"modified":"2022-10-21T17:35:22","modified_gmt":"2022-10-21T20:35:22","slug":"heloisa-schurmann-participa-de-roda-da-conversa-na-9a-semana-lixo-zero-havera-transmissao-ao-vivo","status":"publish","type":"post","link":"https:\/\/vimagazine.com.br\/?p=6683","title":{"rendered":"Heloisa Schurmann participa de roda da conversa na 9\u00aa Semana Lixo Zero &#8211; haver\u00e1 transmiss\u00e3o ao vivo"},"content":{"rendered":"\n<p><em>Velejadora fala sobre a iniciativa Voz dos Oceanos, no dia 22; Head de Comunica\u00e7\u00e3o da Fam\u00edlia Schurmann e da Voz dos Oceanos, Alexandre Moreno, participa presencialmente.&nbsp;<\/em><\/p>\n\n\n\n<p><em>Limpeza da Ba\u00eda da Babitonga tamb\u00e9m est\u00e1 programada.<\/em><\/p>\n\n\n\n<p>Todos os anos, cerca de 13 milh\u00f5es de toneladas de material pl\u00e1stico chegam no mar. H\u00e1 quase 40 anos velejando pelo mundo, Heloisa Schurmann assiste de perto esse efeito devastador nos oceanos e luta ativamente para reduzir os danos e conscientizar a popula\u00e7\u00e3o. Neste s\u00e1bado, 22, das 15h \u00e0s 16h30, ela vai compartilhar sua vis\u00e3o e projetos para mudar esta realidade na roda de conversa \u201cVoz dos Oceanos: experi\u00eancias e cuidados com o mar\u201d. O evento ser\u00e1 no Joinville Iate Clube e integra a programa\u00e7\u00e3o da 9\u00aa Semana Lixo Zero Joinville. As inscri\u00e7\u00f5es s\u00e3o gratuitas e podem ser feitas no <a href=\"https:\/\/www.sympla.com.br\/evento\/voz-dos-oceanos-experiencia-e-cuidados-com-o-mar\/1758260\" target=\"_blank\" rel=\"noreferrer noopener\">Sympla<\/a>.<\/p>\n\n\n\n<p>A roda de conversa ser\u00e1 mediada por Arthur Rancatti, membro do Coletivo Joinville Lixo Zero e contar\u00e1 com a presen\u00e7a do Head de Comunica\u00e7\u00e3o da Fam\u00edlia Schurmann e da Voz dos Oceanos, Alexandre Moreno, da Sabrina Eggert, s\u00f3cio-diretora da Oceano Surfwear e embaixadora do projeto Keep The Ocean Blue e Virg\u00ednia Grace de Barros, integrante do Comit\u00ea Babitonga, engenheira sanit\u00e1ria e professora na Universidade do Estado de Santa Catarina (UDESC).&nbsp;<\/p>\n\n\n\n<p><em>\u201cEsse encontro \u00e9 a oportunidade de nos prepararmos para um ver\u00e3o sem lixo em nossas praias.&nbsp; Ele servir\u00e1 para inspirar novas atitudes e cuidados com o mar, com as ba\u00edas, com o estilo de vida que temos em nossas cidades e nossas casas\u201d, <\/em>conta Arthur Rancatti, do Coletivo Joinville Lixo Zero.<\/p>\n\n\n\n<p>Segundo dados do F\u00f3rum Econ\u00f4mico Mundial de Davos (publica\u00e7\u00e3o compartilhada no <a href=\"https:\/\/www.instagram.com\/vozdosoceanos\/\" target=\"_blank\" rel=\"noreferrer noopener\">Instagram Voz dos Oceanos<\/a>), at\u00e9 2025 teremos uma tonelada de pl\u00e1stico para cada 3 toneladas de peixe. Se nada mudar no ritmo de consumo e produ\u00e7\u00e3o desse material, at\u00e9 2050 esse n\u00famero ser\u00e1 superado, havendo mais pl\u00e1stico do que peixes (em peso) nos oceanos!<\/p>\n\n\n\n<figure class=\"wp-block-image size-large\"><img width=\"683\" height=\"1024\" src=\"https:\/\/vimagazine.com.br\/wp-content\/uploads\/2022\/10\/Heloisa-Schurmann-Voice-of-the-Oceans-leader-2-683x1024.jpg\" alt=\"\" class=\"wp-image-6685\" srcset=\"https:\/\/vimagazine.com.br\/wp-content\/uploads\/2022\/10\/Heloisa-Schurmann-Voice-of-the-Oceans-leader-2-683x1024.jpg 683w, https:\/\/vimagazine.com.br\/wp-content\/uploads\/2022\/10\/Heloisa-Schurmann-Voice-of-the-Oceans-leader-2-200x300.jpg 200w, https:\/\/vimagazine.com.br\/wp-content\/uploads\/2022\/10\/Heloisa-Schurmann-Voice-of-the-Oceans-leader-2-768x1152.jpg 768w, https:\/\/vimagazine.com.br\/wp-content\/uploads\/2022\/10\/Heloisa-Schurmann-Voice-of-the-Oceans-leader-2-1024x1536.jpg 1024w, https:\/\/vimagazine.com.br\/wp-content\/uploads\/2022\/10\/Heloisa-Schurmann-Voice-of-the-Oceans-leader-2.jpg 1280w\" sizes=\"(max-width: 683px) 100vw, 683px\" \/><\/figure>\n\n\n\n<p>As vagas s\u00e3o limitadas e as<a href=\"https:\/\/www.sympla.com.br\/evento\/voz-dos-oceanos-experiencia-e-cuidados-com-o-mar\/1758260\" target=\"_blank\" rel=\"noreferrer noopener\"> inscri\u00e7\u00f5es j\u00e1 est\u00e3o abertas<\/a>, de forma gratuita. Haver\u00e1 ainda transmiss\u00e3o on-line no YouTube <a href=\"https:\/\/www.youtube.com\/channel\/UCOZR9s7JLM0lbxhvTRhIgMw\/featured\" target=\"_blank\" rel=\"noreferrer noopener\">da Rastro Sustentabilidade<\/a>. A roda de conversa \u201cVoz dos Oceanos: experi\u00eancias e cuidados com o mar\u201d tem o apoio da Agebem, Avenida Palace Hotel, Joinville Iate Clube, Ocotea Filmes e Oceano. A 9\u00aa Semana Lixo Zero \u00e9 patrocinada pela Ambiental, <a href=\"https:\/\/www.billaglobal.com\/brasil\/pt-br\/\" target=\"_blank\" rel=\"noreferrer noopener\">Billa<\/a> e <a href=\"https:\/\/www.termotecnica.ind.br\/\" target=\"_blank\" rel=\"noreferrer noopener\">Termot\u00e9cnica<\/a>.<\/p>\n\n\n\n<p><strong>Sobre o projeto Voz dos Oceanos &#8211; Fam\u00edlia Schurmann<\/strong><\/p>\n\n\n\n<p>A iniciativa, que ocorre a bordo do veleiro sustent\u00e1vel Kat, tem como objetivo testemunhar e registrar <em>in loco<\/em> o que est\u00e1 acontecendo e como as pessoas est\u00e3o salvando os oceanos. A ideia \u00e9 buscar solu\u00e7\u00f5es inovadoras para mudar o cen\u00e1rio atual e conscientizar a popula\u00e7\u00e3o para a necessidade de a\u00e7\u00f5es urgentes. De agosto de 2021 a novembro de 2023, a tripula\u00e7\u00e3o do projeto passar\u00e1 por cerca de 65 destinos nacionais e internacionais, entre Brasil e Nova Zel\u00e2ndia.&nbsp;<\/p>\n\n\n\n<p><strong>Limpeza da Ba\u00eda da Babitonga<\/strong><\/p>\n\n\n\n<p>A limpeza na Ba\u00eda da Babitonga est\u00e1 marcada para ocorrer tamb\u00e9m neste s\u00e1bado, dia 22, das 13h \u00e0s 14h30, no Joinville Iate Clube. Sob coordena\u00e7\u00e3o do Instituto Comar &#8211; formado por um grupo de bi\u00f3logos que viram a necessidade de reunir esfor\u00e7os n\u00e3o governamentais \u00e0s a\u00e7\u00f5es de uso sustent\u00e1vel dos ecossistemas e da biodiversidade marinha -, qualquer pessoa pode participar do evento.&nbsp; Importante levar bota\/galocha e luvas.<\/p>\n\n\n\n<p>Os participantes poder\u00e3o contribuir fazendo a limpeza no manguezal (\u00e1rea em torno do JIC) e algumas embarca\u00e7\u00f5es, com pessoas experientes para navegar na Ba\u00eda, tamb\u00e9m far\u00e3o parte da a\u00e7\u00e3o.<em> \u201cO objetivo, al\u00e9m de despertar a conscientiza\u00e7\u00e3o, \u00e9 de retirar os res\u00edduos s\u00f3lidos descartados de forma irrespons\u00e1vel pelos seus donos. Depois, eles ser\u00e3o expostos e haver\u00e1 um momento para discutir com os participantes sobre o que pode ser feito para mudarmos essa realidade\u201d,<\/em> completa Johnatas Adelir-Alves, bi\u00f3logo e pesquisador do Instituto Comar.<\/p>\n\n\n\n<p>Quem vai prestigiar a a\u00e7\u00e3o \u00e9 o cano\u00edsta Adelson Carneiro Rodrigues, de 61 anos, idealizador da Expedi\u00e7\u00e3o \u201cOiapoque ao Chu\u00ed com Caiaque Oce\u00e2nico.\u201d&nbsp;<\/p>\n\n\n\n<p><strong>Saiba&nbsp; mais sobre os convidados que participar\u00e3o d a roda de conversa:<\/strong><\/p>\n\n\n\n<p><strong>Alexandre Moreno:<\/strong> head de Comunica\u00e7\u00e3o da Fam\u00edlia Schurmann e da Voz dos Oceanos. Jornalista com mais de 30 anos de atua\u00e7\u00e3o e h\u00e1 10 anos iniciou sua hist\u00f3ria com os velejadores. Em seu extenso curr\u00edculo, j\u00e1 trabalhou como assessor de imprensa de empresas como MercadoLivre.com, Decolar.com, Grupo Abril e institui\u00e7\u00f5es como Funda\u00e7\u00e3o Dorina Nowill para Cegos e Funda\u00e7\u00e3o Maria Cecilia Souto Vidigal.<\/p>\n\n\n\n<p><strong>Arthur Rancatti: <\/strong>s\u00f3cio fundador da Rastro Sustentabilidade e da Reliqua Compostagem, organiza a Semana Lixo Zero desde 2014. \u00c9 signat\u00e1rio do Pacto Global da ONU pelos Objetivos do Desenvolvimento Sustent\u00e1vel, idealizador do Festival Brotar e atualmente \u00e9 coordenador de Seguran\u00e7a Alimentar e Nutricional de Santa Catarina.&nbsp;<\/p>\n\n\n\n<p><strong>Heloisa Schurmann: <\/strong>m\u00e3e da Fam\u00edlia Schurmann, velejadora, palestrante e autora de cinco livros, entre eles, \u201cExpedi\u00e7\u00e3o Oriente \u2013 812 dias de uma volta ao mundo\u201d \u2013 obra mais recente \u2013 e dois best-sellers, incluindo \u201cPequeno Segredo\u201d, lan\u00e7ado na It\u00e1lia e no Brasil. Cursou ingl\u00eas na New York University e se especializou em Pedagogia. Durante a expedi\u00e7\u00e3o Magalh\u00e3es Global Adventure, desenvolveu o Programa Pedag\u00f3gico Educa\u00e7\u00e3o na Aventura, acompanhado por mais de 2 milh\u00f5es de alunos no Brasil e nos Estados Unidos. \u00c9 defensora da campanha #MaresLimpos do Programa da ONU pelo Meio Ambiente, que apoia mundialmente a atual expedi\u00e7\u00e3o Voz dos Oceanos, do qual \u00e9 l\u00edder.<\/p>\n\n\n\n<p><strong>Sabrina Eggert: <\/strong>s\u00f3cio-diretora da Oceano Surfwear e embaixadora do projeto Keep The Ocean Blue.<\/p>\n\n\n\n<p>\u00c9 bacharel em moda e p\u00f3s-graduada em administra\u00e7\u00e3o de empresas e lideran\u00e7a.&nbsp; Possui mais de 16 anos de atua\u00e7\u00e3o no ramo t\u00eaxtil em empresa familiar, viv\u00eancia em varejo, e-commerce, marketing e gest\u00e3o de pessoas.<\/p>\n\n\n\n<p><strong>Virg\u00ednia Grace Barros: <\/strong>integrante do Comit\u00ea babitonga,<strong> <\/strong>engenheira sanit\u00e1ria, mestre em engenharia ambiental e possui doutorado em ci\u00eancias ambientais. Atualmente \u00e9 professora na Universidade do Estado de Santa Catarina, membro do Grupo Coordenado em Gest\u00e3o de Riscos e Desastres\u00a0 (CEPED) e atua com consultoria na \u00e1rea ambiental.<\/p>\n\n\n\n<figure class=\"wp-block-image size-large\"><img width=\"1024\" height=\"576\" src=\"https:\/\/vimagazine.com.br\/wp-content\/uploads\/2022\/10\/Heloisa-Schurmann-Voice-of-the-Oceans-leader-5-1024x576.jpg\" alt=\"\" class=\"wp-image-6686\" srcset=\"https:\/\/vimagazine.com.br\/wp-content\/uploads\/2022\/10\/Heloisa-Schurmann-Voice-of-the-Oceans-leader-5-1024x576.jpg 1024w, https:\/\/vimagazine.com.br\/wp-content\/uploads\/2022\/10\/Heloisa-Schurmann-Voice-of-the-Oceans-leader-5-300x169.jpg 300w, https:\/\/vimagazine.com.br\/wp-content\/uploads\/2022\/10\/Heloisa-Schurmann-Voice-of-the-Oceans-leader-5-768x432.jpg 768w, https:\/\/vimagazine.com.br\/wp-content\/uploads\/2022\/10\/Heloisa-Schurmann-Voice-of-the-Oceans-leader-5-1536x864.jpg 1536w, https:\/\/vimagazine.com.br\/wp-content\/uploads\/2022\/10\/Heloisa-Schurmann-Voice-of-the-Oceans-leader-5.jpg 1920w\" sizes=\"(max-width: 1024px) 100vw, 1024px\" \/><\/figure>\n\n\n\n<p><strong>SERVI\u00c7O<\/strong><strong><br><\/strong><strong>Limpeza na Ba\u00eda da Babitonga<\/strong><strong><br><\/strong><strong>Quando: <\/strong>22\/10 das 13h \u00e0s 14h30<strong><br><\/strong><strong>Onde: <\/strong>Joinville Iate Clube | Rua Prefeito Baltazar Buschle, 2850, Espinheiros, Joinville (SC).<\/p>\n\n\n\n<p>S\u00f3 chegar!<br><\/p>\n\n\n\n<p><strong>Roda de Conversa Voz dos Oceanos: experi\u00eancias e cuidados com o mar<\/strong><\/p>\n\n\n\n<p><strong>Quando:<\/strong> 22\/10 das 15h \u00e0s 16h30<\/p>\n\n\n\n<p><strong>Onde: <\/strong>Joinville Iate Clube | Rua Prefeito Baltazar Buschle, 2850, Espinheiros, Joinville (SC).<br><strong>Inscri\u00e7\u00f5es gratuitas atrav\u00e9s da plataforma Sympla: <\/strong><a href=\"https:\/\/bit.ly\/3yS28Bl\" target=\"_blank\" rel=\"noreferrer noopener\">https:\/\/bit.ly\/3yS28Bl<\/a>&nbsp;<\/p>\n\n\n\n<p><strong>Vagas limitadas.<\/strong><\/p>\n\n\n\n<p><strong>Assessoria de Comunica\u00e7\u00e3o<\/strong><br>Tai Rodrigues<\/p>\n","protected":false},"excerpt":{"rendered":"<p>Velejadora fala sobre a iniciativa Voz dos Oceanos, no dia 22; Head de Comunica\u00e7\u00e3o da&#8230;<\/p>\n","protected":false},"author":3,"featured_media":6684,"comment_status":"closed","ping_status":"open","sticky":false,"template":"","format":"standard","meta":{"om_disable_all_campaigns":false,"_monsterinsights_skip_tracking":false,"_monsterinsights_sitenote_active":false,"_monsterinsights_sitenote_note":"","_monsterinsights_sitenote_category":0,"spay_email":""},"categories":[1],"tags":[],"jetpack_featured_media_url":"https:\/\/vimagazine.com.br\/wp-content\/uploads\/2022\/10\/Heloisa-Schurmann-in-front-of-a-garbage-dump-at-one-of-the-stops-on-the-Voice-of-the-Oceans-expedition-e1666384336110.jpg","_links":{"self":[{"href":"https:\/\/vimagazine.com.br\/index.php?rest_route=\/wp\/v2\/posts\/6683"}],"collection":[{"href":"https:\/\/vimagazine.com.br\/index.php?rest_route=\/wp\/v2\/posts"}],"about":[{"href":"https:\/\/vimagazine.com.br\/index.php?rest_route=\/wp\/v2\/types\/post"}],"author":[{"embeddable":true,"href":"https:\/\/vimagazine.com.br\/index.php?rest_route=\/wp\/v2\/users\/3"}],"replies":[{"embeddable":true,"href":"https:\/\/vimagazine.com.br\/index.php?rest_route=%2Fwp%2Fv2%2Fcomments&post=6683"}],"version-history":[{"count":1,"href":"https:\/\/vimagazine.com.br\/index.php?rest_route=\/wp\/v2\/posts\/6683\/revisions"}],"predecessor-version":[{"id":6687,"href":"https:\/\/vimagazine.com.br\/index.php?rest_route=\/wp\/v2\/posts\/6683\/revisions\/6687"}],"wp:featuredmedia":[{"embeddable":true,"href":"https:\/\/vimagazine.com.br\/index.php?rest_route=\/wp\/v2\/media\/6684"}],"wp:attachment":[{"href":"https:\/\/vimagazine.com.br\/index.php?rest_route=%2Fwp%2Fv2%2Fmedia&parent=6683"}],"wp:term":[{"taxonomy":"category","embeddable":true,"href":"https:\/\/vimagazine.com.br\/index.php?rest_route=%2Fwp%2Fv2%2Fcategories&post=6683"},{"taxonomy":"post_tag","embeddable":true,"href":"https:\/\/vimagazine.com.br\/index.php?rest_route=%2Fwp%2Fv2%2Ftags&post=6683"}],"curies":[{"name":"wp","href":"https:\/\/api.w.org\/{rel}","templated":true}]}}