{"id":6706,"date":"2022-10-21T18:06:28","date_gmt":"2022-10-21T21:06:28","guid":{"rendered":"https:\/\/vimagazine.com.br\/?p=6706"},"modified":"2022-10-21T18:06:33","modified_gmt":"2022-10-21T21:06:33","slug":"amigo-e-pra-essas-coisas-mpb4-apresenta-se-no-blue-note-sp-no-proximo-dia-22-sabado-em-duas-sessoes","status":"publish","type":"post","link":"https:\/\/vimagazine.com.br\/?p=6706","title":{"rendered":"AMIGO \u00c9 PRA ESSAS COISAS- MPB4 APRESENTA-SE NO BLUE NOTE SP, NO PR\u00d3XIMO DIA 22, S\u00c1BADO EM DUAS SESS\u00d5ES"},"content":{"rendered":"\n<p><strong><em>MPB4 APRESENTA-SE NO BLUE NOTE SP, NO PR\u00d3XIMO S\u00c1BADO\u00a0EM DUAS SESS\u00d5ES<\/em><\/strong><\/p>\n\n\n\n<p>\u00c9 sempre bom lembrar que \u201co apre\u00e7o n\u00e3o tem pre\u00e7o\u201d. Com mais de 50 anos na estrada, o MPB4 sabe bem disso e, portanto, vem tratando de estreitar la\u00e7o de cumplicidade com seu p\u00fablico. Desta vez, \u00e9 o p\u00fablico de S\u00e3o Paulo que recebe o grupo neste s\u00e1bado, no Blue Note&nbsp;em dois hor\u00e1rios, \u00e0s 20h e 22h30. \u201cAmigo \u00e9 pra essas coisas\u201d \u00e9 um show do tipo em que a gente sente que sentou num bar para bater papo com um antigo companheiro de lutas e risadas. \u00c9 conversando \u2013 e cantando \u2013 que amigos se entendem, n\u00e3o \u00e9 mesmo? Que o digam&nbsp;Aquiles Reis (voz), Miltinho (voz e viol\u00e3o), Dalmo Medeiros (voz e viola) e Paulo Malaguti Pauleira (voz e teclado).<\/p>\n\n\n\n<p>O&nbsp;repert\u00f3rio do show reflete o momento atual, em que \u00e9 preciso refletir, resistir e lutar, mas sem perder a ternura, nem o compasso jamais.&nbsp; Gra\u00e7as \u00e0 afinidade com seu tempo e seu p\u00fablico ao longo de d\u00e9cadas, o MPB4 sabe tocar cora\u00e7\u00f5es e mentes. Com certeza, vai fazer a plateia cantar sucessos como \u201cRoda viva\u201d (Chico Buarque), \u201cA lua\u201d (Renato Rocha), \u201cVira virou\u201d (Kleiton Ramil) e, claro, a can\u00e7\u00e3o que d\u00e1 t\u00edtulo ao show: \u201cAmigo \u00e9 pra essas coisas\u201d (Aldir Blanc \/ Silvio Silva Junior).<\/p>\n\n\n\n<p>Mas amigos nem sempre se encontram no bar ou no palco. \u00c0s vezes, se esbarram no tr\u00e2nsito e trocam palavras ao mesmo tempo breves e profundas, como na letra de \u201cSinal fechado\u201d (Paulinho da Viola), m\u00fasica&nbsp;que o MPB4 cantava nos anos 1970, ficou muito tempo sem cantar e voltou a cantar este ano. Fazia parte do show \u201cRua Rep\u00fablica do Peru\u201d, de 1974. O nome original do espet\u00e1culo era \u201cRep\u00fablica do Peru\u201d, mas foi censurado. \u201cSinal fechado\u201d nunca foi gravada pelo MPB4. Ela at\u00e9 foi lan\u00e7ada no box do Marcelo Froes com grava\u00e7\u00f5es de shows da d\u00e9cada de 1970, mas em disco de carreira nunca. E \u00e9 um dueto Aquiles e Dalmo.<\/p>\n\n\n\n<p>Outra can\u00e7\u00e3o tamb\u00e9m daquela \u00e9poca, que ficou muito tempo de lado e que agora tamb\u00e9m est\u00e1 no roteiro do show no Blue Note \u00e9 \u201cGota d\u2019\u00e1gua\u201d (Chico Buarque). E ainda tem muito mais, como as&nbsp;can\u00e7\u00f5es de shows mais recentes: \u201cBeco do Mota\u201d (Milton Nascimento e Fernando Brant), &#8220;Samba do avi\u00e3o&#8221; (Tom Jobim), &#8220;Regra tr\u00eas&#8221; e &#8220;O bem amado&#8221; (Toquinho e Vinicius de Moraes).<\/p>\n\n\n\n<p>Se j\u00e1 est\u00e1 mais do que na hora de \u201cdesinventar\u201d a tristeza, o show do MPB4 dar\u00e1 sua contribui\u00e7\u00e3o. A arte e a cultura t\u00eam esse poder.<\/p>\n\n\n\n<p><strong>Servi\u00e7o<\/strong><\/p>\n\n\n\n<p><strong>Servi\u00e7o:<\/strong>&nbsp;MPB4 em \u201cAmigo \u00e9 pra essas coisas\u201d<\/p>\n\n\n\n<p><strong>Local<\/strong>: Blue Note S\u00e3o Paulo&nbsp;&nbsp;&nbsp;&nbsp;<\/p>\n\n\n\n<p><strong>Endere\u00e7o<\/strong>: Conjunto Nacional \u2013 Av. Paulista, 2073 (2\u00b0 andar)&nbsp;&nbsp;&nbsp;&nbsp;<\/p>\n\n\n\n<p><strong>Data<\/strong>: 22 de outubro (s\u00e1bado)&nbsp;&nbsp;&nbsp;&nbsp;<\/p>\n\n\n\n<p><strong>Hor\u00e1rio<\/strong>: &nbsp;Duas sess\u00f5es: &#8211; \u00e0s 20h e \u00e0s 22h30&nbsp;&nbsp;<\/p>\n\n\n\n<p><strong>Abertura da casa<\/strong>: 19h&nbsp;&nbsp;&nbsp;&nbsp;<\/p>\n\n\n\n<p><strong>Informa\u00e7\u00f5es:<\/strong>&nbsp;<a href=\"https:\/\/bluenotesp.com\/\" target=\"_blank\" rel=\"noreferrer noopener\">https:\/\/bluenotesp.com\/<\/a>&nbsp;&nbsp;&nbsp;<\/p>\n\n\n\n<p><strong>Ingressos online:<\/strong>&nbsp;<a href=\"https:\/\/www.eventim.com.br\/\" target=\"_blank\" rel=\"noreferrer noopener\">https:\/\/www.eventim.com.br<\/a>&nbsp;&nbsp;&nbsp;&nbsp;&nbsp;<\/p>\n\n\n\n<p><strong>Valor:&nbsp;<\/strong>Setor \u00fanico<strong>&nbsp;&#8211;&nbsp;<\/strong>R$120&nbsp;&nbsp;&nbsp;<\/p>\n\n\n\n<p><strong>Hor\u00e1rio de Funcionamento Bilheteria oficial Blue Note S\u00e3o Paulo:&nbsp;<\/strong>&nbsp;&nbsp;&nbsp;&nbsp;&nbsp;<\/p>\n\n\n\n<p><strong>Central de vendas:<\/strong>&nbsp;(11) 945451511 (sem taxa de conveni\u00eancia)&nbsp;&nbsp;&nbsp;&nbsp;<\/p>\n\n\n\n<p><strong>De segunda \u00e0 s\u00e1bado<\/strong>&nbsp;das 9h \u00e0s 20h30&nbsp;&nbsp;&nbsp;&nbsp;<\/p>\n\n\n\n<p><strong>Domingos e feriados&nbsp;<\/strong>das 12h \u00e0s 17h&nbsp;<\/p>\n\n\n\n<p>Classifica\u00e7\u00e3o et\u00e1ria: 18 anos<\/p>\n\n\n\n<p><\/p>\n\n\n\n<p>Assessoria Sheila Gomes <\/p>\n","protected":false},"excerpt":{"rendered":"<p>MPB4 APRESENTA-SE NO BLUE NOTE SP, NO PR\u00d3XIMO S\u00c1BADO\u00a0EM DUAS SESS\u00d5ES \u00c9 sempre bom lembrar&#8230;<\/p>\n","protected":false},"author":3,"featured_media":6707,"comment_status":"closed","ping_status":"open","sticky":false,"template":"","format":"standard","meta":{"om_disable_all_campaigns":false,"_monsterinsights_skip_tracking":false,"_monsterinsights_sitenote_active":false,"_monsterinsights_sitenote_note":"","_monsterinsights_sitenote_category":0,"spay_email":""},"categories":[1],"tags":[],"jetpack_featured_media_url":"https:\/\/vimagazine.com.br\/wp-content\/uploads\/2022\/10\/musico.jpg","_links":{"self":[{"href":"https:\/\/vimagazine.com.br\/index.php?rest_route=\/wp\/v2\/posts\/6706"}],"collection":[{"href":"https:\/\/vimagazine.com.br\/index.php?rest_route=\/wp\/v2\/posts"}],"about":[{"href":"https:\/\/vimagazine.com.br\/index.php?rest_route=\/wp\/v2\/types\/post"}],"author":[{"embeddable":true,"href":"https:\/\/vimagazine.com.br\/index.php?rest_route=\/wp\/v2\/users\/3"}],"replies":[{"embeddable":true,"href":"https:\/\/vimagazine.com.br\/index.php?rest_route=%2Fwp%2Fv2%2Fcomments&post=6706"}],"version-history":[{"count":1,"href":"https:\/\/vimagazine.com.br\/index.php?rest_route=\/wp\/v2\/posts\/6706\/revisions"}],"predecessor-version":[{"id":6708,"href":"https:\/\/vimagazine.com.br\/index.php?rest_route=\/wp\/v2\/posts\/6706\/revisions\/6708"}],"wp:featuredmedia":[{"embeddable":true,"href":"https:\/\/vimagazine.com.br\/index.php?rest_route=\/wp\/v2\/media\/6707"}],"wp:attachment":[{"href":"https:\/\/vimagazine.com.br\/index.php?rest_route=%2Fwp%2Fv2%2Fmedia&parent=6706"}],"wp:term":[{"taxonomy":"category","embeddable":true,"href":"https:\/\/vimagazine.com.br\/index.php?rest_route=%2Fwp%2Fv2%2Fcategories&post=6706"},{"taxonomy":"post_tag","embeddable":true,"href":"https:\/\/vimagazine.com.br\/index.php?rest_route=%2Fwp%2Fv2%2Ftags&post=6706"}],"curies":[{"name":"wp","href":"https:\/\/api.w.org\/{rel}","templated":true}]}}