{"id":6709,"date":"2022-10-21T18:13:00","date_gmt":"2022-10-21T21:13:00","guid":{"rendered":"https:\/\/vimagazine.com.br\/?p=6709"},"modified":"2022-10-21T18:13:07","modified_gmt":"2022-10-21T21:13:07","slug":"tum-festival-rodadas-de-negocios-vao-unir-artistas-e-representantes-do-mercado-da-musica","status":"publish","type":"post","link":"https:\/\/vimagazine.com.br\/?p=6709","title":{"rendered":"TUM Festival: rodadas de neg\u00f3cios v\u00e3o unir artistas e representantes do mercado da m\u00fasica"},"content":{"rendered":"\n<p><em>Bandas e m\u00fasicos de todo o pa\u00eds podem participar de evento que ocorre entre os dias 10 a 15 de novembro em Florian\u00f3polis<\/em><\/p>\n\n\n\n<p>O TUM Festival, mais importante encontro de m\u00fasica, neg\u00f3cios, economia criativa e sustentabilidade de Santa Catarina, ter\u00e1 um espa\u00e7o para facilitar o contato de novos talentos com produtores de shows e festivais e profissionais da ind\u00fastria da m\u00fasica. As inscri\u00e7\u00f5es para as rodadas de neg\u00f3cios TUM Festival\/Sebrae SC s\u00e3o gratuitas e podem ser feitas at\u00e9 o dia 30 de outubro <a href=\"https:\/\/docs.google.com\/forms\/d\/e\/1FAIpQLSdWLNAPqnJyidv47B1svnAbS5jkdTpdbk3s5DNJmW0K5_qb7A\/viewform\" target=\"_blank\" rel=\"noreferrer noopener\">preenchendo formul\u00e1rio<\/a> dispon\u00edvel nas redes do TUM. A quinta edi\u00e7\u00e3o do festival ser\u00e1 entre os dias 10 a 15 de novembro, em Florian\u00f3polis, no CIC (Centro Integrado de Cultura).<\/p>\n\n\n\n<p>As rodadas de neg\u00f3cios v\u00e3o colocar frente a frente 21 empreendedores musicais de todo o Pa\u00eds e 20 representantes dos principais festivais, casas de shows, produtoras, feiras e funda\u00e7\u00f5es de m\u00fasica do Pa\u00eds. Esses profissionais &#8211; \u201ccompradores\u201d &#8211; v\u00e3o discutir oportunidades, projetos e fechar neg\u00f3cios como turn\u00eas, agendas para shows e convites para festivais.&nbsp;<\/p>\n\n\n\n<p>Essas rodadas ocorrer\u00e3o no dia 14 de novembro, das 14 \u00e0s 17h30, em um formato din\u00e2mico e que exigir\u00e1 dos participantes um bom preparo, capacidade de s\u00edntese e disposi\u00e7\u00e3o.<\/p>\n\n\n\n<p>Uma vez nas rodadas, os participantes enfrentar\u00e3o uma verdadeira maratona, com todos reunidos em um mesmo ambiente. Eles ser\u00e3o atendidos individualmente por um tempo limitado de 10 minutos, o que exige aten\u00e7\u00e3o \u00e0 gest\u00e3o do tempo, \u00e0 proposta de valor, o produto (show, \u00e1lbum, ferramenta, etc), mercado, diferencial e est\u00e1gio atual do trabalho.<\/p>\n\n\n\n<p>Ivanna Tolotti, idealizadora e produtora do TUM, \u00e9 convidada ass\u00eddua para rodadas de neg\u00f3cios em feiras e festivais de m\u00fasica do pa\u00eds e do exterior e compartilha a experi\u00eancia promovendo workshops de divulga\u00e7\u00e3o e prepara\u00e7\u00e3o para esses encontros. Florian\u00f3polis, Joinville, Itaja\u00ed e Lages j\u00e1 receberam as oficinas.<\/p>\n\n\n\n<p>A cada encontro, a produtora pontua uma s\u00e9rie de dicas \u00e0s quais os participantes devem se ater para antes e depois das rodadas. Entre elas, Ivanna destaca que \u00e9 importante que os participantes conhe\u00e7am o curr\u00edculo do comprador, pesquisem sobre a biografia, \u00e1rea de atua\u00e7\u00e3o e identifiquem aptid\u00f5es e potencial rede de contatos. Outra dica fundamental \u00e9 dispor de press kit com release, CD ou MP3 e portf\u00f3lio, al\u00e9m de apresentar dados sobre a presen\u00e7a digital e, principalmente, alcance de base de f\u00e3s e de relacionamentos em redes sociais.<\/p>\n\n\n\n<p>\u201cUse o tempo com sabedoria. Ao se apresentar logo no in\u00edcio, tenha em m\u00e3os um arquivo digital para demonstrar para o comprador a sua m\u00fasica, caso haja algum problema de conex\u00e3o de internet no local. Pode ser uma m\u00fasica de trabalho, preferencialmente em v\u00eddeo de uma performance ao vivo e com capta\u00e7\u00e3o de qualidade. Se for um videoclipe ou \u00e1udio bem gravados, tamb\u00e9m vale, mas \u00e9 preciso lembrar que a pessoa do outro lado da mesa est\u00e1 interessada em show e na performance do artista ou da banda ao vivo no palco\u201d, refor\u00e7a a produtora.<\/p>\n\n\n\n<p>A rela\u00e7\u00e3o de convidados das rodadas de neg\u00f3cios do TUM Festival\/Sebrae SC inclui a participa\u00e7\u00e3o de Melina Delfino (Exib M\u00fasica, Portugal), Luciano Casas (Festival Santa F\u00e9 Capital de La M\u00fasica, Argentina), Eli Moura (Iduna Produ\u00e7\u00f5es, DF), Carlos Badia (POA JAZZ, RS), Marcelo Fruet (FRUET MUSIC, RS),&nbsp;Barral Lima (UN Music e Festival Marte, MG), Paulo Andr\u00e9 (Festival Abril Pro Rock, PE), Claudia Assef (WME Womens Music Event, SP), Em\u00edlio Monteiro (Festival Revirada, SC), T\u00e9o Ruiz (FIMS, RS), Estrela Leminski&nbsp; (FIMS, PR), William Mendon\u00e7a (Festival Noites Brasileiras e Festival Ecl\u00e9ticos, RE), Joilson Santos (Feira Noise, BA), Gustavo Vasconcellos (Pr\u00eamio Profissionais da M\u00fasica, DF), Soraia Ferreira (Funda\u00e7\u00e3o de Cultura, MS) e Vitor Maia (Funda\u00e7\u00e3o de Cultura, MS).<\/p>\n\n\n\n<p>\u201cAs rodadas representam um atalho e tanto para se concretizar neg\u00f3cios e fazer a sua carreira musical decolar. Imagine que no intervalo de tr\u00eas horas voc\u00ea estar\u00e1 tratando pessoalmente com&nbsp; festivais de Santa Catarina, Rio Grande do Sul, Paran\u00e1, S\u00e3o Paulo, Rio de Janeiro, Esp\u00edrito Santo, Minas Gerais, Pernambuco, Recife, Distrito Federal, Portugal e Argentina, al\u00e9m de representantes de plataformas, ag\u00eancias e produtoras. Em outra situa\u00e7\u00e3o, contatar a todos \u00e0 dist\u00e2ncia (por telefone, e-mail, redes sociais e correspond\u00eancia f\u00edsica) te custaria pelo menos um ano, sem contar com o contato pessoal que potencializa em muito as suas chances de concretizar neg\u00f3cios\u201d, destaca Ivanna Tolotti.<\/p>\n\n\n\n<p>Para participar das rodadas de neg\u00f3cios, artistas e bandas devem ter 70% de presen\u00e7a na programa\u00e7\u00e3o e capacita\u00e7\u00f5es da Confer\u00eancia TUM, podendo ser um representante por artista ou banda ou toda a banda. O artista ou banda que tiver 100% de presen\u00e7a concorrer\u00e1 a uma bolsa de estudos integral do Curso de M\u00fasica e-Neg\u00f3cios da PUC\/RJ, que come\u00e7ar\u00e1 em janeiro de 2023.&nbsp;<\/p>\n\n\n\n<p><strong>Sobre o TUM Festival 2022<\/strong><\/p>\n\n\n\n<p>Com o mote \u201cEscute o seu cora\u00e7\u00e3o\u201d, a quinta edi\u00e7\u00e3o do TUM Festival, mais importante festival e confer\u00eancia de m\u00fasica, neg\u00f3cios e economia criativa de Santa Catarina, vai reunir artistas e profissionais do mercado em uma celebra\u00e7\u00e3o da arte e da resist\u00eancia cultural.&nbsp;<\/p>\n\n\n\n<p>A programa\u00e7\u00e3o inclui, al\u00e9m das rodadas de neg\u00f3cios, palestras, pain\u00e9is, debates e workshops gratuitos e shows.&nbsp;<\/p>\n\n\n\n<p>Est\u00e3o confirmados os shows de Jo\u00e3o Bosco, de Mart&#8217;n\u00e1lia junto com a Camerata Florian\u00f3polis, Pato Fu, da cantora francesa Camille Bertaut, do m\u00fasico brit\u00e2nico Zalon Thompson, al\u00e9m de showcases com artistas independentes selecionados. Os ingressos para as apresenta\u00e7\u00f5es est\u00e3o \u00e0 venda no site <a href=\"http:\/\/blueticket.com.br\/\" target=\"_blank\" rel=\"noreferrer noopener\">blueticket.com.br<\/a>.<\/p>\n\n\n\n<p>A quinta edi\u00e7\u00e3o do TUM Festival tem o apoio institucional da Funda\u00e7\u00e3o Catarinense de Cultura, do Estado de Santa Catarina, Udesc (Universidade do Estado de Santa Catarina),\u00a0 do Centro de Artes (Ceart), Instituto Trama \u00c9tica e do projeto Cultura Circular, atrav\u00e9s do British Council e Oi Futuro. O evento tem patroc\u00ednio da Prefeitura Municipal de Florian\u00f3polis atrav\u00e9s da Lei de Incentivo \u00e0 Cultura e Funda\u00e7\u00e3o Franklin Cascaes e\u00a0 ainda apoio cultural da Ibagy, Floripa Airport e Sebrae, al\u00e9m de ter a Uni\u00e3o Brasileira de Compositores (UBC), M\u00fasica e Neg\u00f3cios(PUC\/RJ) e MCT(M\u00fasica, Copyright e Tecnologia) como parceiros musicais. Realiza\u00e7\u00e3o da Tum Cult e Ivanna Tolotti. Mais informa\u00e7\u00f5es nas redes @tumcult e no site <a href=\"http:\/\/www.tumcult.com.br\/\" target=\"_blank\" rel=\"noreferrer noopener\">www.tumcult.com.br<\/a>.**<br><br><br><strong>Guilherme Simon <\/strong><\/p>\n","protected":false},"excerpt":{"rendered":"<p>Bandas e m\u00fasicos de todo o pa\u00eds podem participar de evento que ocorre entre os&#8230;<\/p>\n","protected":false},"author":3,"featured_media":6710,"comment_status":"closed","ping_status":"open","sticky":false,"template":"","format":"standard","meta":{"om_disable_all_campaigns":false,"_monsterinsights_skip_tracking":false,"_monsterinsights_sitenote_active":false,"_monsterinsights_sitenote_note":"","_monsterinsights_sitenote_category":0,"spay_email":""},"categories":[1],"tags":[],"jetpack_featured_media_url":"https:\/\/vimagazine.com.br\/wp-content\/uploads\/2022\/10\/TUM-Festival_Divulgacao-e1666386674718.jpg","_links":{"self":[{"href":"https:\/\/vimagazine.com.br\/index.php?rest_route=\/wp\/v2\/posts\/6709"}],"collection":[{"href":"https:\/\/vimagazine.com.br\/index.php?rest_route=\/wp\/v2\/posts"}],"about":[{"href":"https:\/\/vimagazine.com.br\/index.php?rest_route=\/wp\/v2\/types\/post"}],"author":[{"embeddable":true,"href":"https:\/\/vimagazine.com.br\/index.php?rest_route=\/wp\/v2\/users\/3"}],"replies":[{"embeddable":true,"href":"https:\/\/vimagazine.com.br\/index.php?rest_route=%2Fwp%2Fv2%2Fcomments&post=6709"}],"version-history":[{"count":1,"href":"https:\/\/vimagazine.com.br\/index.php?rest_route=\/wp\/v2\/posts\/6709\/revisions"}],"predecessor-version":[{"id":6711,"href":"https:\/\/vimagazine.com.br\/index.php?rest_route=\/wp\/v2\/posts\/6709\/revisions\/6711"}],"wp:featuredmedia":[{"embeddable":true,"href":"https:\/\/vimagazine.com.br\/index.php?rest_route=\/wp\/v2\/media\/6710"}],"wp:attachment":[{"href":"https:\/\/vimagazine.com.br\/index.php?rest_route=%2Fwp%2Fv2%2Fmedia&parent=6709"}],"wp:term":[{"taxonomy":"category","embeddable":true,"href":"https:\/\/vimagazine.com.br\/index.php?rest_route=%2Fwp%2Fv2%2Fcategories&post=6709"},{"taxonomy":"post_tag","embeddable":true,"href":"https:\/\/vimagazine.com.br\/index.php?rest_route=%2Fwp%2Fv2%2Ftags&post=6709"}],"curies":[{"name":"wp","href":"https:\/\/api.w.org\/{rel}","templated":true}]}}