{"id":6722,"date":"2022-10-21T18:32:16","date_gmt":"2022-10-21T21:32:16","guid":{"rendered":"https:\/\/vimagazine.com.br\/?p=6722"},"modified":"2022-10-21T18:35:20","modified_gmt":"2022-10-21T21:35:20","slug":"startup-weekend-fashion-tech-54-horas-de-imersao-para-criar-startups-de-moda-beleza-e-tecnologia","status":"publish","type":"post","link":"https:\/\/vimagazine.com.br\/?p=6722","title":{"rendered":"Startup Weekend Fashion Tech: 54 horas de imers\u00e3o para criar startups de moda, beleza e tecnologia"},"content":{"rendered":"\n<p><em>vento inicia nesta sexta-feira, \u00e0s 19h30 e vai at\u00e9 domingo no Garten Shopping<\/em><\/p>\n\n\n\n<p>Pela primeira vez na regi\u00e3o sul do Brasil, o maior programa global de empreendedorismo &#8211; o Startup Weekend Fashion Tech (SWFT) come\u00e7a nesta sexta-feira, dia 21. A abertura est\u00e1 marcada para \u00e0s 19h30, na pra\u00e7a de eventos do Garten Shopping. O evento que j\u00e1 impactou de forma positiva o ecossistema de empreendedorismo e startups de Santa Catarina chega para quem quer \u201cpensar fora da caixa\u201d. Segundo os organizadores, n\u00e3o \u00e9 preciso ter muita experi\u00eancia para participar,&nbsp; basta vontade para sair com uma ideia de neg\u00f3cio.<\/p>\n\n\n\n<p>Ser\u00e3o 54 horas de imers\u00e3o onde empreendedores, desenvolvedores, designers e entusiastas v\u00e3o unir for\u00e7as, compartilhar ideias, formar equipes e criar startups para as \u00e1reas de moda, beleza e tecnologia. At\u00e9 domingo, ser\u00e1 compartilhado conhecimento por meio de mentores e facilitadores que v\u00eam de v\u00e1rios locais do pa\u00eds, para que os participantes criem suas startups com coopera\u00e7\u00e3o e monetiza\u00e7\u00e3o, sempre com inova\u00e7\u00e3o, criatividade e seguindo um plano de neg\u00f3cios. Na programa\u00e7\u00e3o est\u00e3o inclu\u00eddas tamb\u00e9m mentorias nas \u00e1reas de design, desenvolvimento e neg\u00f3cios e tamb\u00e9m de networking. Tudo poder\u00e1 ser acompanhado pelo p\u00fablico j\u00e1 que as equipes estar\u00e3o na pra\u00e7a de eventos, na pra\u00e7a de alimenta\u00e7\u00e3o e pelo mall do Garten Shopping.&nbsp;<\/p>\n\n\n\n<p>Na abertura do evento nesta sexta-feira, os participantes do SWFT v\u00e3o entender a din\u00e2mica da competi\u00e7\u00e3o e formar as equipes. No s\u00e1bado, a partir das 8 horas eles retornam ao Garten Shopping para iniciarem os trabalhos com os mentores, o Workshop de valida\u00e7\u00e3o inicia \u00e0s 9h30. Durante todo o dia, v\u00e3o realizar entrevistas com o p\u00fablico e com lojistas para entenderem as necessidades de quem trabalha com moda, beleza e tecnologia. \u00c0 tarde, passam pelo workshop de MPV (M\u00ednimo Produto Vi\u00e1vel), onde v\u00e3o aprimorar o conhecimento para gerar resultados. Os trabalhos seguem at\u00e9 \u00e0s 22h30. No domingo, o SW Fashion Tech retorna \u00e0s 8h para apresenta\u00e7\u00e3o de ideias das startups e pitchs e a tarde, a partir das 17h30, iniciam as apresenta\u00e7\u00f5es para os jurados.&nbsp;<\/p>\n\n\n\n<p>O encerramento est\u00e1 previsto para \u00e0s 22h. A metodologia Startup Weekend j\u00e1 foi aplicada em 150 pa\u00edses e realizada em grandes capitais da moda como Paris, Mil\u00e3o, Nova York e Londres.&nbsp;<\/p>\n\n\n\n<p><strong>Fabiana Azevedo<\/strong><\/p>\n\n\n\n<p>Assessoria de Imprensa<\/p>\n\n\n\n<p>Primeira Via Comunica\u00e7\u00e3o<\/p>\n\n\n\n<figure class=\"wp-block-image size-large\"><img width=\"1024\" height=\"1024\" src=\"https:\/\/vimagazine.com.br\/wp-content\/uploads\/2022\/10\/SW-Jlle-1024x1024.jpg\" alt=\"\" class=\"wp-image-6725\" srcset=\"https:\/\/vimagazine.com.br\/wp-content\/uploads\/2022\/10\/SW-Jlle-1024x1024.jpg 1024w, https:\/\/vimagazine.com.br\/wp-content\/uploads\/2022\/10\/SW-Jlle-300x300.jpg 300w, https:\/\/vimagazine.com.br\/wp-content\/uploads\/2022\/10\/SW-Jlle-150x150.jpg 150w, https:\/\/vimagazine.com.br\/wp-content\/uploads\/2022\/10\/SW-Jlle-768x768.jpg 768w, https:\/\/vimagazine.com.br\/wp-content\/uploads\/2022\/10\/SW-Jlle.jpg 1081w\" sizes=\"(max-width: 1024px) 100vw, 1024px\" \/><\/figure>\n","protected":false},"excerpt":{"rendered":"<p>vento inicia nesta sexta-feira, \u00e0s 19h30 e vai at\u00e9 domingo no Garten Shopping Pela primeira&#8230;<\/p>\n","protected":false},"author":3,"featured_media":6723,"comment_status":"closed","ping_status":"open","sticky":false,"template":"","format":"standard","meta":{"om_disable_all_campaigns":false,"_monsterinsights_skip_tracking":false,"_monsterinsights_sitenote_active":false,"_monsterinsights_sitenote_note":"","_monsterinsights_sitenote_category":0,"spay_email":""},"categories":[1],"tags":[],"jetpack_featured_media_url":"https:\/\/vimagazine.com.br\/wp-content\/uploads\/2022\/10\/Moda-e-Empreendedorismo-equipe-toda-1-e1666387855863.jpeg","_links":{"self":[{"href":"https:\/\/vimagazine.com.br\/index.php?rest_route=\/wp\/v2\/posts\/6722"}],"collection":[{"href":"https:\/\/vimagazine.com.br\/index.php?rest_route=\/wp\/v2\/posts"}],"about":[{"href":"https:\/\/vimagazine.com.br\/index.php?rest_route=\/wp\/v2\/types\/post"}],"author":[{"embeddable":true,"href":"https:\/\/vimagazine.com.br\/index.php?rest_route=\/wp\/v2\/users\/3"}],"replies":[{"embeddable":true,"href":"https:\/\/vimagazine.com.br\/index.php?rest_route=%2Fwp%2Fv2%2Fcomments&post=6722"}],"version-history":[{"count":2,"href":"https:\/\/vimagazine.com.br\/index.php?rest_route=\/wp\/v2\/posts\/6722\/revisions"}],"predecessor-version":[{"id":6727,"href":"https:\/\/vimagazine.com.br\/index.php?rest_route=\/wp\/v2\/posts\/6722\/revisions\/6727"}],"wp:featuredmedia":[{"embeddable":true,"href":"https:\/\/vimagazine.com.br\/index.php?rest_route=\/wp\/v2\/media\/6723"}],"wp:attachment":[{"href":"https:\/\/vimagazine.com.br\/index.php?rest_route=%2Fwp%2Fv2%2Fmedia&parent=6722"}],"wp:term":[{"taxonomy":"category","embeddable":true,"href":"https:\/\/vimagazine.com.br\/index.php?rest_route=%2Fwp%2Fv2%2Fcategories&post=6722"},{"taxonomy":"post_tag","embeddable":true,"href":"https:\/\/vimagazine.com.br\/index.php?rest_route=%2Fwp%2Fv2%2Ftags&post=6722"}],"curies":[{"name":"wp","href":"https:\/\/api.w.org\/{rel}","templated":true}]}}