{"id":6732,"date":"2022-10-22T22:30:00","date_gmt":"2022-10-23T01:30:00","guid":{"rendered":"https:\/\/vimagazine.com.br\/?p=6732"},"modified":"2022-10-23T01:42:04","modified_gmt":"2022-10-23T04:42:04","slug":"monica-carvalho-e-mylla-christie-marcam-presenca-na-quadra-da-grande-rio-e-celebram-novo-filme-rosa-do-carnaval","status":"publish","type":"post","link":"https:\/\/vimagazine.com.br\/?p=6732","title":{"rendered":"M\u00f4nica Carvalho e Mylla Christie marcam presen\u00e7a na quadra da Grande Rio e celebram novo filme \u201cRosa do Carnaval\u201d"},"content":{"rendered":"\n<p>Nesta sexta-feira (21), a atriz e roteirista M\u00f4nica Carvalho esteve presente na quadra de samba da escola Grande Rio. Ao lado da atriz Mylla Christie, a visita foi feita para vivenciar a final da escolha do samba enredo de 2023. Engana-se quem acha que as beldades estavam l\u00e1 somente para se divertir, M\u00f4nica e Mylla est\u00e3o produzindo juntos um novo longa-metragem: \u2018Rosa do Carnaval\u2019.&nbsp;<\/p>\n\n\n\n<p>O longa tem como enredo central a disputa de um samba enredo e as duas, mais um produtor estavam presentes para vivenciar o momento.&nbsp;<\/p>\n\n\n\n<figure class=\"wp-container-2 wp-block-gallery-1 wp-block-gallery columns-2 is-cropped\"><ul class=\"blocks-gallery-grid\"><li class=\"blocks-gallery-item\"><figure><img width=\"683\" height=\"1024\" src=\"https:\/\/vimagazine.com.br\/wp-content\/uploads\/2022\/10\/FRF_2852-683x1024.jpg\" alt=\"\" data-id=\"6733\" data-full-url=\"https:\/\/vimagazine.com.br\/wp-content\/uploads\/2022\/10\/FRF_2852.jpg\" data-link=\"https:\/\/vimagazine.com.br\/?attachment_id=6733\" class=\"wp-image-6733\" srcset=\"https:\/\/vimagazine.com.br\/wp-content\/uploads\/2022\/10\/FRF_2852-683x1024.jpg 683w, https:\/\/vimagazine.com.br\/wp-content\/uploads\/2022\/10\/FRF_2852-200x300.jpg 200w, https:\/\/vimagazine.com.br\/wp-content\/uploads\/2022\/10\/FRF_2852-768x1152.jpg 768w, https:\/\/vimagazine.com.br\/wp-content\/uploads\/2022\/10\/FRF_2852-1024x1536.jpg 1024w, https:\/\/vimagazine.com.br\/wp-content\/uploads\/2022\/10\/FRF_2852.jpg 1280w\" sizes=\"(max-width: 683px) 100vw, 683px\" \/><figcaption class=\"blocks-gallery-item__caption\">Foto: Divulga\u00e7\u00e3o<\/figcaption><\/figure><\/li><li class=\"blocks-gallery-item\"><figure><img width=\"1024\" height=\"683\" src=\"https:\/\/vimagazine.com.br\/wp-content\/uploads\/2022\/10\/FRF_2809-1024x683.jpg\" alt=\"\" data-id=\"6735\" data-full-url=\"https:\/\/vimagazine.com.br\/wp-content\/uploads\/2022\/10\/FRF_2809.jpg\" data-link=\"https:\/\/vimagazine.com.br\/?attachment_id=6735\" class=\"wp-image-6735\" srcset=\"https:\/\/vimagazine.com.br\/wp-content\/uploads\/2022\/10\/FRF_2809-1024x683.jpg 1024w, https:\/\/vimagazine.com.br\/wp-content\/uploads\/2022\/10\/FRF_2809-300x200.jpg 300w, https:\/\/vimagazine.com.br\/wp-content\/uploads\/2022\/10\/FRF_2809-768x512.jpg 768w, https:\/\/vimagazine.com.br\/wp-content\/uploads\/2022\/10\/FRF_2809-1536x1024.jpg 1536w, https:\/\/vimagazine.com.br\/wp-content\/uploads\/2022\/10\/FRF_2809.jpg 1920w\" sizes=\"(max-width: 1024px) 100vw, 1024px\" \/><figcaption class=\"blocks-gallery-item__caption\">Foto: Divulga\u00e7\u00e3o<\/figcaption><\/figure><\/li><\/ul><\/figure>\n\n\n\n<p><em>\u201c<\/em><em>Acho muito importante, que para voc\u00ea mostrar no cinema, voc\u00ea tem que vivenciar esse momento. V\u00ea com seus pr\u00f3prios olhos, voc\u00ea se arrepiar com essa alegria que \u00e9 a maior festa popular brasileira.\u201d, <\/em>destaca M\u00f4nica Carvalho.<\/p>\n\n\n\n<p><em>\u201cEstou muito emocionada de poder mostrar o carnaval de uma forma nunca vista antes. A emo\u00e7\u00e3o \u00e9 muita, carnaval rumo ao Oscar do lado da Grande Rio! Um grande elenco, produtores executivos, roteiristas, uma equipe de primeira linha do cinema nacional.\u201d,<\/em> contou Mylla Christie.&nbsp;<\/p>\n\n\n\n<p><em>\u201cQuero que todos sintam o clima para poder transmitir no filme a verdadeira ess\u00eancia dessa festa, dessa comunidade.\u201d<\/em>, completou M\u00f4nica Carvalho.&nbsp;<\/p>\n","protected":false},"excerpt":{"rendered":"<p>Nesta sexta-feira (21), a atriz e roteirista M\u00f4nica Carvalho esteve presente na quadra de samba&#8230;<\/p>\n","protected":false},"author":18,"featured_media":6734,"comment_status":"closed","ping_status":"open","sticky":false,"template":"","format":"standard","meta":{"om_disable_all_campaigns":false,"_monsterinsights_skip_tracking":false,"_monsterinsights_sitenote_active":false,"_monsterinsights_sitenote_note":"","_monsterinsights_sitenote_category":0,"spay_email":""},"categories":[1],"tags":[415,472,474,106,146,269,471,476,470,473,475],"jetpack_featured_media_url":"https:\/\/vimagazine.com.br\/wp-content\/uploads\/2022\/10\/FRF_2834.jpg","_links":{"self":[{"href":"https:\/\/vimagazine.com.br\/index.php?rest_route=\/wp\/v2\/posts\/6732"}],"collection":[{"href":"https:\/\/vimagazine.com.br\/index.php?rest_route=\/wp\/v2\/posts"}],"about":[{"href":"https:\/\/vimagazine.com.br\/index.php?rest_route=\/wp\/v2\/types\/post"}],"author":[{"embeddable":true,"href":"https:\/\/vimagazine.com.br\/index.php?rest_route=\/wp\/v2\/users\/18"}],"replies":[{"embeddable":true,"href":"https:\/\/vimagazine.com.br\/index.php?rest_route=%2Fwp%2Fv2%2Fcomments&post=6732"}],"version-history":[{"count":1,"href":"https:\/\/vimagazine.com.br\/index.php?rest_route=\/wp\/v2\/posts\/6732\/revisions"}],"predecessor-version":[{"id":6736,"href":"https:\/\/vimagazine.com.br\/index.php?rest_route=\/wp\/v2\/posts\/6732\/revisions\/6736"}],"wp:featuredmedia":[{"embeddable":true,"href":"https:\/\/vimagazine.com.br\/index.php?rest_route=\/wp\/v2\/media\/6734"}],"wp:attachment":[{"href":"https:\/\/vimagazine.com.br\/index.php?rest_route=%2Fwp%2Fv2%2Fmedia&parent=6732"}],"wp:term":[{"taxonomy":"category","embeddable":true,"href":"https:\/\/vimagazine.com.br\/index.php?rest_route=%2Fwp%2Fv2%2Fcategories&post=6732"},{"taxonomy":"post_tag","embeddable":true,"href":"https:\/\/vimagazine.com.br\/index.php?rest_route=%2Fwp%2Fv2%2Ftags&post=6732"}],"curies":[{"name":"wp","href":"https:\/\/api.w.org\/{rel}","templated":true}]}}