{"id":6740,"date":"2022-10-24T09:42:03","date_gmt":"2022-10-24T12:42:03","guid":{"rendered":"https:\/\/vimagazine.com.br\/?p=6740"},"modified":"2022-10-24T09:42:06","modified_gmt":"2022-10-24T12:42:06","slug":"planalto-norte-tera-rota-para-incentivar-o-turismo","status":"publish","type":"post","link":"https:\/\/vimagazine.com.br\/?p=6740","title":{"rendered":"Planalto Norte ter\u00e1 rota para incentivar o Turismo"},"content":{"rendered":"\n<p><em>Projeto criado pelo SEBRAE\/SC prev\u00ea R$ 1,8 milh\u00e3o \u00e0s 14 cidades participantes<\/em><\/p>\n\n\n\n<p>Com o objetivo de promover o desenvolvimento sustent\u00e1vel do turismo de Santa Catarina e contribuir para a retomada do setor, o Servi\u00e7o Brasileiro de Apoio \u00e0s Micro e Pequenas Empresas (Sebrae) investir\u00e1 R$ 1,8 milh\u00e3o, em 14 cidades do estado, para implantar um projeto que cria rotas e roteiros tur\u00edsticos em diversas regi\u00f5es catarinenses.&nbsp;<\/p>\n\n\n\n<p>A proposta, que conta com a parceria fundamental da Inst\u00e2ncia de Governan\u00e7a Tur\u00edstica Caminhos do Contestado, Prefeituras e Associa\u00e7\u00f5es da regi\u00e3o, prev\u00ea atender empresas e propriedades rurais no setor de turismo dos munic\u00edpios participantes da iniciativa. &#8220;A implanta\u00e7\u00e3o da solu\u00e7\u00e3o de rotas e roteiros permitir\u00e1 que as cidades passem a ofertar um destino tur\u00edstico mais atrativo, organizado e capaz de atender as necessidades e expectativas dos turistas&#8221;, explica Jaime Dias Junior, gerente Regional Norte Sebrae\/SC.&nbsp;<\/p>\n\n\n\n<p>Ao todo, as cidades de Bela Vista do Toldo, Canoinhas, Itai\u00f3polis, Mafra, Major Vieira, Matos Costa, Monte Castelo, Papanduva, Timb\u00f3 Grande, Tr\u00eas Barras, S\u00e3o Bento do Sul, Rio Negrinho, Campo Alegre e Corup\u00e1 ser\u00e3o contempladas.&nbsp;<\/p>\n\n\n\n<p>A iniciativa prev\u00ea que o Sebrae subsidie 80% do valor, enquanto os outros 20% ser\u00e3o de responsabilidade das prefeituras. A exce\u00e7\u00e3o \u00e9 Canoinhas, na qual as empresas far\u00e3o ades\u00e3o pela Associa\u00e7\u00e3o Empresarial do munic\u00edpio.<\/p>\n\n\n\n<p><strong>Etapas do projeto<\/strong><\/p>\n\n\n\n<p>Conforme explica Milena Zimmermann de Freitas, Gestora de Projetos do Sebrae\/SC, a implanta\u00e7\u00e3o do projeto de rotas e roteiros tur\u00edsticos ser\u00e1 a partir de quatro etapas realizadas em cada uma das cidades participantes. O primeiro, ainda em 2022, classificado como <strong>diagn\u00f3stico e sensibiliza\u00e7\u00e3o<\/strong>, \u00e9<strong> <\/strong>composto por atividades de identifica\u00e7\u00e3o do potencial tur\u00edstico da regi\u00e3o, mapeamento georreferenciado da oferta tur\u00edstica e sensibiliza\u00e7\u00e3o do trade-tur\u00edstico do local.&nbsp;<\/p>\n\n\n\n<p>Em seguida, em 2023, o <strong>desenvolvimento de produtos<\/strong> consiste, principalmente, na defini\u00e7\u00e3o do card\u00e1pio de produtos e servi\u00e7os que far\u00e3o parte da rota tur\u00edstica e na orienta\u00e7\u00e3o do processo de desenvolvimento, al\u00e9m de garantir que os produtos e servi\u00e7os possam atender \u00e0s exig\u00eancias da demanda.<\/p>\n\n\n\n<p>Depois, a <strong>formata\u00e7\u00e3o da rota tur\u00edstica<\/strong> reunir\u00e1 a\u00e7\u00f5es para integrar a oferta tur\u00edstica da \u00e1rea com a gest\u00e3o compartilhada da futura rota. Por fim, a etapa de <strong>instrumentos de comunica\u00e7\u00e3o e comercializa\u00e7\u00e3o <\/strong>deve se concentrar no desenvolvimento das a\u00e7\u00f5es fundamentais para a promo\u00e7\u00e3o e comercializa\u00e7\u00e3o da rota tur\u00edstica junto \u00e0s operadoras de ag\u00eancias de viagem e turistas autoguiados, com foco em aumentar o n\u00famero de visitantes, e consequentemente o faturamento dos empreendimentos.<\/p>\n\n\n\n<p>As vagas s\u00e3o limitadas e a participa\u00e7\u00e3o subsidiada pelo Sebrae e parceiros. Mais informa\u00e7\u00f5es no 47 3188-1600 com Vanessa ou 47 3419-6508 com Milena.<\/p>\n","protected":false},"excerpt":{"rendered":"<p>Projeto criado pelo SEBRAE\/SC prev\u00ea R$ 1,8 milh\u00e3o \u00e0s 14 cidades participantes Com o objetivo&#8230;<\/p>\n","protected":false},"author":20,"featured_media":6741,"comment_status":"closed","ping_status":"open","sticky":false,"template":"","format":"standard","meta":{"om_disable_all_campaigns":false,"_monsterinsights_skip_tracking":false,"_monsterinsights_sitenote_active":false,"_monsterinsights_sitenote_note":"","_monsterinsights_sitenote_category":0,"spay_email":""},"categories":[1],"tags":[],"jetpack_featured_media_url":"https:\/\/vimagazine.com.br\/wp-content\/uploads\/2022\/10\/foto-IGR-e1666615307555.jpg","_links":{"self":[{"href":"https:\/\/vimagazine.com.br\/index.php?rest_route=\/wp\/v2\/posts\/6740"}],"collection":[{"href":"https:\/\/vimagazine.com.br\/index.php?rest_route=\/wp\/v2\/posts"}],"about":[{"href":"https:\/\/vimagazine.com.br\/index.php?rest_route=\/wp\/v2\/types\/post"}],"author":[{"embeddable":true,"href":"https:\/\/vimagazine.com.br\/index.php?rest_route=\/wp\/v2\/users\/20"}],"replies":[{"embeddable":true,"href":"https:\/\/vimagazine.com.br\/index.php?rest_route=%2Fwp%2Fv2%2Fcomments&post=6740"}],"version-history":[{"count":1,"href":"https:\/\/vimagazine.com.br\/index.php?rest_route=\/wp\/v2\/posts\/6740\/revisions"}],"predecessor-version":[{"id":6742,"href":"https:\/\/vimagazine.com.br\/index.php?rest_route=\/wp\/v2\/posts\/6740\/revisions\/6742"}],"wp:featuredmedia":[{"embeddable":true,"href":"https:\/\/vimagazine.com.br\/index.php?rest_route=\/wp\/v2\/media\/6741"}],"wp:attachment":[{"href":"https:\/\/vimagazine.com.br\/index.php?rest_route=%2Fwp%2Fv2%2Fmedia&parent=6740"}],"wp:term":[{"taxonomy":"category","embeddable":true,"href":"https:\/\/vimagazine.com.br\/index.php?rest_route=%2Fwp%2Fv2%2Fcategories&post=6740"},{"taxonomy":"post_tag","embeddable":true,"href":"https:\/\/vimagazine.com.br\/index.php?rest_route=%2Fwp%2Fv2%2Ftags&post=6740"}],"curies":[{"name":"wp","href":"https:\/\/api.w.org\/{rel}","templated":true}]}}