{"id":6778,"date":"2022-10-26T12:37:47","date_gmt":"2022-10-26T15:37:47","guid":{"rendered":"https:\/\/vimagazine.com.br\/?p=6778"},"modified":"2022-10-26T12:37:49","modified_gmt":"2022-10-26T15:37:49","slug":"lorenzo-galli-integra-o-elenco-de-em-busca-do-balao-magico-uma-aventura-musical","status":"publish","type":"post","link":"https:\/\/vimagazine.com.br\/?p=6778","title":{"rendered":"Lorenzo Galli integra o elenco de Em Busca do Bal\u00e3o M\u00e1gico &#8211; Uma Aventura Musical"},"content":{"rendered":"\n<p><\/p>\n\n\n\n<p class=\"has-text-align-center\" style=\"font-size:22px\"><em><strong>O ator e dublador Lorenzo Galli estreia no teatro musical, dando vida a Theo no espet\u00e1culo que traz uma hist\u00f3ria divertida e educativa inspirada nas m\u00fasicas do Programa &#8220;Bal\u00e3o M\u00e1gico&#8221; (sucesso atemporal da d\u00e9cada de 80 exibido pela Rede Globo). O musical est\u00e1 em cartaz aos s\u00e1bados e domingos no Teatro das Artes, em S\u00e3o Paulo.<\/strong><\/em><\/p>\n\n\n\n<p style=\"font-size:18px\">Em uma hist\u00f3ria original que traz \u00e0 tona os conflitos da modernidade com a pureza da imagina\u00e7\u00e3o infantil. Mensagens como a necessidade da paz, a n\u00e3o viol\u00eancia, o respeito aos animais e \u00e0 natureza, al\u00e9m da import\u00e2ncia do n\u00facleo familiar na forma\u00e7\u00e3o das crian\u00e7as, estar\u00e3o presentes nessa &#8220;Busca pelo Bal\u00e3o&#8221;, que no espet\u00e1culo se faz o mote principal, estimulando no p\u00fablico o desejo de um mundo melhor para as pr\u00f3ximas gera\u00e7\u00f5es e a paz para os dias de hoje.<\/p>\n\n\n\n<p style=\"font-size:18px\">Na trama, todos os dias ap\u00f3s a aula Theo, Max, Jaiminho e Sofia se encontram na pra\u00e7a para brincar, por\u00e9m a cidade em que moram est\u00e1 mudando e a rua j\u00e1 n\u00e3o \u00e9 mais t\u00e3o segura quanto antes. Preocupados com a viol\u00eancia e mudan\u00e7a repentina do tempo, os pais resolvem proibir as brincadeiras na rua. As crian\u00e7as atentas \u00e0s mudan\u00e7as chegam \u00e0 conclus\u00e3o de que se a viol\u00eancia aumentar e n\u00e3o puderem mais se encontrar na rua e os pais sempre ocupados como est\u00e3o, v\u00e3o acabar sem companhia para brincar e presas sozinhas dentro de casa.&nbsp;Elas precisam ent\u00e3o agir! Ao ouvir a conversa do filho com os amigos sobre salvar o mundo, o pai de Jaiminho d\u00e1 uma pista: que tudo &#8220;depende de n\u00f3s&#8221; e aprendeu isso com um tal de Bal\u00e3o M\u00e1gico. Ao se encontrarem novamente na pra\u00e7a, d\u00e3o de cara com uma figura de outro planeta, mas muito conhecida de todos os adultos: o Fof\u00e3o! O alien\u00edgena revela que tamb\u00e9m est\u00e1 em busca do Bal\u00e3o M\u00e1gico, que devido \u00e0 falta de amor, sonhos e sentimentos bons, o Bal\u00e3o murchou e pode ter ido direto para a sombria terra da Tristonhol\u00e2ndia.&nbsp;As crian\u00e7as ent\u00e3o n\u00e3o t\u00eam d\u00favidas que reencontrar o Bal\u00e3o seria a esperan\u00e7a para curar os pais da falta de tempo, trazer a paz para a cidade e deixar as ruas livres para brincarem novamente. Juntos partem para uma incr\u00edvel aventura em busca do Bal\u00e3o M\u00e1gico!&nbsp;<\/p>\n\n\n\n<p style=\"font-size:18px\">Lorenzo Galli \u00e9 dublador e ator mirim. J\u00e1 integrou o elenco de Saltimbancos da Teatrarte. Fez curso de Interpreta\u00e7\u00e3o TV e Cinema pela Zeca Prudente, curso Kids e Teen Iniciante na Escola de Atores Wolf Maya, TV e Cinema com Tha\u00eds Campos e Rafaela Amado e Teatro com Rafaela Amado. Em 2020 iniciou o curso de Teatro Musical no Est\u00fadio Broadway, no mesmo ano integrou o elenco de &#8220;Matilda in Concert&#8221; e &#8220;Christimas Carol&#8221;, ambos sob dire\u00e7\u00e3o geral de Fernanda Chamma. Cursou interpreta\u00e7\u00e3o com Fl\u00e1vio Colatrello Jr e recentemente deu vida a Licencio em &#8220;A Megera Domada O Musical&#8221; e integrou o elenco de &#8220;Alice \u2013 O Musical&#8221;, ambos do Est\u00fadio Broadway.<\/p>\n\n\n\n<p style=\"font-size:18px\">Em Busca do Bal\u00e3o M\u00e1gico &#8211; Uma Aventura Musical\u00a0traz uma jornada intergal\u00e1ctica que passar\u00e1 pela Passarol\u00e2ndia, a terra da Galinha Magricela e do Pato Cantor, onde acontece o animado Baile dos P\u00e1ssaros. No Mundo dos Sonhos, encontram o am\u00e1vel Urso Pimp\u00e3o e l\u00e1 embarcam no Trenzinho que faz &#8220;chin chin pon pon&#8221; e s\u00e3o levados direto ao pa\u00eds dos Felisbertos, o lugar mais feliz que existe. Uma viagem superfant\u00e1stica que os faz aprender sobre o amor, amizade e felicidade, sentimentos que reunidos formam um poderoso combust\u00edvel, a \u00fanica maneira de poderem inflar o Bal\u00e3o M\u00e1gico!<\/p>\n\n\n\n<figure class=\"wp-container-2 wp-block-gallery-1 wp-block-gallery columns-2 is-cropped\"><ul class=\"blocks-gallery-grid\"><li class=\"blocks-gallery-item\"><figure><img width=\"1024\" height=\"702\" src=\"https:\/\/vimagazine.com.br\/wp-content\/uploads\/2022\/10\/Foto-Andreia-Machado-_5735-1024x702.jpg\" alt=\"\" data-id=\"6779\" data-full-url=\"https:\/\/vimagazine.com.br\/wp-content\/uploads\/2022\/10\/Foto-Andreia-Machado-_5735.jpg\" data-link=\"https:\/\/vimagazine.com.br\/?attachment_id=6779\" class=\"wp-image-6779\" srcset=\"https:\/\/vimagazine.com.br\/wp-content\/uploads\/2022\/10\/Foto-Andreia-Machado-_5735-1024x702.jpg 1024w, https:\/\/vimagazine.com.br\/wp-content\/uploads\/2022\/10\/Foto-Andreia-Machado-_5735-300x206.jpg 300w, https:\/\/vimagazine.com.br\/wp-content\/uploads\/2022\/10\/Foto-Andreia-Machado-_5735-768x527.jpg 768w, https:\/\/vimagazine.com.br\/wp-content\/uploads\/2022\/10\/Foto-Andreia-Machado-_5735-1536x1054.jpg 1536w, https:\/\/vimagazine.com.br\/wp-content\/uploads\/2022\/10\/Foto-Andreia-Machado-_5735.jpg 1920w\" sizes=\"(max-width: 1024px) 100vw, 1024px\" \/><\/figure><\/li><li class=\"blocks-gallery-item\"><figure><img width=\"1024\" height=\"684\" src=\"https:\/\/vimagazine.com.br\/wp-content\/uploads\/2022\/10\/Foto-Andreia-Machado-_6372-1024x684.jpg\" alt=\"\" data-id=\"6780\" data-full-url=\"https:\/\/vimagazine.com.br\/wp-content\/uploads\/2022\/10\/Foto-Andreia-Machado-_6372.jpg\" data-link=\"https:\/\/vimagazine.com.br\/?attachment_id=6780\" class=\"wp-image-6780\" srcset=\"https:\/\/vimagazine.com.br\/wp-content\/uploads\/2022\/10\/Foto-Andreia-Machado-_6372-1024x684.jpg 1024w, https:\/\/vimagazine.com.br\/wp-content\/uploads\/2022\/10\/Foto-Andreia-Machado-_6372-300x200.jpg 300w, https:\/\/vimagazine.com.br\/wp-content\/uploads\/2022\/10\/Foto-Andreia-Machado-_6372-768x513.jpg 768w, https:\/\/vimagazine.com.br\/wp-content\/uploads\/2022\/10\/Foto-Andreia-Machado-_6372-1536x1026.jpg 1536w, https:\/\/vimagazine.com.br\/wp-content\/uploads\/2022\/10\/Foto-Andreia-Machado-_6372.jpg 1920w\" sizes=\"(max-width: 1024px) 100vw, 1024px\" \/><\/figure><\/li><li class=\"blocks-gallery-item\"><figure><img width=\"1024\" height=\"684\" src=\"https:\/\/vimagazine.com.br\/wp-content\/uploads\/2022\/10\/Foto-Andreia-Machado-_6135-1024x684.jpg\" alt=\"\" data-id=\"6781\" data-full-url=\"https:\/\/vimagazine.com.br\/wp-content\/uploads\/2022\/10\/Foto-Andreia-Machado-_6135.jpg\" data-link=\"https:\/\/vimagazine.com.br\/?attachment_id=6781\" class=\"wp-image-6781\" srcset=\"https:\/\/vimagazine.com.br\/wp-content\/uploads\/2022\/10\/Foto-Andreia-Machado-_6135-1024x684.jpg 1024w, https:\/\/vimagazine.com.br\/wp-content\/uploads\/2022\/10\/Foto-Andreia-Machado-_6135-300x200.jpg 300w, https:\/\/vimagazine.com.br\/wp-content\/uploads\/2022\/10\/Foto-Andreia-Machado-_6135-768x513.jpg 768w, https:\/\/vimagazine.com.br\/wp-content\/uploads\/2022\/10\/Foto-Andreia-Machado-_6135-1536x1026.jpg 1536w, https:\/\/vimagazine.com.br\/wp-content\/uploads\/2022\/10\/Foto-Andreia-Machado-_6135.jpg 1920w\" sizes=\"(max-width: 1024px) 100vw, 1024px\" \/><\/figure><\/li><li class=\"blocks-gallery-item\"><figure><img width=\"1024\" height=\"684\" src=\"https:\/\/vimagazine.com.br\/wp-content\/uploads\/2022\/10\/Foto-Andreia-Machado-_6261-1024x684.jpg\" alt=\"\" data-id=\"6782\" data-full-url=\"https:\/\/vimagazine.com.br\/wp-content\/uploads\/2022\/10\/Foto-Andreia-Machado-_6261.jpg\" data-link=\"https:\/\/vimagazine.com.br\/?attachment_id=6782\" class=\"wp-image-6782\" srcset=\"https:\/\/vimagazine.com.br\/wp-content\/uploads\/2022\/10\/Foto-Andreia-Machado-_6261-1024x684.jpg 1024w, https:\/\/vimagazine.com.br\/wp-content\/uploads\/2022\/10\/Foto-Andreia-Machado-_6261-300x200.jpg 300w, https:\/\/vimagazine.com.br\/wp-content\/uploads\/2022\/10\/Foto-Andreia-Machado-_6261-768x513.jpg 768w, https:\/\/vimagazine.com.br\/wp-content\/uploads\/2022\/10\/Foto-Andreia-Machado-_6261-1536x1026.jpg 1536w, https:\/\/vimagazine.com.br\/wp-content\/uploads\/2022\/10\/Foto-Andreia-Machado-_6261.jpg 1920w\" sizes=\"(max-width: 1024px) 100vw, 1024px\" \/><\/figure><\/li><\/ul><\/figure>\n\n\n\n<p style=\"font-size:22px\"><strong>Ficha t\u00e9cnica<\/strong><\/p>\n\n\n\n<p style=\"font-size:18px\">Texto: Tulio Rivad\u00e1via&nbsp;<\/p>\n\n\n\n<p style=\"font-size:18px\">Dire\u00e7\u00e3o geral: Jarbas Homem de Mello<\/p>\n\n\n\n<p style=\"font-size:18px\">Argumento: Rose Dalney e Tulio Rivad\u00e1via&nbsp;<\/p>\n\n\n\n<p style=\"font-size:18px\">Dire\u00e7\u00e3o Musical: Laura Visconti<\/p>\n\n\n\n<p style=\"font-size:18px\">Coreografia: Sabrina Mirabelli<\/p>\n\n\n\n<p style=\"font-size:18px\">Cen\u00e1rio: Nat\u00e1lia Lana&nbsp;<\/p>\n\n\n\n<p style=\"font-size:18px\">Ilumina\u00e7\u00e3o: Wagner Freire&nbsp;<\/p>\n\n\n\n<p style=\"font-size:18px\">Figurinos: Bruno Oliveira&nbsp;<\/p>\n\n\n\n<p style=\"font-size:18px\">Elenco Mirim: Rafa Gamba, Lorenzo Galli, Gab Cardoso, Pedro Galv\u00e3o<\/p>\n\n\n\n<p style=\"font-size:18px\">Elenco adulto: Tony Germano, Edmundo Vitor, JV Fiori, Larissa Venturini, Mariana Lilla, Leonardo Sidney, Bel Nobre e Hel\u00f4 Aquino.<\/p>\n\n\n\n<p style=\"font-size:18px\">Assessoria de Imprensa: Ag\u00eancia Taga<\/p>\n\n\n\n<p style=\"font-size:18px\">Produ\u00e7\u00e3o Geral: Rose Dalney e Marcio Sam&nbsp;<\/p>\n\n\n\n<p style=\"font-size:18px\">Idealiza\u00e7\u00e3o e Realiza\u00e7\u00e3o: Miniatura9, Rivad\u00e1via Comunica\u00e7\u00e3o e Religar Comunica\u00e7\u00f5es<\/p>\n\n\n\n<p style=\"font-size:18px\">Realiza\u00e7\u00e3o: Minist\u00e9rio do Turismo<\/p>\n\n\n\n<p style=\"font-size:18px\">Patroc\u00ednio: UOL<\/p>\n\n\n\n<p style=\"font-size:18px\">Apoio: CS Brasil Frotas e Hermes Pardini<\/p>\n\n\n\n<p style=\"font-size:18px\"><strong>Servi\u00e7o:<\/strong><\/p>\n\n\n\n<p style=\"font-size:18px\">&#8220;Em Busca do Bal\u00e3o M\u00e1gico \u2013 Uma Aventura Musical&#8221;<\/p>\n\n\n\n<p style=\"font-size:18px\">Temporada at\u00e9 6 de novembro de 2022<\/p>\n\n\n\n<p style=\"font-size:18px\">S\u00e1bados, \u00e0s 14h e 16h | Domingos, \u00e0s 16h<\/p>\n\n\n\n<p style=\"font-size:18px\">Local: Teatro Das Artes (Shopping Eldorado)&nbsp;&#8211; Av. Rebou\u00e7as, 3970 &#8211; Store 409 &#8211; Pinheiros, S\u00e3o Paulo &#8211; SP<\/p>\n\n\n\n<p style=\"font-size:18px\">Valor do ingresso: R$35 a R$120<\/p>\n\n\n\n<p style=\"font-size:18px\">Vendas: Pelo site da&nbsp;<a href=\"https:\/\/click.cse360.com.br\/Click\/AddCampaignEmailClick\/4490ecf7-3aa6-4b72-df29-08da6f7dee44\/https%253a%252f%252fbileto.sympla.com.br%252fevent%252f75303\/1da2be3e-add7-40d1-a800-df08425b612e\/grazielavictoria49@gmail.com\/False\" target=\"_blank\" rel=\"noreferrer noopener\">Sympla<\/a>&nbsp;ou na bilheteria do teatro | A bilheteria funciona de ter\u00e7a a sexta, de 14h at\u00e9 o in\u00edcio do espet\u00e1culo; e s\u00e1bado e domingo, de 13h at\u00e9 o in\u00edcio do \u00faltimo espet\u00e1culo.<\/p>\n","protected":false},"excerpt":{"rendered":"<p>O ator e dublador Lorenzo Galli estreia no teatro musical, dando vida a Theo no&#8230;<\/p>\n","protected":false},"author":1,"featured_media":6783,"comment_status":"closed","ping_status":"open","sticky":false,"template":"","format":"standard","meta":{"om_disable_all_campaigns":false,"_monsterinsights_skip_tracking":false,"_monsterinsights_sitenote_active":false,"_monsterinsights_sitenote_note":"","_monsterinsights_sitenote_category":0,"spay_email":""},"categories":[26],"tags":[],"jetpack_featured_media_url":"https:\/\/vimagazine.com.br\/wp-content\/uploads\/2022\/10\/Foto-Joao-Caldas-Fo-JC220809_194577-press.jpg","_links":{"self":[{"href":"https:\/\/vimagazine.com.br\/index.php?rest_route=\/wp\/v2\/posts\/6778"}],"collection":[{"href":"https:\/\/vimagazine.com.br\/index.php?rest_route=\/wp\/v2\/posts"}],"about":[{"href":"https:\/\/vimagazine.com.br\/index.php?rest_route=\/wp\/v2\/types\/post"}],"author":[{"embeddable":true,"href":"https:\/\/vimagazine.com.br\/index.php?rest_route=\/wp\/v2\/users\/1"}],"replies":[{"embeddable":true,"href":"https:\/\/vimagazine.com.br\/index.php?rest_route=%2Fwp%2Fv2%2Fcomments&post=6778"}],"version-history":[{"count":1,"href":"https:\/\/vimagazine.com.br\/index.php?rest_route=\/wp\/v2\/posts\/6778\/revisions"}],"predecessor-version":[{"id":6784,"href":"https:\/\/vimagazine.com.br\/index.php?rest_route=\/wp\/v2\/posts\/6778\/revisions\/6784"}],"wp:featuredmedia":[{"embeddable":true,"href":"https:\/\/vimagazine.com.br\/index.php?rest_route=\/wp\/v2\/media\/6783"}],"wp:attachment":[{"href":"https:\/\/vimagazine.com.br\/index.php?rest_route=%2Fwp%2Fv2%2Fmedia&parent=6778"}],"wp:term":[{"taxonomy":"category","embeddable":true,"href":"https:\/\/vimagazine.com.br\/index.php?rest_route=%2Fwp%2Fv2%2Fcategories&post=6778"},{"taxonomy":"post_tag","embeddable":true,"href":"https:\/\/vimagazine.com.br\/index.php?rest_route=%2Fwp%2Fv2%2Ftags&post=6778"}],"curies":[{"name":"wp","href":"https:\/\/api.w.org\/{rel}","templated":true}]}}