{"id":6818,"date":"2022-10-29T16:15:35","date_gmt":"2022-10-29T19:15:35","guid":{"rendered":"https:\/\/vimagazine.com.br\/?p=6818"},"modified":"2022-10-29T16:15:38","modified_gmt":"2022-10-29T19:15:38","slug":"show-no-mundo-encantado-faz-encerra-temporada-em-sao-paulo","status":"publish","type":"post","link":"https:\/\/vimagazine.com.br\/?p=6818","title":{"rendered":"Show \u201cNo Mundo Encantado\u201d faz encerra temporada em S\u00e3o Paulo"},"content":{"rendered":"\n<p><\/p>\n\n\n\n<p style=\"font-size:22px\"><em><strong>O espet\u00e1culo musical \u201cNo Mundo Encantado\u201d encerra sua temporada em S\u00e3o Paulo, com \u00faltima apresenta\u00e7\u00e3o no Teatro Arthur Rubinstein, na pr\u00f3xima segunda-feira, dia 31 de outubro. Os ingressos est\u00e3o \u00e0 venda.<\/strong><\/em><\/p>\n\n\n\n<p style=\"font-size:18px\">\u201cNo Mundo Encantado\u201d \u00e9 um espet\u00e1culo com can\u00e7\u00f5es da Disney, adaptado por Rodrigo Hyppolito, para orquestra, coral, solistas e um maestro. Desta vez ser\u00e3o sete apresenta\u00e7\u00f5es musicais que prometem levar o p\u00fablico a um passeio atrav\u00e9s das trilhas sonoras que marcaram e continuam encantando pessoas de v\u00e1rias gera\u00e7\u00f5es. No repert\u00f3rio, can\u00e7\u00f5es-tema de personagens como O Rei Le\u00e3o, Aladdin, Bela e a Fera, Frozen, Moana, entre outros, ser\u00e3o apresentadas pelo coro formado por 45 vozes, em sintonia com os solistas, e acompanhadas por uma orquestra composta por 14 instrumentistas.<\/p>\n\n\n\n<p style=\"font-size:18px\">O show \u00e9 um projeto do Coral Vozearte, que oferece aulas para quem quer aprender a cantar e contribui na forma\u00e7\u00e3o musical e aperfei\u00e7oamento dos seus participantes, que a partir de experi\u00eancias como as apresenta\u00e7\u00f5es, podem exercitar e colocar em pr\u00e1tica o que aprenderam, al\u00e9m de levar cultura para outras pessoas.<\/p>\n\n\n\n<p style=\"font-size:18px\">Segundo Rodrigo Hyppolito, maestro e idealizador do projeto, \u201cCom o espet\u00e1culo No Mundo Encantado, nossa expectativa e desejo s\u00e3o despertar nas pessoas toda a magia de personagens inesquec\u00edveis, embalados pela m\u00fasica do canto coral e orquestra\u201d.<\/p>\n\n\n\n<p style=\"font-size:18px\">\u201cNo Mundo Encantado\u201d ter\u00e1 sua \u00faltima apresenta\u00e7\u00e3o no dia 31 de outubro, no Teatro Arthur Rubinstein, em S\u00e3o Paulo. Os ingressos est\u00e3o \u00e0 venda.<\/p>\n\n\n\n<figure class=\"wp-container-2 wp-block-gallery-1 wp-block-gallery columns-2 is-cropped\"><ul class=\"blocks-gallery-grid\"><li class=\"blocks-gallery-item\"><figure><img width=\"1024\" height=\"576\" src=\"https:\/\/vimagazine.com.br\/wp-content\/uploads\/2022\/10\/16-1024x576.jpg\" alt=\"\" data-id=\"6819\" data-full-url=\"https:\/\/vimagazine.com.br\/wp-content\/uploads\/2022\/10\/16.jpg\" data-link=\"https:\/\/vimagazine.com.br\/?attachment_id=6819\" class=\"wp-image-6819\" srcset=\"https:\/\/vimagazine.com.br\/wp-content\/uploads\/2022\/10\/16-1024x576.jpg 1024w, https:\/\/vimagazine.com.br\/wp-content\/uploads\/2022\/10\/16-300x169.jpg 300w, https:\/\/vimagazine.com.br\/wp-content\/uploads\/2022\/10\/16-768x432.jpg 768w, https:\/\/vimagazine.com.br\/wp-content\/uploads\/2022\/10\/16-1536x864.jpg 1536w, https:\/\/vimagazine.com.br\/wp-content\/uploads\/2022\/10\/16.jpg 1920w\" sizes=\"(max-width: 1024px) 100vw, 1024px\" \/><\/figure><\/li><li class=\"blocks-gallery-item\"><figure><img width=\"1024\" height=\"683\" src=\"https:\/\/vimagazine.com.br\/wp-content\/uploads\/2022\/10\/IMG_6655-1024x683.jpg\" alt=\"\" data-id=\"6820\" data-full-url=\"https:\/\/vimagazine.com.br\/wp-content\/uploads\/2022\/10\/IMG_6655.jpg\" data-link=\"https:\/\/vimagazine.com.br\/?attachment_id=6820\" class=\"wp-image-6820\" srcset=\"https:\/\/vimagazine.com.br\/wp-content\/uploads\/2022\/10\/IMG_6655-1024x683.jpg 1024w, https:\/\/vimagazine.com.br\/wp-content\/uploads\/2022\/10\/IMG_6655-300x200.jpg 300w, https:\/\/vimagazine.com.br\/wp-content\/uploads\/2022\/10\/IMG_6655-768x512.jpg 768w, https:\/\/vimagazine.com.br\/wp-content\/uploads\/2022\/10\/IMG_6655-1536x1024.jpg 1536w, https:\/\/vimagazine.com.br\/wp-content\/uploads\/2022\/10\/IMG_6655.jpg 1920w\" sizes=\"(max-width: 1024px) 100vw, 1024px\" \/><\/figure><\/li><\/ul><\/figure>\n\n\n\n<p><strong>F<\/strong>icha T\u00e9cnica:<\/p>\n\n\n\n<p>Diretor musical e Maestro Titular: Rodrigo Hyppolito<\/p>\n\n\n\n<p>Regente Assistente: Nicholas Carrer Guerrero<\/p>\n\n\n\n<p>Preparador Vocal: Rog\u00e9rio Urziquas<\/p>\n\n\n\n<p>Chefes de Naipe: Tabata Martins, Esmeralda Franco, Marcos Toshio e Ari Gatto<\/p>\n\n\n\n<p>Solistas: Shayy Freitas, Mireli Carvalho, Gustavo Mazzei, Nalin Junior, Jaqueline Felix, Isa Castro, Rog\u00e9rio Alves e Andrey Alfaia<\/p>\n\n\n\n<p>Orquestra: Edgar Gonsales, Carol Duarte, Pedro Andrade, Guilherme Cardoso Bomfim, Franklin Martins, \u00c2ngela Bianchi, Cadu Gomes, Francisco Junior, Mois\u00e9s Am\u00e9rico, Jackson Cezario, Diego Vianna, Agnaldo Gon\u00e7alves, Alexandre Heiderich e Ricardo Miranda<\/p>\n\n\n\n<p>Designer e mesa de som: Jorge Eluiz<\/p>\n\n\n\n<p>Designer e opera\u00e7\u00e3o de luz: Newton Saiki<\/p>\n\n\n\n<p>Diretor de Produ\u00e7\u00e3o: Rodrigo Hyppolito<\/p>\n\n\n\n<p>Produ\u00e7\u00e3o Executiva e Geral: Gustavo Gouveia<\/p>\n\n\n\n<p>M\u00eddias Sociais e Designer Gr\u00e1fico: Mari Gobis<\/p>\n\n\n\n<p>Assessoria de Imprensa: Unic\u00f3rnio Assessoria&nbsp;por&nbsp;May&nbsp;Calixto<\/p>\n\n\n\n<p><\/p>\n\n\n\n<p>\u201cNo Mundo Encantado\u201d<\/p>\n\n\n\n<p>\u00daltima apresenta\u00e7\u00e3o dia 31\/10 \u00e0s 20h<\/p>\n\n\n\n<p>Teatro Arthur Rubinstein (Rua Hungria, 1000 | Pinheiros, S\u00e3o Paulo \u2013 SP)<\/p>\n\n\n\n<p>Ingressos de R$30,00 a R$80,00<\/p>\n\n\n\n<p>Vendas online:&nbsp;<a href=\"https:\/\/www.ticketfacil.com.br\/eventos\/tar-no-mundo-encantado.aspx\">https:\/\/www.ticketfacil.com.br\/eventos\/tar-no-mundo-encantado.aspx<\/a><\/p>\n\n\n\n<p>Classifica\u00e7\u00e3o et\u00e1ria: Livre<\/p>\n\n\n\n<p>Dura\u00e7\u00e3o: 75 minutos<\/p>\n","protected":false},"excerpt":{"rendered":"<p>O espet\u00e1culo musical \u201cNo Mundo Encantado\u201d encerra sua temporada em S\u00e3o Paulo, com \u00faltima apresenta\u00e7\u00e3o&#8230;<\/p>\n","protected":false},"author":1,"featured_media":6821,"comment_status":"closed","ping_status":"open","sticky":false,"template":"","format":"standard","meta":{"om_disable_all_campaigns":false,"_monsterinsights_skip_tracking":false,"_monsterinsights_sitenote_active":false,"_monsterinsights_sitenote_note":"","_monsterinsights_sitenote_category":0,"spay_email":""},"categories":[1],"tags":[],"jetpack_featured_media_url":"https:\/\/vimagazine.com.br\/wp-content\/uploads\/2022\/10\/teatro.jpg","_links":{"self":[{"href":"https:\/\/vimagazine.com.br\/index.php?rest_route=\/wp\/v2\/posts\/6818"}],"collection":[{"href":"https:\/\/vimagazine.com.br\/index.php?rest_route=\/wp\/v2\/posts"}],"about":[{"href":"https:\/\/vimagazine.com.br\/index.php?rest_route=\/wp\/v2\/types\/post"}],"author":[{"embeddable":true,"href":"https:\/\/vimagazine.com.br\/index.php?rest_route=\/wp\/v2\/users\/1"}],"replies":[{"embeddable":true,"href":"https:\/\/vimagazine.com.br\/index.php?rest_route=%2Fwp%2Fv2%2Fcomments&post=6818"}],"version-history":[{"count":1,"href":"https:\/\/vimagazine.com.br\/index.php?rest_route=\/wp\/v2\/posts\/6818\/revisions"}],"predecessor-version":[{"id":6822,"href":"https:\/\/vimagazine.com.br\/index.php?rest_route=\/wp\/v2\/posts\/6818\/revisions\/6822"}],"wp:featuredmedia":[{"embeddable":true,"href":"https:\/\/vimagazine.com.br\/index.php?rest_route=\/wp\/v2\/media\/6821"}],"wp:attachment":[{"href":"https:\/\/vimagazine.com.br\/index.php?rest_route=%2Fwp%2Fv2%2Fmedia&parent=6818"}],"wp:term":[{"taxonomy":"category","embeddable":true,"href":"https:\/\/vimagazine.com.br\/index.php?rest_route=%2Fwp%2Fv2%2Fcategories&post=6818"},{"taxonomy":"post_tag","embeddable":true,"href":"https:\/\/vimagazine.com.br\/index.php?rest_route=%2Fwp%2Fv2%2Ftags&post=6818"}],"curies":[{"name":"wp","href":"https:\/\/api.w.org\/{rel}","templated":true}]}}