{"id":6825,"date":"2022-10-29T16:31:26","date_gmt":"2022-10-29T19:31:26","guid":{"rendered":"https:\/\/vimagazine.com.br\/?p=6825"},"modified":"2022-10-29T16:32:06","modified_gmt":"2022-10-29T19:32:06","slug":"grandes-marcas-catarinenses-participam-da-maior-feira-textil-da-america-latina","status":"publish","type":"post","link":"https:\/\/vimagazine.com.br\/?p=6825","title":{"rendered":"GRANDES MARCAS CATARINENSES PARTICIPAM DA MAIOR FEIRA T\u00caXTIL DA AM\u00c9RICA LATINA"},"content":{"rendered":"\n<p><\/p>\n\n\n\n<p><strong>FENIN FASHION TER\u00c1 MAIS DE 450 GRIFES DE TODO O PA\u00cdS EM NOVEMBRO NO EXPOCENTRO EM BALNE\u00c1RIO CAMBORI\u00da<\/strong> <strong>&#8211; SC<\/strong><\/p>\n\n\n\n<p style=\"font-size:18px\">Nos dias 8, 9 e 10 de novembro de 2022, mais uma vez a&nbsp;<strong>FENIN FASHION<\/strong>&nbsp;desembarca no Expocentro, em Balne\u00e1rio Cambori\u00fa. A feira fez tanto sucesso em sua primeira edi\u00e7\u00e3o em terras catarinenses, que os organizadores decidiram fazer ainda este ano, mais uma edi\u00e7\u00e3o com o preview outono\/inverno 2023, o que atraiu mais de 450 marcas nacionais, muitas delas catarinenses como a Hangar 33 do Grupo Lunelli, Olho Fatal, Over 93, Mormaii, e as estreantes Rovitex e o Grupo Elian, de Jaguar\u00e1 do Sul.<\/p>\n\n\n\n<p style=\"font-size:18px\">Nesta edi\u00e7\u00e3o, a&nbsp;<strong>FENIN<\/strong>&nbsp;ter\u00e1 um crescimento de 40% de novos expositores e novas marcas. Estar\u00e3o presentes na feira nos segmentos de moda e confec\u00e7\u00e3o em geral, jeanswear e streetwear. &#8220;As vendas da \u00faltima edi\u00e7\u00e3o foram excelentes, o que atraiu muitas marcas catarinenses para a Fenin, algumas j\u00e1 participam da feira em outros estados e outras estar\u00e3o conosco pela primeira vez\u201d explica Julio Viana, diretor da EXPOVEST, realizadora da feira.<\/p>\n\n\n\n<p style=\"font-size:18px\">A&nbsp;<strong>FENIN<\/strong>&nbsp;conta com um exclusivo sistema de hospedagem, que seleciona os melhores hot\u00e9is da regi\u00e3o e distribui entre lojistas e expositores di\u00e1rias para participarem da feira. Para esta edi\u00e7\u00e3o o evento j\u00e1 adquiriu mais de 8 mil di\u00e1rias que ser\u00e3o ofertadas aos participantes. S\u00e3o aguardados mais de 15 mil lojistas de todo o Brasil.<\/p>\n\n\n\n<p style=\"font-size:18px\">Com o objetivo de fomentar o mercado da moda, a&nbsp;<strong>FENIN<\/strong>&nbsp;tamb\u00e9m realizada durante&nbsp;os tr\u00eas dias de feira, o&nbsp;<strong>FENIN TALKS<\/strong>, que \u00e9 uma oportunidade de troca de informa\u00e7\u00f5es e atualiza\u00e7\u00f5es, com palestras, bate-papos com speakers do mercado.<\/p>\n\n\n\n<p style=\"font-size:18px\">A&nbsp;<strong>FENIN FASHION<\/strong>&nbsp;\u00e9 uma feira destinada a lojistas e o credenciamento pode ser feito presencialmente na feira ou pelo site&nbsp;<a>www.fenin.com.br<\/a>.<\/p>\n\n\n\n<figure class=\"wp-container-2 wp-block-gallery-1 wp-block-gallery columns-3 is-cropped\"><ul class=\"blocks-gallery-grid\"><li class=\"blocks-gallery-item\"><figure><img width=\"1024\" height=\"650\" src=\"https:\/\/vimagazine.com.br\/wp-content\/uploads\/2022\/10\/DSC_0846-Fenin-Fashion-Balneario-Camboriu-junho-2022-foto-de-Liane-Neves-1-1024x650.jpg\" alt=\"\" data-id=\"6826\" data-full-url=\"https:\/\/vimagazine.com.br\/wp-content\/uploads\/2022\/10\/DSC_0846-Fenin-Fashion-Balneario-Camboriu-junho-2022-foto-de-Liane-Neves-1.jpg\" data-link=\"https:\/\/vimagazine.com.br\/?attachment_id=6826\" class=\"wp-image-6826\" srcset=\"https:\/\/vimagazine.com.br\/wp-content\/uploads\/2022\/10\/DSC_0846-Fenin-Fashion-Balneario-Camboriu-junho-2022-foto-de-Liane-Neves-1-1024x650.jpg 1024w, https:\/\/vimagazine.com.br\/wp-content\/uploads\/2022\/10\/DSC_0846-Fenin-Fashion-Balneario-Camboriu-junho-2022-foto-de-Liane-Neves-1-300x190.jpg 300w, https:\/\/vimagazine.com.br\/wp-content\/uploads\/2022\/10\/DSC_0846-Fenin-Fashion-Balneario-Camboriu-junho-2022-foto-de-Liane-Neves-1-768x488.jpg 768w, https:\/\/vimagazine.com.br\/wp-content\/uploads\/2022\/10\/DSC_0846-Fenin-Fashion-Balneario-Camboriu-junho-2022-foto-de-Liane-Neves-1-1536x975.jpg 1536w, https:\/\/vimagazine.com.br\/wp-content\/uploads\/2022\/10\/DSC_0846-Fenin-Fashion-Balneario-Camboriu-junho-2022-foto-de-Liane-Neves-1.jpg 1920w\" sizes=\"(max-width: 1024px) 100vw, 1024px\" \/><\/figure><\/li><li class=\"blocks-gallery-item\"><figure><img width=\"1024\" height=\"681\" src=\"https:\/\/vimagazine.com.br\/wp-content\/uploads\/2022\/10\/DSC_0548-Fenin-Fashion-2022-23-Balneario-Camboriu-foto-de-Liane-Neves-1-1024x681.jpg\" alt=\"\" data-id=\"6827\" data-full-url=\"https:\/\/vimagazine.com.br\/wp-content\/uploads\/2022\/10\/DSC_0548-Fenin-Fashion-2022-23-Balneario-Camboriu-foto-de-Liane-Neves-1.jpg\" data-link=\"https:\/\/vimagazine.com.br\/?attachment_id=6827\" class=\"wp-image-6827\" srcset=\"https:\/\/vimagazine.com.br\/wp-content\/uploads\/2022\/10\/DSC_0548-Fenin-Fashion-2022-23-Balneario-Camboriu-foto-de-Liane-Neves-1-1024x681.jpg 1024w, https:\/\/vimagazine.com.br\/wp-content\/uploads\/2022\/10\/DSC_0548-Fenin-Fashion-2022-23-Balneario-Camboriu-foto-de-Liane-Neves-1-300x200.jpg 300w, https:\/\/vimagazine.com.br\/wp-content\/uploads\/2022\/10\/DSC_0548-Fenin-Fashion-2022-23-Balneario-Camboriu-foto-de-Liane-Neves-1-768x511.jpg 768w, https:\/\/vimagazine.com.br\/wp-content\/uploads\/2022\/10\/DSC_0548-Fenin-Fashion-2022-23-Balneario-Camboriu-foto-de-Liane-Neves-1-1536x1022.jpg 1536w, https:\/\/vimagazine.com.br\/wp-content\/uploads\/2022\/10\/DSC_0548-Fenin-Fashion-2022-23-Balneario-Camboriu-foto-de-Liane-Neves-1.jpg 1920w\" sizes=\"(max-width: 1024px) 100vw, 1024px\" \/><\/figure><\/li><li class=\"blocks-gallery-item\"><figure><img width=\"1024\" height=\"672\" src=\"https:\/\/vimagazine.com.br\/wp-content\/uploads\/2022\/10\/DSC_0957-Fenin-Fashion-Balneario-Camboriu-junho-2022-foto-de-Liane-Neves-1-1024x672.jpg\" alt=\"\" data-id=\"6828\" data-full-url=\"https:\/\/vimagazine.com.br\/wp-content\/uploads\/2022\/10\/DSC_0957-Fenin-Fashion-Balneario-Camboriu-junho-2022-foto-de-Liane-Neves-1.jpg\" data-link=\"https:\/\/vimagazine.com.br\/?attachment_id=6828\" class=\"wp-image-6828\" srcset=\"https:\/\/vimagazine.com.br\/wp-content\/uploads\/2022\/10\/DSC_0957-Fenin-Fashion-Balneario-Camboriu-junho-2022-foto-de-Liane-Neves-1-1024x672.jpg 1024w, https:\/\/vimagazine.com.br\/wp-content\/uploads\/2022\/10\/DSC_0957-Fenin-Fashion-Balneario-Camboriu-junho-2022-foto-de-Liane-Neves-1-300x197.jpg 300w, https:\/\/vimagazine.com.br\/wp-content\/uploads\/2022\/10\/DSC_0957-Fenin-Fashion-Balneario-Camboriu-junho-2022-foto-de-Liane-Neves-1-768x504.jpg 768w, https:\/\/vimagazine.com.br\/wp-content\/uploads\/2022\/10\/DSC_0957-Fenin-Fashion-Balneario-Camboriu-junho-2022-foto-de-Liane-Neves-1-1536x1008.jpg 1536w, https:\/\/vimagazine.com.br\/wp-content\/uploads\/2022\/10\/DSC_0957-Fenin-Fashion-Balneario-Camboriu-junho-2022-foto-de-Liane-Neves-1.jpg 1920w\" sizes=\"(max-width: 1024px) 100vw, 1024px\" \/><\/figure><\/li><\/ul><\/figure>\n\n\n\n<p>Data:<strong> 08, 09 e 10 de novembro de 2022<\/strong><\/p>\n\n\n\n<p>Hor\u00e1rio: 10h \u00e0s 19h (\u00daltimo dia da feira encerra \u00e0s 17h)<\/p>\n\n\n\n<p>Local: Expocentro Balne\u00e1rio Cambori\u00fa J\u00falio Tedesco<\/p>\n\n\n\n<p>Endere\u00e7o: Av. Marginal Oeste S\/N &#8211; Nova Esperan\u00e7a, Balne\u00e1rio Cambori\u00fa \u2013 SC<\/p>\n\n\n\n<p>Credenciamento:&nbsp;<a>www.fenin.com.br<\/a><\/p>\n\n\n\n<p>@feninfeiras<\/p>\n","protected":false},"excerpt":{"rendered":"<p>FENIN FASHION TER\u00c1 MAIS DE 450 GRIFES DE TODO O PA\u00cdS EM NOVEMBRO NO EXPOCENTRO&#8230;<\/p>\n","protected":false},"author":1,"featured_media":6829,"comment_status":"closed","ping_status":"open","sticky":false,"template":"","format":"standard","meta":{"om_disable_all_campaigns":false,"_monsterinsights_skip_tracking":false,"_monsterinsights_sitenote_active":false,"_monsterinsights_sitenote_note":"","_monsterinsights_sitenote_category":0,"spay_email":""},"categories":[75],"tags":[],"jetpack_featured_media_url":"https:\/\/vimagazine.com.br\/wp-content\/uploads\/2022\/10\/DSC_0872-Fenin-Fashion-Balneario-Camboriu-junho-2022-foto-de-Liane-Neves-1.jpg","_links":{"self":[{"href":"https:\/\/vimagazine.com.br\/index.php?rest_route=\/wp\/v2\/posts\/6825"}],"collection":[{"href":"https:\/\/vimagazine.com.br\/index.php?rest_route=\/wp\/v2\/posts"}],"about":[{"href":"https:\/\/vimagazine.com.br\/index.php?rest_route=\/wp\/v2\/types\/post"}],"author":[{"embeddable":true,"href":"https:\/\/vimagazine.com.br\/index.php?rest_route=\/wp\/v2\/users\/1"}],"replies":[{"embeddable":true,"href":"https:\/\/vimagazine.com.br\/index.php?rest_route=%2Fwp%2Fv2%2Fcomments&post=6825"}],"version-history":[{"count":2,"href":"https:\/\/vimagazine.com.br\/index.php?rest_route=\/wp\/v2\/posts\/6825\/revisions"}],"predecessor-version":[{"id":6831,"href":"https:\/\/vimagazine.com.br\/index.php?rest_route=\/wp\/v2\/posts\/6825\/revisions\/6831"}],"wp:featuredmedia":[{"embeddable":true,"href":"https:\/\/vimagazine.com.br\/index.php?rest_route=\/wp\/v2\/media\/6829"}],"wp:attachment":[{"href":"https:\/\/vimagazine.com.br\/index.php?rest_route=%2Fwp%2Fv2%2Fmedia&parent=6825"}],"wp:term":[{"taxonomy":"category","embeddable":true,"href":"https:\/\/vimagazine.com.br\/index.php?rest_route=%2Fwp%2Fv2%2Fcategories&post=6825"},{"taxonomy":"post_tag","embeddable":true,"href":"https:\/\/vimagazine.com.br\/index.php?rest_route=%2Fwp%2Fv2%2Ftags&post=6825"}],"curies":[{"name":"wp","href":"https:\/\/api.w.org\/{rel}","templated":true}]}}