{"id":6836,"date":"2022-10-31T16:40:42","date_gmt":"2022-10-31T19:40:42","guid":{"rendered":"https:\/\/vimagazine.com.br\/?p=6836"},"modified":"2022-10-31T16:40:43","modified_gmt":"2022-10-31T19:40:43","slug":"compras-gastronomia-lazer-e-muito-agito-na-17a-noel-na-vila-na-regiao-da-vila-madalena-em-sao-paulo","status":"publish","type":"post","link":"https:\/\/vimagazine.com.br\/?p=6836","title":{"rendered":"Compras, gastronomia, lazer e muito agito na 17\u00aa Noel na Vila , na regi\u00e3o da Vila Madalena em S\u00e3o Paulo"},"content":{"rendered":"\n<p><\/p>\n\n\n\n<p><\/p>\n\n\n\n<p class=\"has-medium-font-size\">Do mesmo organizador da Feira de Artes da Vila Madalena, vem a\u00ed mais um grande evento de rua: a 17\u00aa Noel na Vila \u2013 Madalena vai \u00e0s compras. Em 2022, a tradicional feira natalina ocorre um pouquinho antes por conta da Copa do Mundo: 6 de novembro, das 9h \u00e0s 20h, na rua Fradique Coutinho (entre as ruas Wisard e Aspicuelta), Vila Madalena, regi\u00e3o oeste da capital paulista. Um domingo especial para passear, curtir, comer e fazer compras direto de quem produz, aproveitando as op\u00e7\u00f5es de presentes de Natal.<\/p>\n\n\n\n<p class=\"has-medium-font-size\">A feira segue com o prop\u00f3sito de valorizar os artistas e seus trabalhos. \u00c9 um espa\u00e7o plural, democr\u00e1tico e que busca impulsionar a cadeia da economia criativa. Nesta 17\u00aa, re\u00fane 140 expositores vindos de S\u00e3o Paulo e de outros estados, como Esp\u00edrito Santo e Rio de Janeiro. Pe\u00e7as de arte, artesanato, beleza, decora\u00e7\u00e3o, moda&#8230; comercializados por artes\u00e3os, produtores e pequenas marcas.<\/p>\n\n\n\n<p class=\"has-medium-font-size\">Bateu aquela fome? Na Pra\u00e7a de Alimenta\u00e7\u00e3o, uma variedade de menus de dar \u00e1gua na boca.<\/p>\n\n\n\n<p class=\"has-medium-font-size\">Quer curtir boa m\u00fasica? Dan\u00e7ar e cantar? A parte cultural traz apresenta\u00e7\u00f5es de coral natalino, dan\u00e7a, m\u00fasica e performance. Teremos uma programa\u00e7\u00e3o completa de shows ,destaque para o show do&nbsp;<strong>Jazz no Limoeiro,<\/strong>&nbsp;projeto que envolve os melhores m\u00fasicos de jazz de S\u00e3o Paulo. E, tamb\u00e9m, para o cantor&nbsp;<strong>Roberto Mhoreti&nbsp;<\/strong>.<\/p>\n\n\n\n<p class=\"has-medium-font-size\">Entre as atra\u00e7\u00f5es&nbsp; est\u00e1 a&nbsp;<strong>Vila do Brech\u00f3<\/strong>&nbsp;,com mais de 20 expositores selecionados especialmente para o evento. Outra novidade \u00e9 a transmiss\u00e3o ao vivo do evento pela&nbsp;<strong>R\u00e1dio Rede Blitz<\/strong>&nbsp;e vai estar presente fazendo a cobertura .<\/p>\n\n\n\n<p class=\"has-medium-font-size\">E claro o evento encerra&nbsp; com chave de ouro com a bloco carnavalesco &#8220;<strong>N\u00e3o Serve<\/strong>&nbsp;<strong>Mestre<\/strong>&nbsp;&#8221; fundado em 2014 com o objetivo de levar cultura ,alegria e cores a cidade de S\u00e3o Paulo atrav\u00e9s da m\u00fasica .<\/p>\n\n\n\n<p class=\"has-medium-font-size\">A 17\u00aa Noel na Vila \u00e9 organizada pelo Centro Cultural Vila Madalena, mobilizador da Feira de Artes da Vila Madalena \u2013 um dos maiores eventos de rua da capital paulista. A ONG Casar\u00e3o Brasil assina a produ\u00e7\u00e3o executiva.<\/p>\n\n\n\n<p class=\"has-medium-font-size\"><strong><u>17\u00aa Noel na Vila \u2013&nbsp;&nbsp; Madalena vai \u00e0s compras<\/u><\/strong><\/p>\n\n\n\n<p class=\"has-medium-font-size\"><strong>Quando:<\/strong>&nbsp;6 de novembro de 2022 (domingo), das 9h \u00e0s 20h<\/p>\n\n\n\n<p class=\"has-medium-font-size\"><strong>Onde<\/strong>:Rua Fradique Coutinho,entre as ruas Wisard e Aspicuelta \u2013 Vila Madalena,SP<\/p>\n\n\n\n<p class=\"has-medium-font-size\"><strong>Organiza\u00e7\u00e3o<\/strong>: Centro Cultural Vila Madalena<\/p>\n\n\n\n<p class=\"has-medium-font-size\"><strong>Produ\u00e7\u00e3o executiva<\/strong>: Casar\u00e3o Brasil<\/p>\n\n\n\n<p class=\"has-medium-font-size\">@feiradavilamadalena<\/p>\n","protected":false},"excerpt":{"rendered":"<p>Do mesmo organizador da Feira de Artes da Vila Madalena, vem a\u00ed mais um grande&#8230;<\/p>\n","protected":false},"author":3,"featured_media":6837,"comment_status":"closed","ping_status":"open","sticky":false,"template":"","format":"standard","meta":{"om_disable_all_campaigns":false,"_monsterinsights_skip_tracking":false,"_monsterinsights_sitenote_active":false,"_monsterinsights_sitenote_note":"","_monsterinsights_sitenote_category":0,"spay_email":""},"categories":[1],"tags":[],"jetpack_featured_media_url":"https:\/\/vimagazine.com.br\/wp-content\/uploads\/2022\/10\/NOEL-NA-VILA.jpg","_links":{"self":[{"href":"https:\/\/vimagazine.com.br\/index.php?rest_route=\/wp\/v2\/posts\/6836"}],"collection":[{"href":"https:\/\/vimagazine.com.br\/index.php?rest_route=\/wp\/v2\/posts"}],"about":[{"href":"https:\/\/vimagazine.com.br\/index.php?rest_route=\/wp\/v2\/types\/post"}],"author":[{"embeddable":true,"href":"https:\/\/vimagazine.com.br\/index.php?rest_route=\/wp\/v2\/users\/3"}],"replies":[{"embeddable":true,"href":"https:\/\/vimagazine.com.br\/index.php?rest_route=%2Fwp%2Fv2%2Fcomments&post=6836"}],"version-history":[{"count":1,"href":"https:\/\/vimagazine.com.br\/index.php?rest_route=\/wp\/v2\/posts\/6836\/revisions"}],"predecessor-version":[{"id":6838,"href":"https:\/\/vimagazine.com.br\/index.php?rest_route=\/wp\/v2\/posts\/6836\/revisions\/6838"}],"wp:featuredmedia":[{"embeddable":true,"href":"https:\/\/vimagazine.com.br\/index.php?rest_route=\/wp\/v2\/media\/6837"}],"wp:attachment":[{"href":"https:\/\/vimagazine.com.br\/index.php?rest_route=%2Fwp%2Fv2%2Fmedia&parent=6836"}],"wp:term":[{"taxonomy":"category","embeddable":true,"href":"https:\/\/vimagazine.com.br\/index.php?rest_route=%2Fwp%2Fv2%2Fcategories&post=6836"},{"taxonomy":"post_tag","embeddable":true,"href":"https:\/\/vimagazine.com.br\/index.php?rest_route=%2Fwp%2Fv2%2Ftags&post=6836"}],"curies":[{"name":"wp","href":"https:\/\/api.w.org\/{rel}","templated":true}]}}