{"id":6842,"date":"2022-10-31T17:44:42","date_gmt":"2022-10-31T20:44:42","guid":{"rendered":"https:\/\/vimagazine.com.br\/?p=6842"},"modified":"2022-10-31T17:44:45","modified_gmt":"2022-10-31T20:44:45","slug":"mpb4-em-amigo-e-pra-essas-coisas","status":"publish","type":"post","link":"https:\/\/vimagazine.com.br\/?p=6842","title":{"rendered":"MPB4 EM &#8220;AMIGO \u00c9 PRA ESSAS COISAS&#8221;"},"content":{"rendered":"\n<p><\/p>\n\n\n\n<p style=\"font-size:22px\"><strong><em>Show \u00e9 no Teatro Prudential, dia 1\u00ba, v\u00e9spera de feriado<\/em><\/strong><\/p>\n\n\n\n<p class=\"has-medium-font-size\">Passado o segundo turno das elei\u00e7\u00f5es, o grupo MPB4 \u2013 que sempre acompanhou de perto os movimentos pol\u00edticos brasileiros \u2013 est\u00e1 de volta ao Rio de Janeiro cantando o afeto e a esperan\u00e7a. \u00c9 sempre bom lembrar que &#8220;o apre\u00e7o n\u00e3o tem pre\u00e7o&#8221;. Com mais de 50 anos na estrada, o MPB4 sabe bem disso e, portanto, vem tratando de estreitar la\u00e7o de cumplicidade com seu p\u00fablico. Desta vez, \u00e9 o p\u00fablico carioca que recebe o grupo neste dia 1\u00ba de novembro, v\u00e9spera de feriado, no Teatro Prudential. &#8220;Amigo \u00e9 pra essas coisas&#8221; \u00e9 um show do tipo em que a gente sente que sentou num bar para bater papo com um antigo companheiro de lutas e risadas. \u00c9 conversando \u2013 e cantando \u2013 que amigos se entendem, n\u00e3o \u00e9 mesmo? Que o digam&nbsp;Aquiles Reis (voz), Miltinho (voz e viol\u00e3o), Dalmo Medeiros (voz e viola) e Paulo Malaguti Pauleira (voz e teclado).<\/p>\n\n\n\n<p class=\"has-medium-font-size\">O&nbsp;repert\u00f3rio do show reflete o momento atual, em que \u00e9 preciso refletir, resistir e lutar, mas sem perder a ternura, nem o compasso jamais.&nbsp; Gra\u00e7as \u00e0 afinidade com seu tempo e seu p\u00fablico ao longo de d\u00e9cadas, o MPB4 sabe tocar cora\u00e7\u00f5es e mentes. Com certeza, vai fazer a plateia cantar sucessos como &#8220;Roda viva&#8221; (Chico Buarque), &#8220;A lua&#8221; (Renato Rocha), &#8220;Vira virou&#8221; (Kleiton Ramil) e, claro, a can\u00e7\u00e3o que d\u00e1 t\u00edtulo ao show: &#8220;Amigo \u00e9 pra essas coisas&#8221; (Aldir Blanc \/ Silvio Silva Junior).<\/p>\n\n\n\n<p class=\"has-medium-font-size\">Mas amigos nem sempre se encontram no bar ou no palco. \u00c0s vezes, se esbarram no tr\u00e2nsito e trocam palavras ao mesmo tempo breves e profundas, como na letra de &#8220;Sinal fechado&#8221; (Paulinho da Viola), m\u00fasica&nbsp;que o MPB4 cantava nos anos 1970, ficou muito tempo sem cantar e voltou a cantar este ano. Fazia parte do show &#8220;Rua Rep\u00fablica do Peru&#8221;, de 1974. O nome original do espet\u00e1culo era &#8220;Rep\u00fablica do Peru&#8221;, mas foi censurado. &#8220;Sinal fechado&#8221; nunca foi gravada pelo MPB4. Ela at\u00e9 foi lan\u00e7ada no box do Marcelo Froes com grava\u00e7\u00f5es de shows da d\u00e9cada de 1970, mas em disco de carreira nunca. E \u00e9 um dueto Aquiles e Dalmo.<\/p>\n\n\n\n<p class=\"has-medium-font-size\">Outra can\u00e7\u00e3o tamb\u00e9m daquela \u00e9poca, que ficou muito tempo de lado e que agora tamb\u00e9m est\u00e1 no roteiro do show no Blue Note \u00e9 &#8220;Gota d&#8217;\u00e1gua&#8221; (Chico Buarque). E ainda tem muito mais, como as&nbsp;can\u00e7\u00f5es de shows mais recentes: &#8220;Beco do Mota&#8221; (Milton Nascimento e Fernando Brant), &#8220;Samba do avi\u00e3o&#8221; (Tom Jobim), &#8220;Regra tr\u00eas&#8221; e &#8220;O bem amado&#8221; (Toquinho e Vinicius de Moraes).<\/p>\n\n\n\n<p class=\"has-medium-font-size\">Se j\u00e1 est\u00e1 mais do que na hora de &#8220;desinventar&#8221; a tristeza, o show do MPB4 dar\u00e1 sua contribui\u00e7\u00e3o. A arte e a cultura t\u00eam esse poder.<\/p>\n\n\n\n<p class=\"has-medium-font-size\"><strong>MPB4 em &#8220;Amigo \u00e9 pra essas coisas&#8221;<\/strong><\/p>\n\n\n\n<figure class=\"wp-block-image size-large\"><img width=\"1024\" height=\"684\" src=\"https:\/\/vimagazine.com.br\/wp-content\/uploads\/2022\/10\/PFA9636-1024x684.jpg\" alt=\"\" class=\"wp-image-6844\" srcset=\"https:\/\/vimagazine.com.br\/wp-content\/uploads\/2022\/10\/PFA9636-1024x684.jpg 1024w, https:\/\/vimagazine.com.br\/wp-content\/uploads\/2022\/10\/PFA9636-300x200.jpg 300w, https:\/\/vimagazine.com.br\/wp-content\/uploads\/2022\/10\/PFA9636-768x513.jpg 768w, https:\/\/vimagazine.com.br\/wp-content\/uploads\/2022\/10\/PFA9636-1536x1026.jpg 1536w, https:\/\/vimagazine.com.br\/wp-content\/uploads\/2022\/10\/PFA9636.jpg 1920w\" sizes=\"(max-width: 1024px) 100vw, 1024px\" \/><\/figure>\n\n\n\n<p class=\"has-medium-font-size\"><strong>Data:<\/strong>&nbsp;1\u00ba de novembro de 2022 (ter\u00e7a-feira, v\u00e9spera de feriado)<\/p>\n\n\n\n<p class=\"has-medium-font-size\"><strong>Local:<\/strong>&nbsp;Teatro Prudential<br><strong>Endere\u00e7o:<\/strong>&nbsp;rua do Russel 804 \u2013 Gl\u00f3ria \u2013 Rio de Janeiro<br><strong>Hor\u00e1rio:<\/strong>&nbsp;20h | Abertura da casa: 19h<br><strong>Classifica\u00e7\u00e3o et\u00e1ria:<\/strong>&nbsp;12 anos<\/p>\n\n\n\n<p class=\"has-medium-font-size\"><strong>Dura\u00e7\u00e3o:<\/strong>&nbsp;70 minutos<\/p>\n\n\n\n<p><\/p>\n","protected":false},"excerpt":{"rendered":"<p>Show \u00e9 no Teatro Prudential, dia 1\u00ba, v\u00e9spera de feriado Passado o segundo turno das&#8230;<\/p>\n","protected":false},"author":3,"featured_media":6843,"comment_status":"closed","ping_status":"open","sticky":false,"template":"","format":"standard","meta":{"om_disable_all_campaigns":false,"_monsterinsights_skip_tracking":false,"_monsterinsights_sitenote_active":false,"_monsterinsights_sitenote_note":"","_monsterinsights_sitenote_category":0,"spay_email":""},"categories":[1],"tags":[],"jetpack_featured_media_url":"https:\/\/vimagazine.com.br\/wp-content\/uploads\/2022\/10\/MPB4-Divulgacao-credito-Camilla-Guimaraes-8-MEDIA.jpg","_links":{"self":[{"href":"https:\/\/vimagazine.com.br\/index.php?rest_route=\/wp\/v2\/posts\/6842"}],"collection":[{"href":"https:\/\/vimagazine.com.br\/index.php?rest_route=\/wp\/v2\/posts"}],"about":[{"href":"https:\/\/vimagazine.com.br\/index.php?rest_route=\/wp\/v2\/types\/post"}],"author":[{"embeddable":true,"href":"https:\/\/vimagazine.com.br\/index.php?rest_route=\/wp\/v2\/users\/3"}],"replies":[{"embeddable":true,"href":"https:\/\/vimagazine.com.br\/index.php?rest_route=%2Fwp%2Fv2%2Fcomments&post=6842"}],"version-history":[{"count":1,"href":"https:\/\/vimagazine.com.br\/index.php?rest_route=\/wp\/v2\/posts\/6842\/revisions"}],"predecessor-version":[{"id":6845,"href":"https:\/\/vimagazine.com.br\/index.php?rest_route=\/wp\/v2\/posts\/6842\/revisions\/6845"}],"wp:featuredmedia":[{"embeddable":true,"href":"https:\/\/vimagazine.com.br\/index.php?rest_route=\/wp\/v2\/media\/6843"}],"wp:attachment":[{"href":"https:\/\/vimagazine.com.br\/index.php?rest_route=%2Fwp%2Fv2%2Fmedia&parent=6842"}],"wp:term":[{"taxonomy":"category","embeddable":true,"href":"https:\/\/vimagazine.com.br\/index.php?rest_route=%2Fwp%2Fv2%2Fcategories&post=6842"},{"taxonomy":"post_tag","embeddable":true,"href":"https:\/\/vimagazine.com.br\/index.php?rest_route=%2Fwp%2Fv2%2Ftags&post=6842"}],"curies":[{"name":"wp","href":"https:\/\/api.w.org\/{rel}","templated":true}]}}