{"id":6940,"date":"2022-11-03T19:34:37","date_gmt":"2022-11-03T22:34:37","guid":{"rendered":"https:\/\/vimagazine.com.br\/?p=6940"},"modified":"2022-11-03T19:38:29","modified_gmt":"2022-11-03T22:38:29","slug":"programacao-de-showcases-do-tum-festival-recebe-%ef%bf%bc18-artistas-e-bandas-com-aposta-na-diversidade-de-estilos","status":"publish","type":"post","link":"https:\/\/vimagazine.com.br\/?p=6940","title":{"rendered":"Programa\u00e7\u00e3o de showcases do TUM Festival recebe 18 artistas e bandas com aposta na diversidade de estilos"},"content":{"rendered":"\n<p><\/p>\n\n\n\n<p style=\"font-size:22px\"><em>Participantes poder\u00e3o mostrar trabalho ao vivo a potenciais compradores de shows durante evento que ocorre entre os dias 10 e 15 de novembro, em Florian\u00f3polis<\/em><\/p>\n\n\n\n<p><\/p>\n\n\n\n<p>A quinta edi\u00e7\u00e3o do TUM Festival, mais importante festival e confer\u00eancia de m\u00fasica, neg\u00f3cios, economia criativa e sustentabilidade de Santa Catarina, tem como mote o imperativo &#8220;Escute o seu cora\u00e7\u00e3o&#8221;. Para os artistas e bandas que se apresentar\u00e3o nos showcases do evento, que ocorre entre os dias 10 e 15 de novembro, na cidade de Florian\u00f3polis, ser\u00e1 a hora de mostrar o resultado desse exerc\u00edcio. S\u00e3o 18 atra\u00e7\u00f5es de diferentes partes do pa\u00eds &#8211; ao menos oito estados est\u00e3o representados, al\u00e9m de uma atra\u00e7\u00e3o vinda da Argentina, em uma sele\u00e7\u00e3o que aposta na diversidade de ritmos e linguagens.&nbsp;<\/p>\n\n\n\n<p>Do som eletr\u00f4nico e contempor\u00e2neo que mescla beats, sintetizadores e guitarra el\u00e9trica com ritmos tradicionais do duo baiano Vitrolab ao repert\u00f3rio de variados ritmos sul-americanos do ga\u00facho Roger Corr\u00eaa. Passando pela musicalidade brasileira que valoriza o samba apresentada pelo mineiro Nobat, e pelo flerte com o neo soul e o trip hop da catarinense Kia Sajo. At\u00e9 o &#8220;Tropical Lofi&#8221; do paulistano Rico Manzano, a mistura de influ\u00eancias que v\u00e3o do rock alternativo a m\u00fasica de concerto de Kl\u00fcber (PR), e o indie pop da cantora Sellva (DF). S\u00e3o alguns exemplos do que ser\u00e1 apresentado no TUM Festival ao longo dos seis dias de programa\u00e7\u00e3o de showcases (confira a rela\u00e7\u00e3o completa abaixo).<\/p>\n\n\n\n<p>&#8220;Um dos nossos objetivos \u00e9 aproximar artistas e profissionais da m\u00fasica, sendo a ponte para conex\u00f5es e a gera\u00e7\u00e3o de novos mercados e neg\u00f3cios. Nesse sentido, os showcases s\u00e3o uma oportunidade importante para os artistas independentes, que em geral t\u00eam dificuldades para conseguir circular com seus projetos em um pa\u00eds do tamanho do Brasil&#8221;, destaca a idealizadora e diretora geral do TUM Festival, Ivanna Tolotti. &#8220;Recebemos inscri\u00e7\u00f5es de in\u00fameros artistas, de muitas partes do pa\u00eds, e fizemos uma curadoria que buscou contemplar uma diversidade de estilos e linguagens&#8221;, complementa Ivanna.<\/p>\n\n\n\n<p>Os showcases ser\u00e3o apresentados no Centro Integrado de Cultura (CIC), Boulevard 14\/32 (Floripa Airport), Bugio Centro e Cervejaria Matura, em Florian\u00f3polis. Os artistas far\u00e3o apresenta\u00e7\u00f5es de 50 minutos de dura\u00e7\u00e3o. A ideia \u00e9 que eles tenham a possibilidade de mostrar o trabalho ao vivo para potenciais compradores de shows, programadores de festivais, organizadores de eventos, bares e casas noturnas, formadores de opini\u00e3o, selos, editoras, gravadoras e demais profissionais da ind\u00fastria da m\u00fasica.&nbsp;<\/p>\n\n\n\n<p>A programa\u00e7\u00e3o completa do TUM Festival inclui ainda os shows nacionais de Jo\u00e3o Bosco, Mart&#8217;n\u00e1lia com Camerata Florian\u00f3polis e Pato Fu, e as atra\u00e7\u00f5es internacionais Camille Bertault e Zalon Thompson, al\u00e9m de palestras, pain\u00e9is, debates, confer\u00eancias e rodadas de neg\u00f3cios.<\/p>\n\n\n\n<p>A quinta edi\u00e7\u00e3o do TUM Festival tem o apoio institucional da Funda\u00e7\u00e3o Catarinense de Cultura, do Estado de Santa Catarina, Museu da Imagem e do Som (MIS), Udesc (Universidade do Estado de Santa Catarina), do Centro de Artes (Ceart), Instituto Trama \u00c9tica e do projeto Cultura Circular, atrav\u00e9s do British Council e Oi Futuro. O evento tem patroc\u00ednio da Prefeitura Municipal de Florian\u00f3polis atrav\u00e9s da Lei de Incentivo \u00e0 Cultura e Funda\u00e7\u00e3o Franklin Cascaes, e ainda apoio cultural da Ibagy, Floripa Airport e Sebrae, al\u00e9m de ter a Uni\u00e3o Brasileira de Compositores (UBC), M\u00fasica e Neg\u00f3cios (PUC\/RJ) e MCT (M\u00fasica, Copyright e Tecnologia) como parceiros musicais. Realiza\u00e7\u00e3o da Tum Cult e Ivanna Tolotti. Mais informa\u00e7\u00f5es nas redes @tumcult e no site <a href=\"http:\/\/www.tumcult.com.br\/\" target=\"_blank\" rel=\"noreferrer noopener\">www.tumcult.com.br<\/a>.<\/p>\n\n\n\n<figure class=\"wp-container-2 wp-block-gallery-1 wp-block-gallery has-nested-images columns-default is-cropped\">\n<figure class=\"wp-block-image size-large\"><img width=\"1280\" height=\"1920\" data-id=\"6942\"  src=\"https:\/\/vimagazine.com.br\/wp-content\/uploads\/2022\/11\/sELLVA.jpg\" alt=\"\" class=\"wp-image-6942\" srcset=\"https:\/\/vimagazine.com.br\/wp-content\/uploads\/2022\/11\/sELLVA.jpg 1280w, https:\/\/vimagazine.com.br\/wp-content\/uploads\/2022\/11\/sELLVA-200x300.jpg 200w, https:\/\/vimagazine.com.br\/wp-content\/uploads\/2022\/11\/sELLVA-683x1024.jpg 683w, https:\/\/vimagazine.com.br\/wp-content\/uploads\/2022\/11\/sELLVA-768x1152.jpg 768w, https:\/\/vimagazine.com.br\/wp-content\/uploads\/2022\/11\/sELLVA-1024x1536.jpg 1024w\" sizes=\"(max-width: 1280px) 100vw, 1280px\" \/><\/figure>\n\n\n\n<figure class=\"wp-block-image size-large\"><img width=\"1440\" height=\"959\" data-id=\"6943\"  src=\"https:\/\/vimagazine.com.br\/wp-content\/uploads\/2022\/11\/Nayra-Costa.jpeg\" alt=\"\" class=\"wp-image-6943\" srcset=\"https:\/\/vimagazine.com.br\/wp-content\/uploads\/2022\/11\/Nayra-Costa.jpeg 1440w, https:\/\/vimagazine.com.br\/wp-content\/uploads\/2022\/11\/Nayra-Costa-300x200.jpeg 300w, https:\/\/vimagazine.com.br\/wp-content\/uploads\/2022\/11\/Nayra-Costa-1024x682.jpeg 1024w, https:\/\/vimagazine.com.br\/wp-content\/uploads\/2022\/11\/Nayra-Costa-768x511.jpeg 768w\" sizes=\"(max-width: 1440px) 100vw, 1440px\" \/><\/figure>\n\n\n\n<figure class=\"wp-block-image size-large\"><img width=\"1600\" height=\"1067\" data-id=\"6944\"  src=\"https:\/\/vimagazine.com.br\/wp-content\/uploads\/2022\/11\/VITROLAB_2_credito-Silvonei-Filho.jpg\" alt=\"\" class=\"wp-image-6944\" srcset=\"https:\/\/vimagazine.com.br\/wp-content\/uploads\/2022\/11\/VITROLAB_2_credito-Silvonei-Filho.jpg 1600w, https:\/\/vimagazine.com.br\/wp-content\/uploads\/2022\/11\/VITROLAB_2_credito-Silvonei-Filho-300x200.jpg 300w, https:\/\/vimagazine.com.br\/wp-content\/uploads\/2022\/11\/VITROLAB_2_credito-Silvonei-Filho-1024x683.jpg 1024w, https:\/\/vimagazine.com.br\/wp-content\/uploads\/2022\/11\/VITROLAB_2_credito-Silvonei-Filho-768x512.jpg 768w, https:\/\/vimagazine.com.br\/wp-content\/uploads\/2022\/11\/VITROLAB_2_credito-Silvonei-Filho-1536x1024.jpg 1536w\" sizes=\"(max-width: 1600px) 100vw, 1600px\" \/><\/figure>\n<\/figure>\n\n\n\n<p class=\"has-medium-font-size\"><strong>Programa\u00e7\u00e3o showcases TUM Festival 2022<\/strong><\/p>\n\n\n\n<p class=\"has-medium-font-size\"><strong>10\/11<\/strong>&nbsp;<\/p>\n\n\n\n<p class=\"has-medium-font-size\">Local: Museu da Imagem e do Som (MIS), no CIC<\/p>\n\n\n\n<p class=\"has-medium-font-size\">Entrada gratuita<\/p>\n\n\n\n<p class=\"has-medium-font-size\">18h &#8211; Seifers (SC)&nbsp;<\/p>\n\n\n\n<p class=\"has-medium-font-size\">20h &#8211; Jess\u00e9 Santo (PE), com participa\u00e7\u00e3o de Lucas Pretti<\/p>\n\n\n\n<p class=\"has-medium-font-size\"><strong>11\/11<\/strong><\/p>\n\n\n\n<p class=\"has-medium-font-size\">Local: Museu da Imagem e do Som (MIS), no CIC<\/p>\n\n\n\n<p class=\"has-medium-font-size\">Entrada gratuita<\/p>\n\n\n\n<p class=\"has-medium-font-size\">18h &#8211; Thais Morell (PR)&nbsp;<\/p>\n\n\n\n<p class=\"has-medium-font-size\">19h &#8211; Kl\u00fcber (PR)&nbsp;<\/p>\n\n\n\n<p class=\"has-medium-font-size\">20h &#8211; Roger Corr\u00eaa (RS)&nbsp;<\/p>\n\n\n\n<p class=\"has-medium-font-size\"><strong>12\/11<\/strong><\/p>\n\n\n\n<p class=\"has-medium-font-size\">Local: Bugio Centro<\/p>\n\n\n\n<p class=\"has-medium-font-size\">Entrada gratuita<\/p>\n\n\n\n<p class=\"has-medium-font-size\">22h30 &#8211; Z\u00e9 Tedesco (SC)&nbsp;<\/p>\n\n\n\n<p class=\"has-medium-font-size\">23h30 &#8211; Dat Garcia (Argentina)&nbsp;<\/p>\n\n\n\n<p class=\"has-medium-font-size\">01h &#8211; Kia Sajo (SC)&nbsp;<\/p>\n\n\n\n<p class=\"has-medium-font-size\"><strong>13\/11<\/strong><\/p>\n\n\n\n<p class=\"has-medium-font-size\">Local: Bugio Centro<\/p>\n\n\n\n<p class=\"has-medium-font-size\">Entrada gratuita<\/p>\n\n\n\n<p class=\"has-medium-font-size\">22h30 &#8211; P\u00e9da (SC)<\/p>\n\n\n\n<p class=\"has-medium-font-size\">23h30 &#8211; Nayra Costa (CE)&nbsp;<\/p>\n\n\n\n<p class=\"has-medium-font-size\">01h &#8211; Sino da Mata (RS)<\/p>\n\n\n\n<p class=\"has-medium-font-size\"><strong>14\/11<\/strong><\/p>\n\n\n\n<p class=\"has-medium-font-size\">Local: Boulevard 14\/32, no Floripa Airport<\/p>\n\n\n\n<p class=\"has-medium-font-size\">Integra programa\u00e7\u00e3o do Conex\u00e3o TUM, ingressos no <a href=\"http:\/\/blueticket.com.br\/\" rel=\"noreferrer noopener\" target=\"_blank\">blueticket.com.br<\/a><\/p>\n\n\n\n<p class=\"has-medium-font-size\">19h &#8211; Rico Manzano (SP)&nbsp;<\/p>\n\n\n\n<p class=\"has-medium-font-size\">20h &#8211; Nobat (MG)&nbsp;<\/p>\n\n\n\n<p class=\"has-medium-font-size\">21h &#8211; Vitrolab (BA)&nbsp;<\/p>\n\n\n\n<p class=\"has-medium-font-size\"><strong>15\/11<\/strong><\/p>\n\n\n\n<p class=\"has-medium-font-size\">Local: Cervejaria Matura<\/p>\n\n\n\n<p class=\"has-medium-font-size\">Entrada gratuita<\/p>\n\n\n\n<p class=\"has-medium-font-size\">17h &#8211; Luciano Bilu (SC)&nbsp;<\/p>\n\n\n\n<p class=\"has-medium-font-size\">18h20 &#8211; Sellva (DF)&nbsp;<\/p>\n\n\n\n<p class=\"has-medium-font-size\">19h40 &#8211; Mel Mattos (CE)&nbsp;<\/p>\n\n\n\n<p class=\"has-medium-font-size\">21h &#8211; Marelua (SC)&nbsp;<\/p>\n","protected":false},"excerpt":{"rendered":"<p>Participantes poder\u00e3o mostrar trabalho ao vivo a potenciais compradores de shows durante evento que ocorre&#8230;<\/p>\n","protected":false},"author":1,"featured_media":6941,"comment_status":"closed","ping_status":"open","sticky":false,"template":"","format":"standard","meta":{"om_disable_all_campaigns":false,"_monsterinsights_skip_tracking":false,"_monsterinsights_sitenote_active":false,"_monsterinsights_sitenote_note":"","_monsterinsights_sitenote_category":0,"spay_email":""},"categories":[1],"tags":[],"jetpack_featured_media_url":"https:\/\/vimagazine.com.br\/wp-content\/uploads\/2022\/11\/Roger-Correa.jpg","_links":{"self":[{"href":"https:\/\/vimagazine.com.br\/index.php?rest_route=\/wp\/v2\/posts\/6940"}],"collection":[{"href":"https:\/\/vimagazine.com.br\/index.php?rest_route=\/wp\/v2\/posts"}],"about":[{"href":"https:\/\/vimagazine.com.br\/index.php?rest_route=\/wp\/v2\/types\/post"}],"author":[{"embeddable":true,"href":"https:\/\/vimagazine.com.br\/index.php?rest_route=\/wp\/v2\/users\/1"}],"replies":[{"embeddable":true,"href":"https:\/\/vimagazine.com.br\/index.php?rest_route=%2Fwp%2Fv2%2Fcomments&post=6940"}],"version-history":[{"count":2,"href":"https:\/\/vimagazine.com.br\/index.php?rest_route=\/wp\/v2\/posts\/6940\/revisions"}],"predecessor-version":[{"id":6946,"href":"https:\/\/vimagazine.com.br\/index.php?rest_route=\/wp\/v2\/posts\/6940\/revisions\/6946"}],"wp:featuredmedia":[{"embeddable":true,"href":"https:\/\/vimagazine.com.br\/index.php?rest_route=\/wp\/v2\/media\/6941"}],"wp:attachment":[{"href":"https:\/\/vimagazine.com.br\/index.php?rest_route=%2Fwp%2Fv2%2Fmedia&parent=6940"}],"wp:term":[{"taxonomy":"category","embeddable":true,"href":"https:\/\/vimagazine.com.br\/index.php?rest_route=%2Fwp%2Fv2%2Fcategories&post=6940"},{"taxonomy":"post_tag","embeddable":true,"href":"https:\/\/vimagazine.com.br\/index.php?rest_route=%2Fwp%2Fv2%2Ftags&post=6940"}],"curies":[{"name":"wp","href":"https:\/\/api.w.org\/{rel}","templated":true}]}}