{"id":6947,"date":"2022-11-04T08:22:42","date_gmt":"2022-11-04T11:22:42","guid":{"rendered":"https:\/\/vimagazine.com.br\/?p=6947"},"modified":"2022-11-04T08:22:48","modified_gmt":"2022-11-04T11:22:48","slug":"conheca-rafael-peixoto-um-profissional-que-reinventou-se-e-passou-por-grande-transicao-de-carreira","status":"publish","type":"post","link":"https:\/\/vimagazine.com.br\/?p=6947","title":{"rendered":"Conhe\u00e7a Rafael Peixoto, um profissional que reinventou-se  e passou por  grande transi\u00e7\u00e3o de carreira"},"content":{"rendered":"\n<p>J\u00e1 foi arquiteto de TI, Gerente de Marketing e, hoje, vem revolucionando a \u00e1rea da Terapia Cl\u00ednica com o Programa de Reeduca\u00e7\u00e3o Mental e Comportamental (PRMC), chamado de Terapia Breve.<\/p>\n\n\n\n<p>Rafael \u00e9 procurado por pessoas de todas as classes, incluindo artistas e grandes empres\u00e1rias(os). Ele diz que seu p\u00fablico \u00e9 constitu\u00eddo, em sua grande maioria, por mulheres na faixa-et\u00e1ria entre 35 e 55 anos.<\/p>\n\n\n\n<p>Ele acredita que, ao longo dos anos, as mulheres sempre deram mais aten\u00e7\u00e3o para a Sa\u00fade (Mental e F\u00edsica), devido ao h\u00e1bito constru\u00eddo, desde a adolesc\u00eancia, em frequentar consultas preventivas, como por exemplo: ginecologista e obstetra.<\/p>\n\n\n\n<p>O Terapeuta nos conta que a maioria das mulheres chega ao seu consult\u00f3rio reclamando de:<br>\u2022 Ins\u00f4nia<br>\u2022 Ansiedade<br>\u2022 Procrastina\u00e7\u00e3o<br>\u2022 D\u00e9ficit de Mem\u00f3ria<br>\u2022 Compuls\u00e3o Alimentar<br>\u2022 Pensamentos Negativos<br>\u2022 Dificuldades no Aprendizado<br>\u2022 Dores cr\u00f4nicas (ex.: Fibromialgia)<\/p>\n\n\n\n<p>Ele, tamb\u00e9m, nos revela que h\u00e1 uma significativa procura pelos pais ou respons\u00e1veis de adolescentes, entre 14 e 17 anos, devido \u00e0 casos que envolvem abuso sexual na inf\u00e2ncia.<\/p>\n\n\n\n<p>Entre os homens, os problemas mais comuns est\u00e3o relacionados com a Ansiedade, Ins\u00f4nia, Disfun\u00e7\u00e3o Sexual e Depend\u00eancia Qu\u00edmica.<\/p>\n\n\n\n<figure class=\"wp-block-image aligncenter size-large is-resized\"><img src=\"https:\/\/vimagazine.com.br\/wp-content\/uploads\/2022\/11\/DSC_8463-678x1024.jpg\" alt=\"\" class=\"wp-image-6948\" width=\"543\" height=\"820\" srcset=\"https:\/\/vimagazine.com.br\/wp-content\/uploads\/2022\/11\/DSC_8463-678x1024.jpg 678w, https:\/\/vimagazine.com.br\/wp-content\/uploads\/2022\/11\/DSC_8463-199x300.jpg 199w, https:\/\/vimagazine.com.br\/wp-content\/uploads\/2022\/11\/DSC_8463-768x1159.jpg 768w, https:\/\/vimagazine.com.br\/wp-content\/uploads\/2022\/11\/DSC_8463-1018x1536.jpg 1018w, https:\/\/vimagazine.com.br\/wp-content\/uploads\/2022\/11\/DSC_8463-1024x1546.jpg 1024w, https:\/\/vimagazine.com.br\/wp-content\/uploads\/2022\/11\/DSC_8463.jpg 1272w\" sizes=\"(max-width: 543px) 100vw, 543px\" \/><figcaption>Rafael Peixoto &#8211; Foto: J Domingos<\/figcaption><\/figure>\n\n\n\n<p>De acordo com o Terapeuta, o m\u00e9todo da Terapia Breve, j\u00e1 consagrado em pa\u00edses de primeiro mundo, vem se tornando uma \u00f3tima alternativa para tratamento de sintomas psicossom\u00e1ticos, tamb\u00e9m, aqui no Brasil.<\/p>\n\n\n\n<p>Um dos grandes diferenciais da Terapia Breve \u00e9 ir direto ao encontro da causa-raiz do(s) problema(s), sendo assim, evita despender tempo, que pode se tornar anos, analisando os sintomas do paciente.<\/p>\n\n\n\n<p>Rafael diz que o seu m\u00e9todo pode ser aplicado, totalmente, de forma remota (Online), inclusive ele menciona j\u00e1 ter clientes fora do Brasil.<\/p>\n\n\n\n<p>Mas para aqueles que preferem um atendimento pessoal, ele oferece seus servi\u00e7os nas localidades, abaixo:<br>\u2022 Petr\u00f3polis-RJ<br>\u2022 Teres\u00f3polis-RJ<br>\u2022 Barra da Tijuca-RJ<br>\u2022 Juiz de Fora-MG<br>\u2022 Vila Ol\u00edmpia-SP<\/p>\n\n\n\n<p>Hoje, aos 41 anos de idade, \u00e9 considerado um Terapeuta Cl\u00ednico moderno, devido ao seu hist\u00f3rico com a tecnologia e, como resultado disso, j\u00e1 passou por diversas revistas de renome, nacionais e internacionais.<\/p>\n\n\n\n<p>Quando n\u00e3o est\u00e1 no consult\u00f3rio ou estudando, ele divide seu tempo com Palestras e Treinamentos para o mundo corporativo, al\u00e9m de ser apresentador do programa &#8220;A MENTE QUE APRENDE&#8221; pela TV Petr\u00f3polis, transmitido, ao vivo, toda quinta-feira \u00e0s 19h, pelo Canal 10 (Regi\u00e3o Serrana do Rio) ou atrav\u00e9s das redes sociais da emissora.<\/p>\n\n\n\n<p>No mais, segue o Instagram, onde s\u00e3o disponibilizados v\u00e1rios relatos e depoimentos de pessoas que j\u00e1 passaram pelo m\u00e9todo.<br><a href=\"https:\/\/www.instagram.com\/rafaelpeixotooficial\/\" target=\"_blank\" rel=\"noreferrer noopener\" title=\"@rafaelpeixotooficial\">@rafaelpeixotooficial<\/a><\/p>\n","protected":false},"excerpt":{"rendered":"<p>J\u00e1 foi arquiteto de TI, Gerente de Marketing e, hoje, vem revolucionando a \u00e1rea da&#8230;<\/p>\n","protected":false},"author":18,"featured_media":6949,"comment_status":"closed","ping_status":"open","sticky":false,"template":"","format":"standard","meta":{"om_disable_all_campaigns":false,"_monsterinsights_skip_tracking":false,"_monsterinsights_sitenote_active":false,"_monsterinsights_sitenote_note":"","_monsterinsights_sitenote_category":0,"spay_email":""},"categories":[1],"tags":[492,491,288,349,486,487,489,488,493,490],"jetpack_featured_media_url":"https:\/\/vimagazine.com.br\/wp-content\/uploads\/2022\/11\/DSC_8427.jpg","_links":{"self":[{"href":"https:\/\/vimagazine.com.br\/index.php?rest_route=\/wp\/v2\/posts\/6947"}],"collection":[{"href":"https:\/\/vimagazine.com.br\/index.php?rest_route=\/wp\/v2\/posts"}],"about":[{"href":"https:\/\/vimagazine.com.br\/index.php?rest_route=\/wp\/v2\/types\/post"}],"author":[{"embeddable":true,"href":"https:\/\/vimagazine.com.br\/index.php?rest_route=\/wp\/v2\/users\/18"}],"replies":[{"embeddable":true,"href":"https:\/\/vimagazine.com.br\/index.php?rest_route=%2Fwp%2Fv2%2Fcomments&post=6947"}],"version-history":[{"count":1,"href":"https:\/\/vimagazine.com.br\/index.php?rest_route=\/wp\/v2\/posts\/6947\/revisions"}],"predecessor-version":[{"id":6950,"href":"https:\/\/vimagazine.com.br\/index.php?rest_route=\/wp\/v2\/posts\/6947\/revisions\/6950"}],"wp:featuredmedia":[{"embeddable":true,"href":"https:\/\/vimagazine.com.br\/index.php?rest_route=\/wp\/v2\/media\/6949"}],"wp:attachment":[{"href":"https:\/\/vimagazine.com.br\/index.php?rest_route=%2Fwp%2Fv2%2Fmedia&parent=6947"}],"wp:term":[{"taxonomy":"category","embeddable":true,"href":"https:\/\/vimagazine.com.br\/index.php?rest_route=%2Fwp%2Fv2%2Fcategories&post=6947"},{"taxonomy":"post_tag","embeddable":true,"href":"https:\/\/vimagazine.com.br\/index.php?rest_route=%2Fwp%2Fv2%2Ftags&post=6947"}],"curies":[{"name":"wp","href":"https:\/\/api.w.org\/{rel}","templated":true}]}}