{"id":6956,"date":"2022-11-03T10:00:00","date_gmt":"2022-11-03T13:00:00","guid":{"rendered":"https:\/\/vimagazine.com.br\/?p=6956"},"modified":"2022-11-05T20:05:59","modified_gmt":"2022-11-05T23:05:59","slug":"novembro-diabetes-azul-confira-os-eventos-programados-para-o-mes-de-combate-a-diabetes-em-joinville","status":"publish","type":"post","link":"https:\/\/vimagazine.com.br\/?p=6956","title":{"rendered":"<strong>Novembro Diabetes Azul: confira os eventos programados <\/strong><strong>para o m\u00eas de combate \u00e0 diabetes em Joinville<\/strong>"},"content":{"rendered":"\n<p>O m\u00eas de novembro \u00e9 dedicado \u00e0s campanhas de conscientiza\u00e7\u00e3o do diabetes, doen\u00e7a que afeta 463 milh\u00f5es de pessoas em todo o mundo, ou seja, um em cada 11 adultos vive com a condi\u00e7\u00e3o, segundo dados da <a href=\"https:\/\/www.idf.org\/e-library\/epidemiology-research\/diabetes-atlas.html\" target=\"_blank\" rel=\"noreferrer noopener\">Federa\u00e7\u00e3o Internacional de Diabetes (IDF)<\/a>.<\/p>\n\n\n\n<p>Se o ritmo n\u00e3o mudar, a previs\u00e3o \u00e9 de que o contingente populacional com diabetes aumente para 578 milh\u00f5es em 2030. Uma pandemia silenciosa.<\/p>\n\n\n\n<p>Por isso, o objetivo do Novembro Diabetes Azul \u00e9 chamar a aten\u00e7\u00e3o da sociedade para as formas de preven\u00e7\u00e3o, sintomas e controle da glicemia. Com isso, ao longo do m\u00eas, diversas iniciativas ser\u00e3o realizadas em Joinville.&nbsp;<\/p>\n\n\n\n<p><strong>03, 04 e 05\/ 11 Atividades de conscientiza\u00e7\u00e3o no Garten Shopping<\/strong><\/p>\n\n\n\n<p>Durante tr\u00eas dias, profissionais de diferentes segmentos estar\u00e3o no Garten Shopping orientando as pessoas sobre os riscos que o diabetes pode oferecer a jovens e adultos.<\/p>\n\n\n\n<p><strong>06\/11 Caminhada Azul pelo Diabetes<\/strong><\/p>\n\n\n\n<p>A Caminhada Azul iniciar\u00e1 \u00e0s 9h, na Pra\u00e7a Nereu Ramos e pretende marcar o Dia Mundial do Diabetes. A expectativa \u00e9 que o evento re\u00fana cerca de 300 pessoas, entre crian\u00e7as, adolescentes e adultos. O evento tamb\u00e9m contar\u00e1 com a apresenta\u00e7\u00e3o da Banda do Batalh\u00e3o e do Coral do Col\u00e9gio Adventista.&nbsp;<\/p>\n\n\n\n<p><strong>19\/11 &#8211; 6\u00ba Mutir\u00e3o Diabetes Joinville<\/strong><\/p>\n\n\n\n<p>No dia 19 de novembro a Sociedade Joinvilense de Medicina, Sociedade Catarinense de Oftalmologia, Hospital de Olhos Sadalla Amim Ghanem e Secretaria Municipal de Sa\u00fade, promovem das 8h \u00e0s 12h, no Gin\u00e1sio Sesc, o 6\u00ba Mutir\u00e3o Diabetes Joinville. No local, ser\u00e3o realizados exames como medi\u00e7\u00e3o de glicemia, \u00edndice de massa corp\u00f3rea (IMC), press\u00e3o arterial, fundo de olho e avalia\u00e7\u00e3o do p\u00e9 diab\u00e9tico. &#8220;O projeto tem como objetivo esclarecer a popula\u00e7\u00e3o sobre os riscos e complica\u00e7\u00f5es da doen\u00e7a e proporcionar os exames que devem fazer parte da rotina do diab\u00e9tico. Nas edi\u00e7\u00f5es anteriores, j\u00e1 atendemos mais de 1500 pessoas com diabetes&#8221;, explica o m\u00e9dico Dr. Evandro Lu\u00eds Rosa.<\/p>\n\n\n\n<p>O atendimento ser\u00e1 por ordem de chegada e as vagas s\u00e3o limitadas. A meta dos organizadores \u00e9 oferecer a realiza\u00e7\u00e3o de 600 exames para pessoas portadoras de diabetes e 500 para demais pessoas que comparecerem ao evento.&nbsp;<\/p>\n\n\n\n<p>Para facilitar o atendimento, recomenda-se levar o cart\u00e3o do Sistema \u00danico de Sa\u00fade (SUS) e n\u00e3o \u00e9 necess\u00e1rio chegar ao local em jejum.&nbsp;<\/p>\n\n\n\n<p>Um dos exames que ser\u00e1 realizado no mutir\u00e3o \u00e9 o de fundo de olho, que permite detectar precocemente a retinopatia diab\u00e9tica, maior causa de cegueira na popula\u00e7\u00e3o abaixo dos 60 anos. Tamb\u00e9m ser\u00e1 realizado exame do p\u00e9 diab\u00e9tico no intuito de orientar o diab\u00e9tico para evitar complica\u00e7\u00f5es como as amputa\u00e7\u00f5es.&nbsp;<\/p>\n\n\n\n<p>Al\u00e9m disso, no dia tamb\u00e9m haver\u00e1 a Feira da Sa\u00fade, cujo foco ser\u00e1 passar orienta\u00e7\u00f5es sobre nutri\u00e7\u00e3o e atividades f\u00edsicas, al\u00e9m de expor produtos e servi\u00e7os para diab\u00e9ticos.<\/p>\n\n\n\n<p>&#8220;Ser\u00e1 um dia especial onde cerca de 250 volunt\u00e1rios estar\u00e3o unidos para alertar e ajudar a popula\u00e7\u00e3o contra as complica\u00e7\u00f5es do diabetes. Todos estes volunt\u00e1rios vir\u00e3o para o Mutir\u00e3o para deixar Joinville uma cidade ainda melhor&#8221;, destaca o m\u00e9dico.&nbsp;<\/p>\n\n\n\n<p><strong>Novembro Diabetes Azul: confira os eventos programados <\/strong><strong>para o m\u00eas de combate \u00e0 diabetes em Joinville<\/strong><\/p>\n\n\n\n<p>O m\u00eas de novembro \u00e9 dedicado \u00e0s campanhas de conscientiza\u00e7\u00e3o do diabetes, doen\u00e7a que afeta 463 milh\u00f5es de pessoas em todo o mundo, ou seja, um em cada 11 adultos vive com a condi\u00e7\u00e3o, segundo dados da <a href=\"https:\/\/www.idf.org\/e-library\/epidemiology-research\/diabetes-atlas.html\" target=\"_blank\" rel=\"noreferrer noopener\">Federa\u00e7\u00e3o Internacional de Diabetes (IDF)<\/a>.<\/p>\n\n\n\n<p>Se o ritmo n\u00e3o mudar, a previs\u00e3o \u00e9 de que o contingente populacional com diabetes aumente para 578 milh\u00f5es em 2030. Uma pandemia silenciosa.<\/p>\n\n\n\n<p>Por isso, o objetivo do Novembro Diabetes Azul \u00e9 chamar a aten\u00e7\u00e3o da sociedade para as formas de preven\u00e7\u00e3o, sintomas e controle da glicemia. Com isso, ao longo do m\u00eas, diversas iniciativas ser\u00e3o realizadas em Joinville.&nbsp;<\/p>\n\n\n\n<p><strong>03, 04 e 05\/ 11 Atividades de conscientiza\u00e7\u00e3o no Garten Shopping<\/strong><\/p>\n\n\n\n<p>Durante tr\u00eas dias, profissionais de diferentes segmentos estar\u00e3o no Garten Shopping orientando as pessoas sobre os riscos que o diabetes pode oferecer a jovens e adultos.<\/p>\n\n\n\n<p><strong>06\/11 Caminhada Azul pelo Diabetes<\/strong><\/p>\n\n\n\n<p>A Caminhada Azul iniciar\u00e1 \u00e0s 9h, na Pra\u00e7a Nereu Ramos e pretende marcar o Dia Mundial do Diabetes. A expectativa \u00e9 que o evento re\u00fana cerca de 300 pessoas, entre crian\u00e7as, adolescentes e adultos. O evento tamb\u00e9m contar\u00e1 com a apresenta\u00e7\u00e3o da Banda do Batalh\u00e3o e do Coral do Col\u00e9gio Adventista.&nbsp;<\/p>\n\n\n\n<p><strong>19\/11 &#8211; 6\u00ba Mutir\u00e3o Diabetes Joinville<\/strong><\/p>\n\n\n\n<p>No dia 19 de novembro a Sociedade Joinvilense de Medicina, Sociedade Catarinense de Oftalmologia, Hospital de Olhos Sadalla Amim Ghanem e Secretaria Municipal de Sa\u00fade, promovem das 8h \u00e0s 12h, no Gin\u00e1sio Sesc, o 6\u00ba Mutir\u00e3o Diabetes Joinville. No local, ser\u00e3o realizados exames como medi\u00e7\u00e3o de glicemia, \u00edndice de massa corp\u00f3rea (IMC), press\u00e3o arterial, fundo de olho e avalia\u00e7\u00e3o do p\u00e9 diab\u00e9tico. &#8220;O projeto tem como objetivo esclarecer a popula\u00e7\u00e3o sobre os riscos e complica\u00e7\u00f5es da doen\u00e7a e proporcionar os exames que devem fazer parte da rotina do diab\u00e9tico. Nas edi\u00e7\u00f5es anteriores, j\u00e1 atendemos mais de 1500 pessoas com diabetes&#8221;, explica o m\u00e9dico Dr. Evandro Lu\u00eds Rosa.<\/p>\n\n\n\n<p>O atendimento ser\u00e1 por ordem de chegada e as vagas s\u00e3o limitadas. A meta dos organizadores \u00e9 oferecer a realiza\u00e7\u00e3o de 600 exames para pessoas portadoras de diabetes e 500 para demais pessoas que comparecerem ao evento.&nbsp;<\/p>\n\n\n\n<p>Para facilitar o atendimento, recomenda-se levar o cart\u00e3o do Sistema \u00danico de Sa\u00fade (SUS) e n\u00e3o \u00e9 necess\u00e1rio chegar ao local em jejum.&nbsp;<\/p>\n\n\n\n<p>Um dos exames que ser\u00e1 realizado no mutir\u00e3o \u00e9 o de fundo de olho, que permite detectar precocemente a retinopatia diab\u00e9tica, maior causa de cegueira na popula\u00e7\u00e3o abaixo dos 60 anos. Tamb\u00e9m ser\u00e1 realizado exame do p\u00e9 diab\u00e9tico no intuito de orientar o diab\u00e9tico para evitar complica\u00e7\u00f5es como as amputa\u00e7\u00f5es.&nbsp;<\/p>\n\n\n\n<p>Al\u00e9m disso, no dia tamb\u00e9m haver\u00e1 a Feira da Sa\u00fade, cujo foco ser\u00e1 passar orienta\u00e7\u00f5es sobre nutri\u00e7\u00e3o e atividades f\u00edsicas, al\u00e9m de expor produtos e servi\u00e7os para diab\u00e9ticos.<\/p>\n\n\n\n<p>&#8220;Ser\u00e1 um dia especial onde cerca de 250 volunt\u00e1rios estar\u00e3o unidos para alertar e ajudar a popula\u00e7\u00e3o contra as complica\u00e7\u00f5es do diabetes. Todos estes volunt\u00e1rios vir\u00e3o para o Mutir\u00e3o para deixar Joinville uma cidade ainda melhor&#8221;, destaca o m\u00e9dico.&nbsp;<\/p>\n","protected":false},"excerpt":{"rendered":"<p>O m\u00eas de novembro \u00e9 dedicado \u00e0s campanhas de conscientiza\u00e7\u00e3o do diabetes, doen\u00e7a que afeta&#8230;<\/p>\n","protected":false},"author":20,"featured_media":6957,"comment_status":"closed","ping_status":"open","sticky":false,"template":"","format":"standard","meta":{"om_disable_all_campaigns":false,"_monsterinsights_skip_tracking":false,"_monsterinsights_sitenote_active":false,"_monsterinsights_sitenote_note":"","_monsterinsights_sitenote_category":0,"spay_email":""},"categories":[27],"tags":[],"jetpack_featured_media_url":"https:\/\/vimagazine.com.br\/wp-content\/uploads\/2022\/11\/Novembro-Diabetes-Azul1.jpeg","_links":{"self":[{"href":"https:\/\/vimagazine.com.br\/index.php?rest_route=\/wp\/v2\/posts\/6956"}],"collection":[{"href":"https:\/\/vimagazine.com.br\/index.php?rest_route=\/wp\/v2\/posts"}],"about":[{"href":"https:\/\/vimagazine.com.br\/index.php?rest_route=\/wp\/v2\/types\/post"}],"author":[{"embeddable":true,"href":"https:\/\/vimagazine.com.br\/index.php?rest_route=\/wp\/v2\/users\/20"}],"replies":[{"embeddable":true,"href":"https:\/\/vimagazine.com.br\/index.php?rest_route=%2Fwp%2Fv2%2Fcomments&post=6956"}],"version-history":[{"count":1,"href":"https:\/\/vimagazine.com.br\/index.php?rest_route=\/wp\/v2\/posts\/6956\/revisions"}],"predecessor-version":[{"id":6958,"href":"https:\/\/vimagazine.com.br\/index.php?rest_route=\/wp\/v2\/posts\/6956\/revisions\/6958"}],"wp:featuredmedia":[{"embeddable":true,"href":"https:\/\/vimagazine.com.br\/index.php?rest_route=\/wp\/v2\/media\/6957"}],"wp:attachment":[{"href":"https:\/\/vimagazine.com.br\/index.php?rest_route=%2Fwp%2Fv2%2Fmedia&parent=6956"}],"wp:term":[{"taxonomy":"category","embeddable":true,"href":"https:\/\/vimagazine.com.br\/index.php?rest_route=%2Fwp%2Fv2%2Fcategories&post=6956"},{"taxonomy":"post_tag","embeddable":true,"href":"https:\/\/vimagazine.com.br\/index.php?rest_route=%2Fwp%2Fv2%2Ftags&post=6956"}],"curies":[{"name":"wp","href":"https:\/\/api.w.org\/{rel}","templated":true}]}}