{"id":6959,"date":"2022-11-07T10:32:01","date_gmt":"2022-11-07T13:32:01","guid":{"rendered":"https:\/\/vimagazine.com.br\/?p=6959"},"modified":"2022-11-12T23:48:18","modified_gmt":"2022-11-13T02:48:18","slug":"atriz-evelyn-montesano-ganha-destaque-na-celebracao-do-los-angeles-brazilian-film-festival","status":"publish","type":"post","link":"https:\/\/vimagazine.com.br\/?p=6959","title":{"rendered":"Atriz Evelyn Montesano ganha destaque na celebra\u00e7\u00e3o do Los Angeles Brazilian Film Festival"},"content":{"rendered":"\n<p><\/p>\n\n\n\n<p><strong>Atriz Evelyn Montesano ganha destaque na noite que celebra o audiovisual brasileiro em Los Angeles, a capital mundial do cinema,  que aconteceu no dia 05 de novembro &nbsp;<\/strong><\/p>\n\n\n\n<p>A atriz Evelyn Montesano chamou aten\u00e7\u00e3o ao passar pelo tapete vermelho na abertura do Los Angeles Brazilian Film Festival (LABRFF), o festival de cinema brasileiro mais prestigiado no exterior. &nbsp;O evento aconteceu no ic\u00f4nico Harmony Gold Theater, na Sunset Blvd, em Hollywood.<\/p>\n\n\n\n<p>Evelyn apareceu deslumbrante na noite de gala usando vestido da grife italiana The Lul\u00f9 por Blugaya, sapatos, Antonietta, clutch Marquesa Delu e acess\u00f3rios brasileir\u00edssimos da Sobral Design.<\/p>\n\n\n\n<p><em>&#8220;Estar em Hollywood no meu primeiro red carpet &nbsp;internacional \u00e9 estar realizando um sonho. O Brazilian Film Festival (Festival de Cinema Brasileiro) de Los Angeles \u00e9 o mais prestigiado festival de cinema brasileiro no mundo. Fico muito feliz e honrada! \u00c9 lindo ver os profissionais e as produ\u00e7\u00f5es brasileiras ganhando cada vez mais espa\u00e7o e se destacando na capital mundial do cinema. Tem muita gente talentosa por aqui!<\/em>&#8220;, comentou Evelyn.<\/p>\n\n\n\n<p>Em sua noite de abertura, &nbsp;o LABRFF apresentou o filme &#8220;Eduardo e M\u00f4nica,&#8221; de Ren\u00e9 Sampaio e contou com presen\u00e7a de v\u00e1rias celebridades brasileiras como: Thalma de Freitas, Tiago Santiago, Mayra Dias Gomes (filha do autor de novela Dias Gomes), Giselle Claudino, Bruna Bertossi, entre outros famosos.<\/p>\n\n\n\n<p>Fundado pela produtora de cinema Meire Fernandes juntamente com o jornalista Nazareno Paulo, o festival, que chega esse ano na sua 15\u00aa edi\u00e7\u00e3o, se tornou a mais importante vitrine para produ\u00e7\u00f5es e profissionais ligados ao audiovisual brasileiro em Hollywood.<\/p>\n\n\n\n<figure class=\"wp-container-2 wp-block-gallery-1 wp-block-gallery has-nested-images columns-default is-cropped\">\n<figure class=\"wp-block-image size-large\"><img width=\"853\" height=\"1280\" data-id=\"6960\"  src=\"https:\/\/vimagazine.com.br\/wp-content\/uploads\/2022\/11\/EVELYN-E-THALMA-DE-FREITAS-1.jpg\" alt=\"\" class=\"wp-image-6960\" srcset=\"https:\/\/vimagazine.com.br\/wp-content\/uploads\/2022\/11\/EVELYN-E-THALMA-DE-FREITAS-1.jpg 853w, https:\/\/vimagazine.com.br\/wp-content\/uploads\/2022\/11\/EVELYN-E-THALMA-DE-FREITAS-1-200x300.jpg 200w, https:\/\/vimagazine.com.br\/wp-content\/uploads\/2022\/11\/EVELYN-E-THALMA-DE-FREITAS-1-682x1024.jpg 682w, https:\/\/vimagazine.com.br\/wp-content\/uploads\/2022\/11\/EVELYN-E-THALMA-DE-FREITAS-1-768x1152.jpg 768w\" sizes=\"(max-width: 853px) 100vw, 853px\" \/><figcaption>EVELYN E THALMA DE FREITAS<\/figcaption><\/figure>\n\n\n\n<figure class=\"wp-block-image size-large\"><img width=\"853\" height=\"1280\" data-id=\"6962\"  src=\"https:\/\/vimagazine.com.br\/wp-content\/uploads\/2022\/11\/EVELYN-MONTESANO-2.jpg\" alt=\"\" class=\"wp-image-6962\" srcset=\"https:\/\/vimagazine.com.br\/wp-content\/uploads\/2022\/11\/EVELYN-MONTESANO-2.jpg 853w, https:\/\/vimagazine.com.br\/wp-content\/uploads\/2022\/11\/EVELYN-MONTESANO-2-200x300.jpg 200w, https:\/\/vimagazine.com.br\/wp-content\/uploads\/2022\/11\/EVELYN-MONTESANO-2-682x1024.jpg 682w, https:\/\/vimagazine.com.br\/wp-content\/uploads\/2022\/11\/EVELYN-MONTESANO-2-768x1152.jpg 768w\" sizes=\"(max-width: 853px) 100vw, 853px\" \/><\/figure>\n\n\n\n<figure class=\"wp-block-image size-large\"><img width=\"1280\" height=\"853\" data-id=\"6964\"  src=\"https:\/\/vimagazine.com.br\/wp-content\/uploads\/2022\/11\/EVELYN-ENTREVISTA.jpg\" alt=\"\" class=\"wp-image-6964\" srcset=\"https:\/\/vimagazine.com.br\/wp-content\/uploads\/2022\/11\/EVELYN-ENTREVISTA.jpg 1280w, https:\/\/vimagazine.com.br\/wp-content\/uploads\/2022\/11\/EVELYN-ENTREVISTA-300x200.jpg 300w, https:\/\/vimagazine.com.br\/wp-content\/uploads\/2022\/11\/EVELYN-ENTREVISTA-1024x682.jpg 1024w, https:\/\/vimagazine.com.br\/wp-content\/uploads\/2022\/11\/EVELYN-ENTREVISTA-768x512.jpg 768w\" sizes=\"(max-width: 1280px) 100vw, 1280px\" \/><\/figure>\n\n\n\n<figure class=\"wp-block-image size-large\"><img width=\"853\" height=\"1280\" data-id=\"6965\"  src=\"https:\/\/vimagazine.com.br\/wp-content\/uploads\/2022\/11\/EVELYN-E-RENE-SAMPAIO.jpg\" alt=\"\" class=\"wp-image-6965\" srcset=\"https:\/\/vimagazine.com.br\/wp-content\/uploads\/2022\/11\/EVELYN-E-RENE-SAMPAIO.jpg 853w, https:\/\/vimagazine.com.br\/wp-content\/uploads\/2022\/11\/EVELYN-E-RENE-SAMPAIO-200x300.jpg 200w, https:\/\/vimagazine.com.br\/wp-content\/uploads\/2022\/11\/EVELYN-E-RENE-SAMPAIO-682x1024.jpg 682w, https:\/\/vimagazine.com.br\/wp-content\/uploads\/2022\/11\/EVELYN-E-RENE-SAMPAIO-768x1152.jpg 768w\" sizes=\"(max-width: 853px) 100vw, 853px\" \/><figcaption>EVELYN E REN\u00c9 SAMPAIO<\/figcaption><\/figure>\n\n\n\n<figure class=\"wp-block-image size-large\"><img width=\"853\" height=\"1280\" data-id=\"6967\"  src=\"https:\/\/vimagazine.com.br\/wp-content\/uploads\/2022\/11\/EVELYN-E-MANOEL-NETROLA.jpg\" alt=\"\" class=\"wp-image-6967\" srcset=\"https:\/\/vimagazine.com.br\/wp-content\/uploads\/2022\/11\/EVELYN-E-MANOEL-NETROLA.jpg 853w, https:\/\/vimagazine.com.br\/wp-content\/uploads\/2022\/11\/EVELYN-E-MANOEL-NETROLA-200x300.jpg 200w, https:\/\/vimagazine.com.br\/wp-content\/uploads\/2022\/11\/EVELYN-E-MANOEL-NETROLA-682x1024.jpg 682w, https:\/\/vimagazine.com.br\/wp-content\/uploads\/2022\/11\/EVELYN-E-MANOEL-NETROLA-768x1152.jpg 768w\" sizes=\"(max-width: 853px) 100vw, 853px\" \/><figcaption>EVELYN E MANOEL NETROLA<\/figcaption><\/figure>\n\n\n\n<figure class=\"wp-block-image size-large\"><img width=\"853\" height=\"1280\" data-id=\"6968\"  src=\"https:\/\/vimagazine.com.br\/wp-content\/uploads\/2022\/11\/EVELYN-E-MAYRA-DIAS-GOMES.jpg\" alt=\"\" class=\"wp-image-6968\" srcset=\"https:\/\/vimagazine.com.br\/wp-content\/uploads\/2022\/11\/EVELYN-E-MAYRA-DIAS-GOMES.jpg 853w, https:\/\/vimagazine.com.br\/wp-content\/uploads\/2022\/11\/EVELYN-E-MAYRA-DIAS-GOMES-200x300.jpg 200w, https:\/\/vimagazine.com.br\/wp-content\/uploads\/2022\/11\/EVELYN-E-MAYRA-DIAS-GOMES-682x1024.jpg 682w, https:\/\/vimagazine.com.br\/wp-content\/uploads\/2022\/11\/EVELYN-E-MAYRA-DIAS-GOMES-768x1152.jpg 768w\" sizes=\"(max-width: 853px) 100vw, 853px\" \/><figcaption>EVELYN E MAYRA DIAS GOMES<\/figcaption><\/figure>\n\n\n\n<figure class=\"wp-block-image size-large\"><img width=\"853\" height=\"1280\" data-id=\"6969\"  src=\"https:\/\/vimagazine.com.br\/wp-content\/uploads\/2022\/11\/EVELYN-E-A-APRESENTADORA-GISELLE-CLAUDINO.jpg\" alt=\"\" class=\"wp-image-6969\" srcset=\"https:\/\/vimagazine.com.br\/wp-content\/uploads\/2022\/11\/EVELYN-E-A-APRESENTADORA-GISELLE-CLAUDINO.jpg 853w, https:\/\/vimagazine.com.br\/wp-content\/uploads\/2022\/11\/EVELYN-E-A-APRESENTADORA-GISELLE-CLAUDINO-200x300.jpg 200w, https:\/\/vimagazine.com.br\/wp-content\/uploads\/2022\/11\/EVELYN-E-A-APRESENTADORA-GISELLE-CLAUDINO-682x1024.jpg 682w, https:\/\/vimagazine.com.br\/wp-content\/uploads\/2022\/11\/EVELYN-E-A-APRESENTADORA-GISELLE-CLAUDINO-768x1152.jpg 768w\" sizes=\"(max-width: 853px) 100vw, 853px\" \/><figcaption>EVELYN E A APRESENTADORA GISELLE CLAUDINO<\/figcaption><\/figure>\n\n\n\n<figure class=\"wp-block-image size-large\"><img width=\"853\" height=\"1280\" data-id=\"6970\"  src=\"https:\/\/vimagazine.com.br\/wp-content\/uploads\/2022\/11\/EVELYN-E-MEIRE-FERNANDES.jpg\" alt=\"\" class=\"wp-image-6970\" srcset=\"https:\/\/vimagazine.com.br\/wp-content\/uploads\/2022\/11\/EVELYN-E-MEIRE-FERNANDES.jpg 853w, https:\/\/vimagazine.com.br\/wp-content\/uploads\/2022\/11\/EVELYN-E-MEIRE-FERNANDES-200x300.jpg 200w, https:\/\/vimagazine.com.br\/wp-content\/uploads\/2022\/11\/EVELYN-E-MEIRE-FERNANDES-682x1024.jpg 682w, https:\/\/vimagazine.com.br\/wp-content\/uploads\/2022\/11\/EVELYN-E-MEIRE-FERNANDES-768x1152.jpg 768w\" sizes=\"(max-width: 853px) 100vw, 853px\" \/><figcaption>EVELYN E MEIRE FERNANDES<\/figcaption><\/figure>\n<\/figure>\n\n\n\n<figure class=\"wp-block-image size-large\"><img width=\"1024\" height=\"682\" src=\"https:\/\/vimagazine.com.br\/wp-content\/uploads\/2022\/11\/CONFRATERNIZACAO-GRUPO-DE-ATORES-1024x682.jpg\" alt=\"\" class=\"wp-image-6966\" srcset=\"https:\/\/vimagazine.com.br\/wp-content\/uploads\/2022\/11\/CONFRATERNIZACAO-GRUPO-DE-ATORES-1024x682.jpg 1024w, https:\/\/vimagazine.com.br\/wp-content\/uploads\/2022\/11\/CONFRATERNIZACAO-GRUPO-DE-ATORES-300x200.jpg 300w, https:\/\/vimagazine.com.br\/wp-content\/uploads\/2022\/11\/CONFRATERNIZACAO-GRUPO-DE-ATORES-768x512.jpg 768w, https:\/\/vimagazine.com.br\/wp-content\/uploads\/2022\/11\/CONFRATERNIZACAO-GRUPO-DE-ATORES.jpg 1280w\" sizes=\"(max-width: 1024px) 100vw, 1024px\" \/><figcaption>CONFRATERNIZA\u00c7\u00c3O GRUPO DE ATORES<\/figcaption><\/figure>\n\n\n\n<p class=\"has-small-font-size\">Fotos &#8211; Ruth Souza<br>Assessoria de imprensa: Marcia DORNELLES Comunica\u00e7\u00e3o<\/p>\n","protected":false},"excerpt":{"rendered":"<p>Atriz Evelyn Montesano ganha destaque na noite que celebra o audiovisual brasileiro em Los Angeles,&#8230;<\/p>\n","protected":false},"author":1,"featured_media":6972,"comment_status":"closed","ping_status":"open","sticky":false,"template":"","format":"standard","meta":{"om_disable_all_campaigns":false,"_monsterinsights_skip_tracking":false,"_monsterinsights_sitenote_active":false,"_monsterinsights_sitenote_note":"","_monsterinsights_sitenote_category":0,"spay_email":""},"categories":[26],"tags":[],"jetpack_featured_media_url":"https:\/\/vimagazine.com.br\/wp-content\/uploads\/2022\/11\/EVELYN-MONTESANO-.jpg","_links":{"self":[{"href":"https:\/\/vimagazine.com.br\/index.php?rest_route=\/wp\/v2\/posts\/6959"}],"collection":[{"href":"https:\/\/vimagazine.com.br\/index.php?rest_route=\/wp\/v2\/posts"}],"about":[{"href":"https:\/\/vimagazine.com.br\/index.php?rest_route=\/wp\/v2\/types\/post"}],"author":[{"embeddable":true,"href":"https:\/\/vimagazine.com.br\/index.php?rest_route=\/wp\/v2\/users\/1"}],"replies":[{"embeddable":true,"href":"https:\/\/vimagazine.com.br\/index.php?rest_route=%2Fwp%2Fv2%2Fcomments&post=6959"}],"version-history":[{"count":2,"href":"https:\/\/vimagazine.com.br\/index.php?rest_route=\/wp\/v2\/posts\/6959\/revisions"}],"predecessor-version":[{"id":7116,"href":"https:\/\/vimagazine.com.br\/index.php?rest_route=\/wp\/v2\/posts\/6959\/revisions\/7116"}],"wp:featuredmedia":[{"embeddable":true,"href":"https:\/\/vimagazine.com.br\/index.php?rest_route=\/wp\/v2\/media\/6972"}],"wp:attachment":[{"href":"https:\/\/vimagazine.com.br\/index.php?rest_route=%2Fwp%2Fv2%2Fmedia&parent=6959"}],"wp:term":[{"taxonomy":"category","embeddable":true,"href":"https:\/\/vimagazine.com.br\/index.php?rest_route=%2Fwp%2Fv2%2Fcategories&post=6959"},{"taxonomy":"post_tag","embeddable":true,"href":"https:\/\/vimagazine.com.br\/index.php?rest_route=%2Fwp%2Fv2%2Ftags&post=6959"}],"curies":[{"name":"wp","href":"https:\/\/api.w.org\/{rel}","templated":true}]}}