{"id":6979,"date":"2022-11-08T07:33:33","date_gmt":"2022-11-08T10:33:33","guid":{"rendered":"https:\/\/vimagazine.com.br\/?p=6979"},"modified":"2022-11-08T20:51:36","modified_gmt":"2022-11-08T23:51:36","slug":"larissa-landim-estreara-na-peca-chaves-um-tributo-musical","status":"publish","type":"post","link":"https:\/\/vimagazine.com.br\/?p=6979","title":{"rendered":"Larissa Landim estrear\u00e1 na pe\u00e7a: &#8220;Chaves: Um Tributo Musical&#8221;"},"content":{"rendered":"\n<p><\/p>\n\n\n\n<p><strong>Larissa Landim<\/strong> \u00e9 formada em Teoria do Teatro pela <strong>UNIRIO<\/strong>, possui forma\u00e7\u00e3o como atriz pela <strong>CAL<\/strong> e como bailarina pelo m\u00e9todo da <strong>Royal Academy<\/strong>. Participou do Remake da novela Gabriela da <strong>TV Globo<\/strong>. Dentre os seus diversos trabalhos destacam-se: &#8221; Filhos do Brasil &#8211; de Oswaldo Montenegro; \u201cPara Sempre, ABBA\u201d; &#8220;Ou tudo ou Nada&#8221;; &#8220;<strong>Bibi uma vida em Musical<\/strong>&#8220;, ambas dirigidas por Tadeu Aguiar; \u201cCastelo R\u00e1 Tim Bum, o Musical\u201d; \u201c70? D\u00e9cada do Divino Maravilhoso \u2013 doc. Musical\u201d onde atuou como atriz e assistente de coreografia. Em 2021 realiza seu primeiro mon\u00f3logo &#8211; O Papel de Parede Amarelo, dirigido por Aldebaran Oliveira. Participou como core\u00f3grafa assistente no Caldeir\u00e3o do Huck e em 2022 na s\u00e9rie &#8220;Musa M\u00fasica\u201d, prevista para estrear em 2023 na <strong>Globoplay<\/strong>. Atualmente est\u00e1 em cartaz com a pe\u00e7a: &#8221; Chaves &#8211; um Tributo musical&#8221; no papel da ic\u00f4nica&nbsp;Chiquinha.<\/p>\n\n\n\n<p>&nbsp; Tendo em vista a estreia da pe\u00e7a: <em>&nbsp;&#8220;Chaves: Um Tributo Musical&#8221;, eu entrevistei, a Atriz e bailarina, <strong>Larissa Landim<\/strong>. Na oportunidade ela fala da sua carreira e revela um pouco dos bastidores de seu ensaio para a pe\u00e7a.<\/em><\/p>\n\n\n\n<p><strong><em>Como \u00e9 para voc\u00ea estrear na pe\u00e7a: &#8220;Chaves: Um Tributo Musical&#8221;?<\/em><\/strong><\/p>\n\n\n\n<p>&nbsp;<strong>R:<\/strong> Estar novamente neste musical \u00e9 uma del\u00edcia! Fiz parte do primeiro elenco em 2019 e estar podendo contar esta hist\u00f3ria novamente \u00e9 um presente. O programa fez parte da minha inf\u00e2ncia e poder estar vivenciando uma personagem t\u00e3o ic\u00f4nica como a Chiquinha \u00e9 desafiador e encantador.<\/p>\n\n\n\n<p><strong><em>Como foi para voc\u00ea receber a miss\u00e3o de interpretar a personagem &#8220;Chiquinha&#8221;?<\/em><\/strong><\/p>\n\n\n\n<p>&nbsp;<strong>R: <\/strong>Quando fiz a audi\u00e7\u00e3o para pe\u00e7a eu passei para ser cover da personagem. Agora nesta nova temporada tenho o desafio de interpretar a personagem oficialmente.&nbsp; Al\u00e9m do desafio de interpretar uma personagem t\u00e3o querida pelo p\u00fablico, tamb\u00e9m tenho o desafio de manter a qualidade que a Carol Costa (que interpretou a Chiquinha na primeira temporada) deu para a personagem.<\/p>\n\n\n\n<p><strong><em>Qual a import\u00e2ncia para a sua carreira reviver o personagem &#8220;Chiquinha&#8221; nos palcos?<\/em><\/strong><\/p>\n\n\n\n<p>&nbsp;&nbsp; <strong>R:<\/strong> Interpretar a Chiquinha \u00e9 um presente para minha carreira. Principalmente porque \u00e9 a primeira vez que pego um personagem maior no Teatro Musical.&nbsp; Chaves &#8211; Um tributo Musical \u00e9 uma pe\u00e7a de grande sucesso e que j\u00e1 ganhou diversos pr\u00eamios, ent\u00e3o \u00e9 uma visibilidade muito legal.<\/p>\n\n\n\n<p><strong><em>Qual foi o maior desafio para interpretar &#8220;Chiquinha&#8221;, al\u00e9m de ter tido s\u00f3 duas semanas para ensaio?<\/em><\/strong><\/p>\n\n\n\n<p><strong>R: <\/strong>Os ensaios para esta nova temporada foram super r\u00e1pidos, mas comecei a reestudar a pe\u00e7a assim que soube da nova temporada (mais ou menos 1 m\u00eas antes da estreia).&nbsp; O grande desafio em fazer uma personagem t\u00e3o conhecida \u00e9 trazer o m\u00e1ximo de caracter\u00edsticas da personagem para o meu trabalho. Revi muitos epis\u00f3dios, tive acompanhamento de fono para preparar a voz e pesquisei ao m\u00e1ximo os principais bord\u00f5es.&nbsp;<\/p>\n\n\n\n<p><em>O espet\u00e1culo foi apresentado pela primeira vez em 2019 e, agora, est\u00e1 e ser\u00e1 reapresentado at\u00e9 o pr\u00f3ximo dia 27. <strong>Como est\u00e1 sendo a rea\u00e7\u00e3o do p\u00fablico<\/strong>?<\/em><\/p>\n\n\n\n<p>&nbsp;<strong>R: <\/strong>O P\u00fablico \u00e9 maravilhoso! \u00c9 muito bom ver as rea\u00e7\u00f5es das pessoas ao verem o espet\u00e1culo. As pessoas riem, choram \u2026se emocionam ao rever estes personagens. Temos tido \u00f3timos feedbacks do p\u00fablico e receber este carinho n\u00e3o tem pre\u00e7o.<\/p>\n\n\n\n<p><strong><em>Qual a diferen\u00e7a desse espet\u00e1culo para o musical que voc\u00ea acabou participar que foi &#8220;Bibi, uma Vida em musical&#8221;?<\/em><\/strong><\/p>\n\n\n\n<p>&nbsp;<strong>R: <\/strong>S\u00e3o duas pe\u00e7as bem diferentes para mim. Em Bibi vivia A Tina, filha da Bibi Ferreira e a Cacilda Becker. Minhas personagens em Bibi s\u00e3o mulheres adultas. A Tina eu tive a oportunidade de conhecer e foi interessante ter a vis\u00e3o dela sobre o meu trabalho.&nbsp;<\/p>\n\n\n\n<p>&nbsp;&#8211; J\u00e1 em Chaves eu vivo uma personagem que est\u00e1 na mem\u00f3ria emotiva de muitas pessoas. Existem muitos f\u00e3s do programa que v\u00e3o a pe\u00e7a e aguardam ansiosamente os personagens aparecerem. Conseguir emocionar estas pessoas \u00e9 o nosso desafio di\u00e1rio.<\/p>\n\n\n\n<p><em>&#8220;Chaves: Um Tributo Musical&#8221; est\u00e1 em cartaz em S\u00e3o Paulo. <strong>Qual a forma de as pessoas adquirirem os ingressos, quais os hor\u00e1rios do espet\u00e1culo e at\u00e9 quando voc\u00eas estar\u00e3o em cartaz<\/strong>?<\/em><\/p>\n\n\n\n<p><strong>R: <\/strong>Estamos em cartaz no Teatro Opus Frei Caneca at\u00e9 o dia 27 de novembro, aos s\u00e1bados e domingos. As sess\u00f5es s\u00e3o as 15 e as 19.<\/p>\n\n\n\n<p>&nbsp;&#8211; Os ingressos podem ser adquiridos na bilheteria do Teatro e tamb\u00e9m pelo site da <a href=\"https:\/\/uhuu.com\/?queueittoken=e_principal~q_3946cb32-2733-45ee-9e9f-5163a83ce2c8~ts_1667877640~ce_true~rt_safetynet~h_026382f856a28d497587d2191c5f685018facc2060a28a5d728c84f60fb8526b\">Uhuu.com.<\/a>&nbsp; Para saber mais sobre a entrevistada visite o Instagram de Larissa Landim. Acesse <a href=\"https:\/\/www.instagram.com\/laripaeslandim\/\">aqui<\/a>.<\/p>\n\n\n\n<p><strong><em>Considera\u00e7\u00f5es finais?<\/em><\/strong><\/p>\n\n\n\n<p>Convido a todos para assistirem \u00e0 pe\u00e7a! Para quem conhece o Programa \u00e9 uma oportunidade de matar a saudade destes personagens t\u00e3o queridos.&nbsp; Para quem n\u00e3o conhece, a pe\u00e7a \u00e9 uma grande homenagem ao criador do programa Roberto Gomes Bola\u00f1os.&nbsp; Vale a pena conferir.<\/p>\n","protected":false},"excerpt":{"rendered":"<p>Larissa Landim \u00e9 formada em Teoria do Teatro pela UNIRIO, possui forma\u00e7\u00e3o como atriz pela&#8230;<\/p>\n","protected":false},"author":2,"featured_media":6991,"comment_status":"closed","ping_status":"open","sticky":false,"template":"","format":"standard","meta":{"om_disable_all_campaigns":false,"_monsterinsights_skip_tracking":false,"_monsterinsights_sitenote_active":false,"_monsterinsights_sitenote_note":"","_monsterinsights_sitenote_category":0,"spay_email":""},"categories":[31],"tags":[496,495,494],"jetpack_featured_media_url":"https:\/\/vimagazine.com.br\/wp-content\/uploads\/2022\/11\/de0d59ea-e7cf-4878-ae30-b0bf9bd2faa0-1.jpg","_links":{"self":[{"href":"https:\/\/vimagazine.com.br\/index.php?rest_route=\/wp\/v2\/posts\/6979"}],"collection":[{"href":"https:\/\/vimagazine.com.br\/index.php?rest_route=\/wp\/v2\/posts"}],"about":[{"href":"https:\/\/vimagazine.com.br\/index.php?rest_route=\/wp\/v2\/types\/post"}],"author":[{"embeddable":true,"href":"https:\/\/vimagazine.com.br\/index.php?rest_route=\/wp\/v2\/users\/2"}],"replies":[{"embeddable":true,"href":"https:\/\/vimagazine.com.br\/index.php?rest_route=%2Fwp%2Fv2%2Fcomments&post=6979"}],"version-history":[{"count":1,"href":"https:\/\/vimagazine.com.br\/index.php?rest_route=\/wp\/v2\/posts\/6979\/revisions"}],"predecessor-version":[{"id":6981,"href":"https:\/\/vimagazine.com.br\/index.php?rest_route=\/wp\/v2\/posts\/6979\/revisions\/6981"}],"wp:featuredmedia":[{"embeddable":true,"href":"https:\/\/vimagazine.com.br\/index.php?rest_route=\/wp\/v2\/media\/6991"}],"wp:attachment":[{"href":"https:\/\/vimagazine.com.br\/index.php?rest_route=%2Fwp%2Fv2%2Fmedia&parent=6979"}],"wp:term":[{"taxonomy":"category","embeddable":true,"href":"https:\/\/vimagazine.com.br\/index.php?rest_route=%2Fwp%2Fv2%2Fcategories&post=6979"},{"taxonomy":"post_tag","embeddable":true,"href":"https:\/\/vimagazine.com.br\/index.php?rest_route=%2Fwp%2Fv2%2Ftags&post=6979"}],"curies":[{"name":"wp","href":"https:\/\/api.w.org\/{rel}","templated":true}]}}