{"id":7000,"date":"2022-11-08T13:38:41","date_gmt":"2022-11-08T16:38:41","guid":{"rendered":"https:\/\/vimagazine.com.br\/?p=7000"},"modified":"2022-11-08T14:30:46","modified_gmt":"2022-11-08T17:30:46","slug":"fenin-fashion-maior-feira-textil-da-america-latina-comeca-hoje-em-balneario-camboriu-sc","status":"publish","type":"post","link":"https:\/\/vimagazine.com.br\/?p=7000","title":{"rendered":"FENIN FASHION &#8211; MAIOR FEIRA T\u00caXTIL DA AM\u00c9RICA LATINA COME\u00c7A HOJE EM BALNE\u00c1RIO CAMBORI\u00da SC"},"content":{"rendered":"\n<p><\/p>\n\n\n\n<p class=\"has-text-align-center\" style=\"font-size:26px\"><strong>Hoje o maior encontro de neg\u00f3cios de moda da Am\u00e9rica Latina <\/strong><\/p>\n\n\n\n<p class=\"has-text-align-center\" style=\"font-size:26px\"><strong>espera por voc\u00ea.&nbsp;<\/strong><\/p>\n\n\n\n<p class=\"has-medium-font-size\">Nos dias 8, 9 e 10 de novembro acontece a&nbsp;<strong>FENIN FASHION OUTONO\/INVERNO 2023<\/strong>, a maior e mais conceituada feira da ind\u00fastria t\u00eaxtil nacional, que mais uma vez escolheu o Expocentro, em Balne\u00e1rio Cambori\u00fa para reunir cerca de 15 mil lojistas de todo o pa\u00eds.<\/p>\n\n\n\n<p class=\"has-medium-font-size\">Em sua segunda edi\u00e7\u00e3o em terras catarinenses, a&nbsp;<strong>FENIN FASHION<\/strong>&nbsp;trar\u00e1 mais de 450 marcas de todo o Brasil, grande parte delas catarinenses como: a Hangar 33 do Grupo Lunelli, Over 93, Mormaii, e as estreantes Rovitex e o Grupo Elian, de Jaguar\u00e1 do Sul. Al\u00e9m de grifes conhecidas nacionalmente como a Alpelo, Pacific Blue, High Stil, Queens, Nicoboco, Crocker, Blue Bay, Sawary entre outras, que estar\u00e3o com suas cole\u00e7\u00f5es outono\/inverno 2023.<\/p>\n\n\n\n<p class=\"has-medium-font-size\">Com um crescimento de 40% de novos expositores a edi\u00e7\u00e3o outono\/inverno apresentar\u00e1 os segmentos de moda e confec\u00e7\u00e3o em geral, jeanswear e streetwear. &#8220;A primeira edi\u00e7\u00e3o da Fenin em Balne\u00e1rio Cambori\u00fa superou nossas expectativas, foi muito bem aceita por lojistas e expositores e por este motivo decidimos antecipar a edi\u00e7\u00e3o e fazer um preview,&#8221; ressalta Julio Viana, diretor da EXPOVEST, realizadora da feira.<\/p>\n\n\n\n<p>Na Fenin Fashion voc\u00ea encontra as melhores marcas e profissionais do mercado reunidos em um \u00fanico espa\u00e7o, excelentes oportunidades de network, al\u00e9m da garantia de muitos neg\u00f3cios de sucesso.<\/p>\n\n\n\n<p>Te convidamos a fazer parte desse grande evento, ao nosso lado!<\/p>\n\n\n\n<figure class=\"wp-container-2 wp-block-gallery-1 wp-block-gallery has-nested-images columns-default is-cropped\">\n<figure class=\"wp-block-image size-large\"><img width=\"1920\" height=\"1277\" data-id=\"7002\"  src=\"https:\/\/vimagazine.com.br\/wp-content\/uploads\/2022\/11\/Fenin-Fashion-Balneario-Camboriu-junho-2022-foto-de-Liane-Neves.jpg\" alt=\"\" class=\"wp-image-7002\" srcset=\"https:\/\/vimagazine.com.br\/wp-content\/uploads\/2022\/11\/Fenin-Fashion-Balneario-Camboriu-junho-2022-foto-de-Liane-Neves.jpg 1920w, https:\/\/vimagazine.com.br\/wp-content\/uploads\/2022\/11\/Fenin-Fashion-Balneario-Camboriu-junho-2022-foto-de-Liane-Neves-300x200.jpg 300w, https:\/\/vimagazine.com.br\/wp-content\/uploads\/2022\/11\/Fenin-Fashion-Balneario-Camboriu-junho-2022-foto-de-Liane-Neves-1024x681.jpg 1024w, https:\/\/vimagazine.com.br\/wp-content\/uploads\/2022\/11\/Fenin-Fashion-Balneario-Camboriu-junho-2022-foto-de-Liane-Neves-768x511.jpg 768w, https:\/\/vimagazine.com.br\/wp-content\/uploads\/2022\/11\/Fenin-Fashion-Balneario-Camboriu-junho-2022-foto-de-Liane-Neves-1536x1022.jpg 1536w\" sizes=\"(max-width: 1920px) 100vw, 1920px\" \/><\/figure>\n\n\n\n<figure class=\"wp-block-image size-large\"><img width=\"1241\" height=\"886\" data-id=\"7003\"  src=\"https:\/\/vimagazine.com.br\/wp-content\/uploads\/2022\/11\/COLETIVA-COM-A-MIDIA-2.jpg\" alt=\"\" class=\"wp-image-7003\" srcset=\"https:\/\/vimagazine.com.br\/wp-content\/uploads\/2022\/11\/COLETIVA-COM-A-MIDIA-2.jpg 1241w, https:\/\/vimagazine.com.br\/wp-content\/uploads\/2022\/11\/COLETIVA-COM-A-MIDIA-2-300x214.jpg 300w, https:\/\/vimagazine.com.br\/wp-content\/uploads\/2022\/11\/COLETIVA-COM-A-MIDIA-2-1024x731.jpg 1024w, https:\/\/vimagazine.com.br\/wp-content\/uploads\/2022\/11\/COLETIVA-COM-A-MIDIA-2-768x548.jpg 768w\" sizes=\"(max-width: 1241px) 100vw, 1241px\" \/><\/figure>\n\n\n\n<figure class=\"wp-block-image size-large\"><img width=\"1920\" height=\"1277\" data-id=\"7004\"  src=\"https:\/\/vimagazine.com.br\/wp-content\/uploads\/2022\/11\/Fenin-Fashion-Balneario-Camboriu-junho-2022-foto-Liane-Neves.jpg\" alt=\"\" class=\"wp-image-7004\" srcset=\"https:\/\/vimagazine.com.br\/wp-content\/uploads\/2022\/11\/Fenin-Fashion-Balneario-Camboriu-junho-2022-foto-Liane-Neves.jpg 1920w, https:\/\/vimagazine.com.br\/wp-content\/uploads\/2022\/11\/Fenin-Fashion-Balneario-Camboriu-junho-2022-foto-Liane-Neves-300x200.jpg 300w, https:\/\/vimagazine.com.br\/wp-content\/uploads\/2022\/11\/Fenin-Fashion-Balneario-Camboriu-junho-2022-foto-Liane-Neves-1024x681.jpg 1024w, https:\/\/vimagazine.com.br\/wp-content\/uploads\/2022\/11\/Fenin-Fashion-Balneario-Camboriu-junho-2022-foto-Liane-Neves-768x511.jpg 768w, https:\/\/vimagazine.com.br\/wp-content\/uploads\/2022\/11\/Fenin-Fashion-Balneario-Camboriu-junho-2022-foto-Liane-Neves-1536x1022.jpg 1536w\" sizes=\"(max-width: 1920px) 100vw, 1920px\" \/><\/figure>\n<\/figure>\n\n\n\n<p class=\"has-medium-font-size\">A&nbsp;<strong>FENIN FASHION<\/strong>&nbsp;\u00e9 uma feira destinada a lojistas e o credenciamento pode ser feito presencialmente na feira ou pelo site&nbsp;<a>www.fenin.com.br<\/a>.<\/p>\n\n\n\n<p class=\"has-medium-font-size\"><strong>Servi\u00e7o:<\/strong><\/p>\n\n\n\n<p class=\"has-medium-font-size\">Data: 08, 09 e 10 de novembro de 2022<\/p>\n\n\n\n<p class=\"has-medium-font-size\">Hor\u00e1rio: 10h \u00e0s 19h (\u00daltimo dia da feira encerra \u00e0s 17h)<\/p>\n\n\n\n<p class=\"has-medium-font-size\">Local: Expocentro Balne\u00e1rio Cambori\u00fa J\u00falio Tedesco<\/p>\n\n\n\n<p class=\"has-medium-font-size\">Endere\u00e7o: Av. Marginal Oeste S\/N &#8211; Nova Esperan\u00e7a, Balne\u00e1rio Cambori\u00fa \u2013 SC<\/p>\n\n\n\n<p class=\"has-medium-font-size\">Credenciamento:&nbsp;<a>www.fenin.com.br<\/a><\/p>\n\n\n\n<p class=\"has-medium-font-size\">@feninfeiras<\/p>\n","protected":false},"excerpt":{"rendered":"<p>Hoje o maior encontro de neg\u00f3cios de moda da Am\u00e9rica Latina espera por voc\u00ea.&nbsp; Nos&#8230;<\/p>\n","protected":false},"author":1,"featured_media":7001,"comment_status":"closed","ping_status":"open","sticky":false,"template":"","format":"standard","meta":{"om_disable_all_campaigns":false,"_monsterinsights_skip_tracking":false,"_monsterinsights_sitenote_active":false,"_monsterinsights_sitenote_note":"","_monsterinsights_sitenote_category":0,"spay_email":""},"categories":[26],"tags":[],"jetpack_featured_media_url":"https:\/\/vimagazine.com.br\/wp-content\/uploads\/2022\/11\/Fenin-Fashion-Balneario-Camboriu-junho-2022-1-foto-de-Liane-Neves.jpg","_links":{"self":[{"href":"https:\/\/vimagazine.com.br\/index.php?rest_route=\/wp\/v2\/posts\/7000"}],"collection":[{"href":"https:\/\/vimagazine.com.br\/index.php?rest_route=\/wp\/v2\/posts"}],"about":[{"href":"https:\/\/vimagazine.com.br\/index.php?rest_route=\/wp\/v2\/types\/post"}],"author":[{"embeddable":true,"href":"https:\/\/vimagazine.com.br\/index.php?rest_route=\/wp\/v2\/users\/1"}],"replies":[{"embeddable":true,"href":"https:\/\/vimagazine.com.br\/index.php?rest_route=%2Fwp%2Fv2%2Fcomments&post=7000"}],"version-history":[{"count":3,"href":"https:\/\/vimagazine.com.br\/index.php?rest_route=\/wp\/v2\/posts\/7000\/revisions"}],"predecessor-version":[{"id":7008,"href":"https:\/\/vimagazine.com.br\/index.php?rest_route=\/wp\/v2\/posts\/7000\/revisions\/7008"}],"wp:featuredmedia":[{"embeddable":true,"href":"https:\/\/vimagazine.com.br\/index.php?rest_route=\/wp\/v2\/media\/7001"}],"wp:attachment":[{"href":"https:\/\/vimagazine.com.br\/index.php?rest_route=%2Fwp%2Fv2%2Fmedia&parent=7000"}],"wp:term":[{"taxonomy":"category","embeddable":true,"href":"https:\/\/vimagazine.com.br\/index.php?rest_route=%2Fwp%2Fv2%2Fcategories&post=7000"},{"taxonomy":"post_tag","embeddable":true,"href":"https:\/\/vimagazine.com.br\/index.php?rest_route=%2Fwp%2Fv2%2Ftags&post=7000"}],"curies":[{"name":"wp","href":"https:\/\/api.w.org\/{rel}","templated":true}]}}