{"id":7009,"date":"2022-11-08T19:25:42","date_gmt":"2022-11-08T22:25:42","guid":{"rendered":"https:\/\/vimagazine.com.br\/?p=7009"},"modified":"2022-11-09T14:50:54","modified_gmt":"2022-11-09T17:50:54","slug":"debora-rocha-fala-sobre-sua-carreira-como-cabeleireira-e-tendencias-2023","status":"publish","type":"post","link":"https:\/\/vimagazine.com.br\/?p=7009","title":{"rendered":"D\u00e9bora Rocha fala sobre sua carreira como cabeleireira e tend\u00eancias 2023"},"content":{"rendered":"\n<p>Mineira, de Belo Horizonte, D\u00e9bora Rocha se mudou para o Rio de Janeiro h\u00e1 18 anos, em busca do seu sonho: ser cabeleireira. Logo que chegou fez seu primeiro curso e se formou no Walter&#8217;s Coiffeur. Depois seguiu nos estudos em cursos tamb\u00e9m renomados como Pivot Point, Llongueras na Argentina e dos brit\u00e2nicos Toni &amp; Guy.<\/p>\n\n\n\n<blockquote class=\"wp-block-quote\"><p><em>\u201cTive certeza que queria ser cabeleireira, quando fui ao sal\u00e3o aqui no Rio, o cabeleireiro cortou meu cabelo, e ficou t\u00e3o lindo. Eu fiquei muito feliz. Nesse momento quis fazer isso. Fazer as pessoas felizes.\u201d<\/em>, conta D\u00e9bora.<\/p><\/blockquote>\n\n\n\n<figure class=\"wp-container-2 wp-block-gallery-1 wp-block-gallery has-nested-images columns-default is-cropped\">\n<figure class=\"wp-block-image size-large\"><img width=\"768\" height=\"1024\" data-id=\"7012\"  src=\"https:\/\/vimagazine.com.br\/wp-content\/uploads\/2022\/11\/WhatsApp-Image-2022-11-06-at-21.53.57-2.jpeg\" alt=\"\" class=\"wp-image-7012\" srcset=\"https:\/\/vimagazine.com.br\/wp-content\/uploads\/2022\/11\/WhatsApp-Image-2022-11-06-at-21.53.57-2.jpeg 768w, https:\/\/vimagazine.com.br\/wp-content\/uploads\/2022\/11\/WhatsApp-Image-2022-11-06-at-21.53.57-2-225x300.jpeg 225w\" sizes=\"(max-width: 768px) 100vw, 768px\" \/><figcaption>D\u00e9bora Rocha &#8211; Foto: Divulga\u00e7\u00e3o<\/figcaption><\/figure>\n\n\n\n<figure class=\"wp-block-image size-large\"><img width=\"787\" height=\"1022\" data-id=\"7014\"  src=\"https:\/\/vimagazine.com.br\/wp-content\/uploads\/2022\/11\/WhatsApp-Image-2022-11-06-at-21.53.56.jpeg\" alt=\"\" class=\"wp-image-7014\" srcset=\"https:\/\/vimagazine.com.br\/wp-content\/uploads\/2022\/11\/WhatsApp-Image-2022-11-06-at-21.53.56.jpeg 787w, https:\/\/vimagazine.com.br\/wp-content\/uploads\/2022\/11\/WhatsApp-Image-2022-11-06-at-21.53.56-231x300.jpeg 231w, https:\/\/vimagazine.com.br\/wp-content\/uploads\/2022\/11\/WhatsApp-Image-2022-11-06-at-21.53.56-768x997.jpeg 768w\" sizes=\"(max-width: 787px) 100vw, 787px\" \/><figcaption>D\u00e9bora Rocha &#8211; Foto: Divulga\u00e7\u00e3o<\/figcaption><\/figure>\n<\/figure>\n\n\n\n<p>Seu primeiro trabalho foi justamente junto \u00e0 empresa onde se formou inicialmente, no Walter&#8217;s Coiffeur. Primeiro na unidade do Fashion Mall e depois no Shopping Leblon, onde ficou por oito anos conquistando diversos clientes atrav\u00e9s do seu trabalho. Ap\u00f3s esses oito anos, D\u00e9bora foi convidada para fazer parte do time da Ophicina do Cabelo e aceitou! Atualmente D\u00e9bora segue seu trabalho com maestria e construindo mais um cap\u00edtulo na sua jornada.&nbsp;<\/p>\n\n\n\n<p>2023 est\u00e1 chegando e pedimos para a profissional falar um pouco mais das tend\u00eancias para o pr\u00f3ximo ano. <em>&#8220;2023 tem como forte tend\u00eancia os cortes m\u00e9dios! V\u00e3o vir com tudo. Estilo shaggy hair, bem desconectado. As luzes de contorno tamb\u00e9m ser\u00e3o uma grande tend\u00eancia, nos tons mel, dourado, luzes loira e ruivo.&#8221;<\/em>, comenta D\u00e9bora Rocha.&nbsp;<\/p>\n\n\n\n<figure class=\"wp-container-4 wp-block-gallery-3 wp-block-gallery has-nested-images columns-default is-cropped\">\n<figure class=\"wp-block-image size-large\"><img width=\"1200\" height=\"1600\" data-id=\"7011\"  src=\"https:\/\/vimagazine.com.br\/wp-content\/uploads\/2022\/11\/WhatsApp-Image-2022-11-06-at-21.54.00.jpeg\" alt=\"\" class=\"wp-image-7011\" srcset=\"https:\/\/vimagazine.com.br\/wp-content\/uploads\/2022\/11\/WhatsApp-Image-2022-11-06-at-21.54.00.jpeg 1200w, https:\/\/vimagazine.com.br\/wp-content\/uploads\/2022\/11\/WhatsApp-Image-2022-11-06-at-21.54.00-225x300.jpeg 225w, https:\/\/vimagazine.com.br\/wp-content\/uploads\/2022\/11\/WhatsApp-Image-2022-11-06-at-21.54.00-768x1024.jpeg 768w, https:\/\/vimagazine.com.br\/wp-content\/uploads\/2022\/11\/WhatsApp-Image-2022-11-06-at-21.54.00-1152x1536.jpeg 1152w, https:\/\/vimagazine.com.br\/wp-content\/uploads\/2022\/11\/WhatsApp-Image-2022-11-06-at-21.54.00-1024x1365.jpeg 1024w\" sizes=\"(max-width: 1200px) 100vw, 1200px\" \/><\/figure>\n\n\n\n<figure class=\"wp-block-image size-large\"><img width=\"1200\" height=\"1600\" data-id=\"7010\"  src=\"https:\/\/vimagazine.com.br\/wp-content\/uploads\/2022\/11\/WhatsApp-Image-2022-11-06-at-21.54.00-1.jpeg\" alt=\"\" class=\"wp-image-7010\" srcset=\"https:\/\/vimagazine.com.br\/wp-content\/uploads\/2022\/11\/WhatsApp-Image-2022-11-06-at-21.54.00-1.jpeg 1200w, https:\/\/vimagazine.com.br\/wp-content\/uploads\/2022\/11\/WhatsApp-Image-2022-11-06-at-21.54.00-1-225x300.jpeg 225w, https:\/\/vimagazine.com.br\/wp-content\/uploads\/2022\/11\/WhatsApp-Image-2022-11-06-at-21.54.00-1-768x1024.jpeg 768w, https:\/\/vimagazine.com.br\/wp-content\/uploads\/2022\/11\/WhatsApp-Image-2022-11-06-at-21.54.00-1-1152x1536.jpeg 1152w, https:\/\/vimagazine.com.br\/wp-content\/uploads\/2022\/11\/WhatsApp-Image-2022-11-06-at-21.54.00-1-1024x1365.jpeg 1024w\" sizes=\"(max-width: 1200px) 100vw, 1200px\" \/><\/figure>\n<\/figure>\n\n\n\n<p>Um dos servi\u00e7os mais procurados no sal\u00e3o \u00e9 o Megahair, onde D\u00e9bora trabalha com t\u00e9cnicas super modernas, trazendo sempre novidades e inova\u00e7\u00e3o para suas clientes.<\/p>\n\n\n\n<blockquote class=\"wp-block-quote\"><p><em>&#8220;Para pessoas que precisam de mega hair eu indico o de fita invisible. Fica muito natural. N\u00e3o&nbsp; o fio. A aplica\u00e7\u00e3o tamb\u00e9m \u00e9 bem mais r\u00e1pida.&#8221;<\/em>, conta a cabeleireira.&nbsp;<\/p><\/blockquote>\n\n\n\n<p><strong>Servi\u00e7o<\/strong><br>Ophicina do Cabelo<br>Av. Afr\u00e2nio de Melo Franco, 290 &#8211; 107B &#8211; Leblon, Rio de Janeiro&nbsp;<br>Telefone: (21) 3283-0990<\/p>\n","protected":false},"excerpt":{"rendered":"<p>Mineira, de Belo Horizonte, D\u00e9bora Rocha se mudou para o Rio de Janeiro h\u00e1 18&#8230;<\/p>\n","protected":false},"author":18,"featured_media":7022,"comment_status":"closed","ping_status":"open","sticky":false,"template":"","format":"standard","meta":{"om_disable_all_campaigns":false,"_monsterinsights_skip_tracking":false,"_monsterinsights_sitenote_active":false,"_monsterinsights_sitenote_note":"","_monsterinsights_sitenote_category":0,"spay_email":""},"categories":[1],"tags":[500,501,497,288,498,499],"jetpack_featured_media_url":"https:\/\/vimagazine.com.br\/wp-content\/uploads\/2022\/11\/WhatsApp-Image-2022-11-06-at-21.53.57-1.jpeg","_links":{"self":[{"href":"https:\/\/vimagazine.com.br\/index.php?rest_route=\/wp\/v2\/posts\/7009"}],"collection":[{"href":"https:\/\/vimagazine.com.br\/index.php?rest_route=\/wp\/v2\/posts"}],"about":[{"href":"https:\/\/vimagazine.com.br\/index.php?rest_route=\/wp\/v2\/types\/post"}],"author":[{"embeddable":true,"href":"https:\/\/vimagazine.com.br\/index.php?rest_route=\/wp\/v2\/users\/18"}],"replies":[{"embeddable":true,"href":"https:\/\/vimagazine.com.br\/index.php?rest_route=%2Fwp%2Fv2%2Fcomments&post=7009"}],"version-history":[{"count":3,"href":"https:\/\/vimagazine.com.br\/index.php?rest_route=\/wp\/v2\/posts\/7009\/revisions"}],"predecessor-version":[{"id":7018,"href":"https:\/\/vimagazine.com.br\/index.php?rest_route=\/wp\/v2\/posts\/7009\/revisions\/7018"}],"wp:featuredmedia":[{"embeddable":true,"href":"https:\/\/vimagazine.com.br\/index.php?rest_route=\/wp\/v2\/media\/7022"}],"wp:attachment":[{"href":"https:\/\/vimagazine.com.br\/index.php?rest_route=%2Fwp%2Fv2%2Fmedia&parent=7009"}],"wp:term":[{"taxonomy":"category","embeddable":true,"href":"https:\/\/vimagazine.com.br\/index.php?rest_route=%2Fwp%2Fv2%2Fcategories&post=7009"},{"taxonomy":"post_tag","embeddable":true,"href":"https:\/\/vimagazine.com.br\/index.php?rest_route=%2Fwp%2Fv2%2Ftags&post=7009"}],"curies":[{"name":"wp","href":"https:\/\/api.w.org\/{rel}","templated":true}]}}