{"id":7023,"date":"2022-11-09T14:58:11","date_gmt":"2022-11-09T17:58:11","guid":{"rendered":"https:\/\/vimagazine.com.br\/?p=7023"},"modified":"2022-11-09T14:58:13","modified_gmt":"2022-11-09T17:58:13","slug":"catarina-felix-estreia-em-footloose-o-musical-dirigido-por-fernanda-chamma","status":"publish","type":"post","link":"https:\/\/vimagazine.com.br\/?p=7023","title":{"rendered":"Catarina F\u00e9lix estreia em &#8220;Footloose \u2013 O Musical&#8221; dirigido por Fernanda Chamma"},"content":{"rendered":"\n<p><\/p>\n\n\n\n<p style=\"font-size:25px\"><em><strong>Catarina F\u00e9lix integra o elenco do espet\u00e1culo &#8220;Footloose \u2013 O Musical&#8221;, sob dire\u00e7\u00e3o geral de Fernanda Chamma, em cartaz em S\u00e3o Paulo com apresenta\u00e7\u00e3o no fim de semana.<\/strong><\/em><\/p>\n\n\n\n<p class=\"has-medium-font-size\">&#8220;Footloose \u2013 O Musical&#8221; \u00e9 a nova produ\u00e7\u00e3o do Est\u00fadio Broadway, um musical&nbsp;de 1998 baseado no filme de 1984 com o mesmo nome. Na montagem Catarina d\u00e1 vida a Betty. A m\u00fasica do espet\u00e1culo original \u00e9 de Tom Snow, a letra de Dean Pitchford e o livro de Pitchford e Walter Bobbie, e&nbsp;estreia no pr\u00f3ximo final de semana, no Teatro&nbsp;Cassiano Gabus Mendes, no Est\u00e1dio do Morumbi. Os ingressos j\u00e1 est\u00e3o \u00e0 venda.<\/p>\n\n\n\n<p class=\"has-medium-font-size\">Na trama, rec\u00e9m-chegado de Chicago, o jovem Ren McCormak fica frustrado quando descobre que a pequena cidade do interior para a qual se mudou pro\u00edbe a dan\u00e7a e a m\u00fasica pop. Com a ajuda de seu novo amigo Willard e da adolescente rebelde Ariel, ele enfrenta uma \u00e1rdua batalha para mudar a situa\u00e7\u00e3o local. Mas o reverendo Shaw Moore, pai de Ariel, acaba se transformando em um grande obst\u00e1culo.<\/p>\n\n\n\n<p class=\"has-medium-font-size\">Catarina d\u00e1 vida a Betty Blast, dona da lanchonete Burguer Blast, que conhece todos em Bomont, uma mulher independente, protetora, delicada, que gosta de estar com os adolescentes, e que a todo momento tenta administr\u00e1-los. Uma verdadeira m\u00e3ezona. Uma curiosidade \u00e9 que na vers\u00e3o de Footloose, em 2011, esse personagem era o Claude, um homem. Ele acobertava os adolescentes, liberando a m\u00fasica em seu estabelecimento para que pudessem dan\u00e7ar.<\/p>\n\n\n\n<p class=\"has-medium-font-size\">&#8220;Este \u00e9 meu 8\u00ba Musical e estou muito feliz em fazer parte do elenco do Footloose The Musical, um cl\u00e1ssico dos anos 80&#8221;, afirma a atriz mirim.<\/p>\n\n\n\n<p class=\"has-medium-font-size\">Catarina F\u00e9lix, de 12 anos, afirma que a felicidade torna o dia mais motivante e traz vida longa. Ela traz toda esta vivacidade em seus personagens e seu objetivo desde os 6 anos \u00e9 levar felicidade atrav\u00e9s da sua arte para todas as pessoas. Desde pequena Catarina dedica-se \u00e0 arte, participou de apresenta\u00e7\u00f5es de ballet onde identificou a necessidade da interpreta\u00e7\u00e3o dos seus personagens, iniciando seus estudos no teatro como foco em interpreta\u00e7\u00e3o, mas logo viu a necessidade de algo que envolvesse outras artes e partiu para as aulas de teatro musical. Apaixonada pelo teatro musical, participou de v\u00e1rias pe\u00e7as, entre elas: &#8220;A Christmas Carol&#8221;, &#8220;Jo\u00e3o e Maria &#8211; O Musical&#8221; e &#8220;Christmas Show&#8221;, todas sob a dire\u00e7\u00e3o de Fernanda Chamma. Catarina \u00e9 incans\u00e1vel na busca de mais e mais aprendizado, seu desejo em viver a arte intensamente e participar de outros musicais, a motiva diariamente. Diz que simplesmente quer levar sua alegria atrav\u00e9s da sua arte, porque teatro faz bem para a alma. A atriz tamb\u00e9m deu vida a Tomika na montagem de &#8220;School of Rock&#8221;, tamb\u00e9m do Est\u00fadio Broadway.<\/p>\n\n\n\n<p class=\"has-medium-font-size\">O musical tem dire\u00e7\u00e3o geral de Fernanda Chamma, dire\u00e7\u00e3o e coreografias de Fabr\u00edcio Negri, assistente de dire\u00e7\u00e3o e de coreografias Manu Casado e dire\u00e7\u00e3o musical de Vin\u00edcius Loyola.&nbsp;&#8220;Footloose \u2013 O Musical&#8221; segue em curta temporada, aos s\u00e1bados e domingos, at\u00e9 o dia 13 de novembro. Os ingressos est\u00e3o \u00e0 venda pelo site&nbsp;<a href=\"http:\/\/eventbrite.com\/\" target=\"_blank\" rel=\"noreferrer noopener\">eventbrite.com<\/a><\/p>\n","protected":false},"excerpt":{"rendered":"<p>Catarina F\u00e9lix integra o elenco do espet\u00e1culo &#8220;Footloose \u2013 O Musical&#8221;, sob dire\u00e7\u00e3o geral de&#8230;<\/p>\n","protected":false},"author":1,"featured_media":7024,"comment_status":"closed","ping_status":"open","sticky":false,"template":"","format":"standard","meta":{"om_disable_all_campaigns":false,"_monsterinsights_skip_tracking":false,"_monsterinsights_sitenote_active":false,"_monsterinsights_sitenote_note":"","_monsterinsights_sitenote_category":0,"spay_email":""},"categories":[1],"tags":[],"jetpack_featured_media_url":"https:\/\/vimagazine.com.br\/wp-content\/uploads\/2022\/11\/Cta.jpg","_links":{"self":[{"href":"https:\/\/vimagazine.com.br\/index.php?rest_route=\/wp\/v2\/posts\/7023"}],"collection":[{"href":"https:\/\/vimagazine.com.br\/index.php?rest_route=\/wp\/v2\/posts"}],"about":[{"href":"https:\/\/vimagazine.com.br\/index.php?rest_route=\/wp\/v2\/types\/post"}],"author":[{"embeddable":true,"href":"https:\/\/vimagazine.com.br\/index.php?rest_route=\/wp\/v2\/users\/1"}],"replies":[{"embeddable":true,"href":"https:\/\/vimagazine.com.br\/index.php?rest_route=%2Fwp%2Fv2%2Fcomments&post=7023"}],"version-history":[{"count":1,"href":"https:\/\/vimagazine.com.br\/index.php?rest_route=\/wp\/v2\/posts\/7023\/revisions"}],"predecessor-version":[{"id":7025,"href":"https:\/\/vimagazine.com.br\/index.php?rest_route=\/wp\/v2\/posts\/7023\/revisions\/7025"}],"wp:featuredmedia":[{"embeddable":true,"href":"https:\/\/vimagazine.com.br\/index.php?rest_route=\/wp\/v2\/media\/7024"}],"wp:attachment":[{"href":"https:\/\/vimagazine.com.br\/index.php?rest_route=%2Fwp%2Fv2%2Fmedia&parent=7023"}],"wp:term":[{"taxonomy":"category","embeddable":true,"href":"https:\/\/vimagazine.com.br\/index.php?rest_route=%2Fwp%2Fv2%2Fcategories&post=7023"},{"taxonomy":"post_tag","embeddable":true,"href":"https:\/\/vimagazine.com.br\/index.php?rest_route=%2Fwp%2Fv2%2Ftags&post=7023"}],"curies":[{"name":"wp","href":"https:\/\/api.w.org\/{rel}","templated":true}]}}