{"id":7029,"date":"2022-11-09T17:56:37","date_gmt":"2022-11-09T20:56:37","guid":{"rendered":"https:\/\/vimagazine.com.br\/?p=7029"},"modified":"2022-11-11T19:52:49","modified_gmt":"2022-11-11T22:52:49","slug":"jhenyfher-joany-lanca-grife-de-acessorios-durante-desfile-de-moda-autossustentavel","status":"publish","type":"post","link":"https:\/\/vimagazine.com.br\/?p=7029","title":{"rendered":"JHENYFHER JOANY LAN\u00c7A GRIFE DE ACESS\u00d3RIOS DURANTE DESFILE DE MODA AUTOSSUSTENT\u00c1VEL"},"content":{"rendered":"\n<p><\/p>\n\n\n\n<p class=\"has-medium-font-size\">A festa de lan\u00e7amento &#8220;GLOW&#8221; da marca JJ Oliver, de Jhenyfher Joany &nbsp;que \u00e9 modelo e empres\u00e1ria, ser\u00e1 realizada no dia 07 de Dezembro, em uma casa de festas no Tiet\u00ea, cidade do interior paulista na regi\u00e3o de Sorocaba.<\/p>\n\n\n\n<p class=\"has-medium-font-size\">Apaixonada por bolsas e saltos, Jhenyfher Joany decidiu trilhar o caminho da moda e participou do filme &#8220;Um Anjo Chamado Nada&#8221; dirigido por Ton Crivelaro e este ano lan\u00e7a, atrav\u00e9s da plataforma e-commerce, a JJ Oliver que chama aten\u00e7\u00e3o por sua bel\u00edssima linha de acess\u00f3rios que inclu\u00ed \u00f3culos, bolsas, cintos, chap\u00e9us e carteiras.<\/p>\n\n\n\n<p class=\"has-medium-font-size\">A empres\u00e1ria e modelo Jhenyfher Joany, nasceu em S\u00e3o Paulo, apaixonada por moda come\u00e7ou sua carreira aos 10 anos de idade como atriz e modelo, brilhou em cat\u00e1logos e comerciais.<\/p>\n\n\n\n<p class=\"has-medium-font-size\">Durante a super festa de lan\u00e7amento oficial da JJ OLIVER, para 150 convidados, ser\u00e1 apresentado al\u00e9m do desfile de acess\u00f3rios da JJ a cole\u00e7\u00e3o &#8220;REVIVE&#8221; &#8211; Do Lixo ao Luxo &#8211; do estilista Guilherme Tavares &#8211; GT, que promete um desfile inesquec\u00edvel com pe\u00e7as criadas \u00e0 partir de elementos reutiliz\u00e1veis e recicl\u00e1veis.<\/p>\n\n\n\n<p class=\"has-medium-font-size\">Durante o desfile GT far\u00e1 uma homenagem a cantora Elza Soares que desfilou algumas de suas cria\u00e7\u00f5es em diversos shows, entre eles: Bras\u00edlian Day, Est\u00e1dio Man\u00e9 Garincha e Teatro Municipal no Rio de Janeiro. Elza Soares tamb\u00e9m presenteou o amigo com um show na festa de anivers\u00e1rio e em sua Maison no RJ.<\/p>\n\n\n\n<p class=\"has-medium-font-size\">Tiet\u00ea, a cidade escolhida para o evento, teve origem com a chegada dos bandeirantes que destacaram o interior paulista navegando pelo rio Tiet\u00ea em busca de metais preciosos e cativos. Conhecida tamb\u00e9m como ber\u00e7o de v\u00e1rios artistas, entre eles o tietense Corn\u00e9lio Pires, poeta, contista, folclorista, m\u00fasico e escritor que at\u00e9 hoje \u00e9 uma grande influ\u00eancia para v\u00e1rios artistas brasileiros.<\/p>\n\n\n\n<figure class=\"wp-container-2 wp-block-gallery-1 wp-block-gallery has-nested-images columns-default is-cropped\">\n<figure class=\"wp-block-image size-large\"><img width=\"1434\" height=\"805\" data-id=\"7031\"  src=\"https:\/\/vimagazine.com.br\/wp-content\/uploads\/2022\/11\/WhatsApp-Image-2022-11-09-at-06.56.10.jpeg\" alt=\"\" class=\"wp-image-7031\" srcset=\"https:\/\/vimagazine.com.br\/wp-content\/uploads\/2022\/11\/WhatsApp-Image-2022-11-09-at-06.56.10.jpeg 1434w, https:\/\/vimagazine.com.br\/wp-content\/uploads\/2022\/11\/WhatsApp-Image-2022-11-09-at-06.56.10-300x168.jpeg 300w, https:\/\/vimagazine.com.br\/wp-content\/uploads\/2022\/11\/WhatsApp-Image-2022-11-09-at-06.56.10-1024x575.jpeg 1024w, https:\/\/vimagazine.com.br\/wp-content\/uploads\/2022\/11\/WhatsApp-Image-2022-11-09-at-06.56.10-768x431.jpeg 768w\" sizes=\"(max-width: 1434px) 100vw, 1434px\" \/><figcaption>Estilista Guilherme Tavares <\/figcaption><\/figure>\n<\/figure>\n\n\n\n<figure class=\"wp-container-4 wp-block-gallery-3 wp-block-gallery has-nested-images columns-2 is-cropped\">\n<figure class=\"wp-block-image size-large\"><img width=\"720\" height=\"1038\" data-id=\"7032\"  src=\"https:\/\/vimagazine.com.br\/wp-content\/uploads\/2022\/11\/WhatsApp-Image-2022-11-09-at-07.25.54-1.jpeg\" alt=\"\" class=\"wp-image-7032\" srcset=\"https:\/\/vimagazine.com.br\/wp-content\/uploads\/2022\/11\/WhatsApp-Image-2022-11-09-at-07.25.54-1.jpeg 720w, https:\/\/vimagazine.com.br\/wp-content\/uploads\/2022\/11\/WhatsApp-Image-2022-11-09-at-07.25.54-1-208x300.jpeg 208w, https:\/\/vimagazine.com.br\/wp-content\/uploads\/2022\/11\/WhatsApp-Image-2022-11-09-at-07.25.54-1-710x1024.jpeg 710w\" sizes=\"(max-width: 720px) 100vw, 720px\" \/><figcaption>Antonia Fontinelle  Veste GT &#8211; Do Lixo ao Luxo <\/figcaption><\/figure>\n\n\n\n<figure class=\"wp-block-image size-large\"><img width=\"929\" height=\"1280\" data-id=\"7033\"  src=\"https:\/\/vimagazine.com.br\/wp-content\/uploads\/2022\/11\/WhatsApp-Image-2022-11-09-at-06.56.10-1.jpeg\" alt=\"\" class=\"wp-image-7033\" srcset=\"https:\/\/vimagazine.com.br\/wp-content\/uploads\/2022\/11\/WhatsApp-Image-2022-11-09-at-06.56.10-1.jpeg 929w, https:\/\/vimagazine.com.br\/wp-content\/uploads\/2022\/11\/WhatsApp-Image-2022-11-09-at-06.56.10-1-218x300.jpeg 218w, https:\/\/vimagazine.com.br\/wp-content\/uploads\/2022\/11\/WhatsApp-Image-2022-11-09-at-06.56.10-1-743x1024.jpeg 743w, https:\/\/vimagazine.com.br\/wp-content\/uploads\/2022\/11\/WhatsApp-Image-2022-11-09-at-06.56.10-1-768x1058.jpeg 768w\" sizes=\"(max-width: 929px) 100vw, 929px\" \/><figcaption>Sabrina Sato Veste GT <\/figcaption><\/figure>\n\n\n\n<figure class=\"wp-block-image size-large\"><img width=\"720\" height=\"528\" data-id=\"7034\"  src=\"https:\/\/vimagazine.com.br\/wp-content\/uploads\/2022\/11\/WhatsApp-Image-2022-11-09-at-06.54.35.jpeg\" alt=\"\" class=\"wp-image-7034\" srcset=\"https:\/\/vimagazine.com.br\/wp-content\/uploads\/2022\/11\/WhatsApp-Image-2022-11-09-at-06.54.35.jpeg 720w, https:\/\/vimagazine.com.br\/wp-content\/uploads\/2022\/11\/WhatsApp-Image-2022-11-09-at-06.54.35-300x220.jpeg 300w\" sizes=\"(max-width: 720px) 100vw, 720px\" \/><figcaption>Elza Soares<\/figcaption><\/figure>\n\n\n\n<figure class=\"wp-block-image size-large\"><img width=\"720\" height=\"800\" data-id=\"7036\"  src=\"https:\/\/vimagazine.com.br\/wp-content\/uploads\/2022\/11\/272355212_411025780818053_6912587876797138816_n.jpg\" alt=\"\" class=\"wp-image-7036\" srcset=\"https:\/\/vimagazine.com.br\/wp-content\/uploads\/2022\/11\/272355212_411025780818053_6912587876797138816_n.jpg 720w, https:\/\/vimagazine.com.br\/wp-content\/uploads\/2022\/11\/272355212_411025780818053_6912587876797138816_n-270x300.jpg 270w\" sizes=\"(max-width: 720px) 100vw, 720px\" \/><figcaption>Elza Soares  veste GT &#8211; Do Lixo ao Luxo <\/figcaption><\/figure>\n<\/figure>\n\n\n\n<figure class=\"wp-container-6 wp-block-gallery-5 wp-block-gallery has-nested-images columns-default is-cropped\">\n<figure class=\"wp-block-image size-large\"><img width=\"1066\" height=\"1600\" data-id=\"7037\"  src=\"https:\/\/vimagazine.com.br\/wp-content\/uploads\/2022\/11\/268593102_389229392997692_8809960953983052015_n.jpg\" alt=\"\" class=\"wp-image-7037\" srcset=\"https:\/\/vimagazine.com.br\/wp-content\/uploads\/2022\/11\/268593102_389229392997692_8809960953983052015_n.jpg 1066w, https:\/\/vimagazine.com.br\/wp-content\/uploads\/2022\/11\/268593102_389229392997692_8809960953983052015_n-200x300.jpg 200w, https:\/\/vimagazine.com.br\/wp-content\/uploads\/2022\/11\/268593102_389229392997692_8809960953983052015_n-682x1024.jpg 682w, https:\/\/vimagazine.com.br\/wp-content\/uploads\/2022\/11\/268593102_389229392997692_8809960953983052015_n-768x1153.jpg 768w, https:\/\/vimagazine.com.br\/wp-content\/uploads\/2022\/11\/268593102_389229392997692_8809960953983052015_n-1023x1536.jpg 1023w, https:\/\/vimagazine.com.br\/wp-content\/uploads\/2022\/11\/268593102_389229392997692_8809960953983052015_n-1024x1537.jpg 1024w\" sizes=\"(max-width: 1066px) 100vw, 1066px\" \/><\/figure>\n\n\n\n<figure class=\"wp-block-image size-large\"><img width=\"606\" height=\"1280\" data-id=\"7035\"  src=\"https:\/\/vimagazine.com.br\/wp-content\/uploads\/2022\/11\/WhatsApp-Image-2022-11-09-at-07.26.15.jpeg\" alt=\"\" class=\"wp-image-7035\" srcset=\"https:\/\/vimagazine.com.br\/wp-content\/uploads\/2022\/11\/WhatsApp-Image-2022-11-09-at-07.26.15.jpeg 606w, https:\/\/vimagazine.com.br\/wp-content\/uploads\/2022\/11\/WhatsApp-Image-2022-11-09-at-07.26.15-142x300.jpeg 142w, https:\/\/vimagazine.com.br\/wp-content\/uploads\/2022\/11\/WhatsApp-Image-2022-11-09-at-07.26.15-485x1024.jpeg 485w\" sizes=\"(max-width: 606px) 100vw, 606px\" \/><\/figure>\n<\/figure>\n\n\n\n<p>Fotos: Divulga\u00e7\u00e3o<\/p>\n\n\n\n<p><\/p>\n\n\n\n<p class=\"has-medium-font-size\"><strong>Evento:<\/strong> GLOW<\/p>\n\n\n\n<p class=\"has-medium-font-size\">FESTA DE LAN\u00c7AMENTO DA JJ OLIVER<\/p>\n\n\n\n<p class=\"has-medium-font-size\"><strong>Data:<\/strong> Dia 07\/12\/22<\/p>\n\n\n\n<p class=\"has-medium-font-size\"><strong>Hor\u00e1rio:<\/strong> 19:30<\/p>\n\n\n\n<p class=\"has-medium-font-size\"><strong>Local:<\/strong> R Francisco de Toledo, 150-A &#8211; Caixa D&#8217;\u00e1gua Santa Ad\u00e9lia,<\/p>\n\n\n\n<p class=\"has-medium-font-size\">Tiet\u00ea &#8211; S\u00e3o Paulo.<\/p>\n\n\n\n<p class=\"has-medium-font-size\">Instagram: @jjoliver_<\/p>\n","protected":false},"excerpt":{"rendered":"<p>A festa de lan\u00e7amento &#8220;GLOW&#8221; da marca JJ Oliver, de Jhenyfher Joany &nbsp;que \u00e9 modelo&#8230;<\/p>\n","protected":false},"author":1,"featured_media":7041,"comment_status":"closed","ping_status":"open","sticky":false,"template":"","format":"standard","meta":{"om_disable_all_campaigns":false,"_monsterinsights_skip_tracking":false,"_monsterinsights_sitenote_active":false,"_monsterinsights_sitenote_note":"","_monsterinsights_sitenote_category":0,"spay_email":""},"categories":[26],"tags":[],"jetpack_featured_media_url":"https:\/\/vimagazine.com.br\/wp-content\/uploads\/2022\/11\/JJ-1.jpeg","_links":{"self":[{"href":"https:\/\/vimagazine.com.br\/index.php?rest_route=\/wp\/v2\/posts\/7029"}],"collection":[{"href":"https:\/\/vimagazine.com.br\/index.php?rest_route=\/wp\/v2\/posts"}],"about":[{"href":"https:\/\/vimagazine.com.br\/index.php?rest_route=\/wp\/v2\/types\/post"}],"author":[{"embeddable":true,"href":"https:\/\/vimagazine.com.br\/index.php?rest_route=\/wp\/v2\/users\/1"}],"replies":[{"embeddable":true,"href":"https:\/\/vimagazine.com.br\/index.php?rest_route=%2Fwp%2Fv2%2Fcomments&post=7029"}],"version-history":[{"count":4,"href":"https:\/\/vimagazine.com.br\/index.php?rest_route=\/wp\/v2\/posts\/7029\/revisions"}],"predecessor-version":[{"id":7045,"href":"https:\/\/vimagazine.com.br\/index.php?rest_route=\/wp\/v2\/posts\/7029\/revisions\/7045"}],"wp:featuredmedia":[{"embeddable":true,"href":"https:\/\/vimagazine.com.br\/index.php?rest_route=\/wp\/v2\/media\/7041"}],"wp:attachment":[{"href":"https:\/\/vimagazine.com.br\/index.php?rest_route=%2Fwp%2Fv2%2Fmedia&parent=7029"}],"wp:term":[{"taxonomy":"category","embeddable":true,"href":"https:\/\/vimagazine.com.br\/index.php?rest_route=%2Fwp%2Fv2%2Fcategories&post=7029"},{"taxonomy":"post_tag","embeddable":true,"href":"https:\/\/vimagazine.com.br\/index.php?rest_route=%2Fwp%2Fv2%2Ftags&post=7029"}],"curies":[{"name":"wp","href":"https:\/\/api.w.org\/{rel}","templated":true}]}}