{"id":7046,"date":"2022-11-09T19:24:17","date_gmt":"2022-11-09T22:24:17","guid":{"rendered":"https:\/\/vimagazine.com.br\/?p=7046"},"modified":"2022-11-09T19:26:27","modified_gmt":"2022-11-09T22:26:27","slug":"primeiro-dia-de-fenin-fashion-comeca-aquecido-e-com-muita-tendencia-de-moda-em-balneario-camboriu-sc","status":"publish","type":"post","link":"https:\/\/vimagazine.com.br\/?p=7046","title":{"rendered":"Primeiro dia de Fenin Fashion come\u00e7a aquecido e com muita tend\u00eancia de moda em Balne\u00e1rio Cambori\u00fa SC"},"content":{"rendered":"\n<p><\/p>\n\n\n\n<p class=\"has-medium-font-size\">A&nbsp;<strong>Fenin Fashion<\/strong>&nbsp;come\u00e7ou nesta ter\u00e7a-feira, 8 de novembro, e j\u00e1 mostrou a que veio, lojistas de diversos estados brasileiros vieram conhecer e comprar o que ser\u00e1 moda no outono\/inverno 2023.&nbsp;<\/p>\n\n\n\n<p class=\"has-medium-font-size\">A edi\u00e7\u00e3o de&nbsp;<em>preview<\/em>&nbsp;est\u00e1 com mais de 450 marcas, um crescimento de 40% de novos expositores e novas marcas e s\u00e3o aguardados para os tr\u00eas dias de feira, cerca de 15 mil lojistas. \u201c<em>A nossa expectativa \u00e9 muito positiva para esta edi\u00e7\u00e3o, a feira est\u00e1 maior que a anterior. Os lojistas que vem comprar al\u00e9m de gerar muitos neg\u00f3cios na feira, tamb\u00e9m movimentam a economia da cidade, com hospedagens, restaurantes e tamb\u00e9m aproveitam para conhecer o com\u00e9rcio local e os atrativos tur\u00edsticos de Balne\u00e1rio Cambori\u00fa<\/em>,\u201d fala Julio Viana,&nbsp;diretor da&nbsp;<strong>EXPOVEST<\/strong>, realizadora da feira.<\/p>\n\n\n\n<p class=\"has-medium-font-size\">Est\u00e3o presentes na feira os segmentos de moda e confec\u00e7\u00e3o em geral, jeanswear e streetwear, apresentando um preview da moda outono\/inverno 2023. De acordo com a estilista Mirvana Andreis, que circulou pelo evento, a moda seguir\u00e1 a tend\u00eancia de comportamentos de consumo. \u201c<em>O esportivo com inspira\u00e7\u00e3o college, com muito nylon e moletom estar\u00e3o muito presentes. A inspira\u00e7\u00e3o glam chega com os brilhos que s\u00e3o a bola da vez, com paet\u00eas, lurex e vinil, far\u00e3o da pr\u00f3xima esta\u00e7\u00e3o ainda mais rica em detalhes,<\/em>\u201d salienta a estilista.<\/p>\n\n\n\n<p class=\"has-medium-font-size\">A&nbsp;<strong>FENIN<\/strong>&nbsp;conta com um exclusivo sistema de hospedagem, que seleciona os melhores hot\u00e9is da regi\u00e3o e distribu\u00ed entre lojistas e expositores di\u00e1rias para participarem da feira. Para a edi\u00e7\u00e3o deste evento s\u00e3o mais de 8 mil di\u00e1rias, que ser\u00e3o ofertadas aos participantes.<\/p>\n\n\n\n<p class=\"has-medium-font-size\">Com o objetivo de fomentar o mercado da moda, a&nbsp;<strong>FENIN<\/strong>&nbsp;tamb\u00e9m realizada durante os tr\u00eas dias de feira, o&nbsp;<strong>Fenin Talks<\/strong>,que \u00e9 uma oportunidade de troca de informa\u00e7\u00f5es e atualiza\u00e7\u00f5es, com palestras, bate-papos com speakers do mercado em formato h\u00edbrido.<\/p>\n\n\n\n<p class=\"has-medium-font-size\">A&nbsp;<strong>FENIN FASHION<\/strong>&nbsp;acontece at\u00e9 o dia 10 de novembro e \u00e9 uma feira destinada a lojistas e o credenciamento pode ser feito presencialmente na feira ou pelo site&nbsp;<a>www.fenin.com.br<\/a>.<\/p>\n\n\n\n<figure class=\"wp-container-2 wp-block-gallery-1 wp-block-gallery has-nested-images columns-default is-cropped\">\n<figure class=\"wp-block-image size-large\"><img width=\"1920\" height=\"1277\" data-id=\"7047\"  src=\"https:\/\/vimagazine.com.br\/wp-content\/uploads\/2022\/11\/DSC_0895-Fenin-Fashion-BC-novembro-22-foto-de-Liane-Neves.jpg\" alt=\"\" class=\"wp-image-7047\" srcset=\"https:\/\/vimagazine.com.br\/wp-content\/uploads\/2022\/11\/DSC_0895-Fenin-Fashion-BC-novembro-22-foto-de-Liane-Neves.jpg 1920w, https:\/\/vimagazine.com.br\/wp-content\/uploads\/2022\/11\/DSC_0895-Fenin-Fashion-BC-novembro-22-foto-de-Liane-Neves-300x200.jpg 300w, https:\/\/vimagazine.com.br\/wp-content\/uploads\/2022\/11\/DSC_0895-Fenin-Fashion-BC-novembro-22-foto-de-Liane-Neves-1024x681.jpg 1024w, https:\/\/vimagazine.com.br\/wp-content\/uploads\/2022\/11\/DSC_0895-Fenin-Fashion-BC-novembro-22-foto-de-Liane-Neves-768x511.jpg 768w, https:\/\/vimagazine.com.br\/wp-content\/uploads\/2022\/11\/DSC_0895-Fenin-Fashion-BC-novembro-22-foto-de-Liane-Neves-1536x1022.jpg 1536w\" sizes=\"(max-width: 1920px) 100vw, 1920px\" \/><\/figure>\n\n\n\n<figure class=\"wp-block-image size-large\"><img width=\"1277\" height=\"1920\" data-id=\"7048\"  src=\"https:\/\/vimagazine.com.br\/wp-content\/uploads\/2022\/11\/DSC_0824-Fenin-Fashion-BC-novembro-22-Ana-Goncalves-foto-de-Liane-Neves.jpg\" alt=\"\" class=\"wp-image-7048\" srcset=\"https:\/\/vimagazine.com.br\/wp-content\/uploads\/2022\/11\/DSC_0824-Fenin-Fashion-BC-novembro-22-Ana-Goncalves-foto-de-Liane-Neves.jpg 1277w, https:\/\/vimagazine.com.br\/wp-content\/uploads\/2022\/11\/DSC_0824-Fenin-Fashion-BC-novembro-22-Ana-Goncalves-foto-de-Liane-Neves-200x300.jpg 200w, https:\/\/vimagazine.com.br\/wp-content\/uploads\/2022\/11\/DSC_0824-Fenin-Fashion-BC-novembro-22-Ana-Goncalves-foto-de-Liane-Neves-681x1024.jpg 681w, https:\/\/vimagazine.com.br\/wp-content\/uploads\/2022\/11\/DSC_0824-Fenin-Fashion-BC-novembro-22-Ana-Goncalves-foto-de-Liane-Neves-768x1155.jpg 768w, https:\/\/vimagazine.com.br\/wp-content\/uploads\/2022\/11\/DSC_0824-Fenin-Fashion-BC-novembro-22-Ana-Goncalves-foto-de-Liane-Neves-1022x1536.jpg 1022w, https:\/\/vimagazine.com.br\/wp-content\/uploads\/2022\/11\/DSC_0824-Fenin-Fashion-BC-novembro-22-Ana-Goncalves-foto-de-Liane-Neves-1024x1540.jpg 1024w\" sizes=\"(max-width: 1277px) 100vw, 1277px\" \/><\/figure>\n<\/figure>\n\n\n\n<figure class=\"wp-block-image size-large\"><img width=\"1024\" height=\"681\" src=\"https:\/\/vimagazine.com.br\/wp-content\/uploads\/2022\/11\/DSC_0956-Fenin-Fashion-BC-novembro-22-Over-93-foto-de-Liane-Neves-1024x681.jpg\" alt=\"\" class=\"wp-image-7051\" srcset=\"https:\/\/vimagazine.com.br\/wp-content\/uploads\/2022\/11\/DSC_0956-Fenin-Fashion-BC-novembro-22-Over-93-foto-de-Liane-Neves-1024x681.jpg 1024w, https:\/\/vimagazine.com.br\/wp-content\/uploads\/2022\/11\/DSC_0956-Fenin-Fashion-BC-novembro-22-Over-93-foto-de-Liane-Neves-300x200.jpg 300w, https:\/\/vimagazine.com.br\/wp-content\/uploads\/2022\/11\/DSC_0956-Fenin-Fashion-BC-novembro-22-Over-93-foto-de-Liane-Neves-768x511.jpg 768w, https:\/\/vimagazine.com.br\/wp-content\/uploads\/2022\/11\/DSC_0956-Fenin-Fashion-BC-novembro-22-Over-93-foto-de-Liane-Neves-1536x1022.jpg 1536w, https:\/\/vimagazine.com.br\/wp-content\/uploads\/2022\/11\/DSC_0956-Fenin-Fashion-BC-novembro-22-Over-93-foto-de-Liane-Neves.jpg 1920w\" sizes=\"(max-width: 1024px) 100vw, 1024px\" \/><\/figure>\n\n\n\n<p class=\"has-medium-font-size\"><strong>Servi\u00e7o:<\/strong><br>Data: 08, 09 e 10 de novembro de 2022<br>Hor\u00e1rio: 10h \u00e0s 19h (\u00daltimo dia da feira encerra \u00e0s 17h)<br>Local: Expocentro Balne\u00e1rio Cambori\u00fa J\u00falio Tedesco<br>Endere\u00e7o: Av. Marginal Oeste S\/N &#8211; Nova Esperan\u00e7a, Balne\u00e1rio Cambori\u00fa \u2013 SC<br>Credenciamento:\u00a0<a>www.fenin.com.br<\/a><br>@feninfeiras<\/p>\n","protected":false},"excerpt":{"rendered":"<p>A&nbsp;Fenin Fashion&nbsp;come\u00e7ou nesta ter\u00e7a-feira, 8 de novembro, e j\u00e1 mostrou a que veio, lojistas de&#8230;<\/p>\n","protected":false},"author":1,"featured_media":7049,"comment_status":"closed","ping_status":"open","sticky":false,"template":"","format":"standard","meta":{"om_disable_all_campaigns":false,"_monsterinsights_skip_tracking":false,"_monsterinsights_sitenote_active":false,"_monsterinsights_sitenote_note":"","_monsterinsights_sitenote_category":0,"spay_email":""},"categories":[27],"tags":[],"jetpack_featured_media_url":"https:\/\/vimagazine.com.br\/wp-content\/uploads\/2022\/11\/DSC_0995-Fenin-Fashion-BC-novembro-22-geral-feira-foto-de-Liane-Neves.jpg","_links":{"self":[{"href":"https:\/\/vimagazine.com.br\/index.php?rest_route=\/wp\/v2\/posts\/7046"}],"collection":[{"href":"https:\/\/vimagazine.com.br\/index.php?rest_route=\/wp\/v2\/posts"}],"about":[{"href":"https:\/\/vimagazine.com.br\/index.php?rest_route=\/wp\/v2\/types\/post"}],"author":[{"embeddable":true,"href":"https:\/\/vimagazine.com.br\/index.php?rest_route=\/wp\/v2\/users\/1"}],"replies":[{"embeddable":true,"href":"https:\/\/vimagazine.com.br\/index.php?rest_route=%2Fwp%2Fv2%2Fcomments&post=7046"}],"version-history":[{"count":2,"href":"https:\/\/vimagazine.com.br\/index.php?rest_route=\/wp\/v2\/posts\/7046\/revisions"}],"predecessor-version":[{"id":7053,"href":"https:\/\/vimagazine.com.br\/index.php?rest_route=\/wp\/v2\/posts\/7046\/revisions\/7053"}],"wp:featuredmedia":[{"embeddable":true,"href":"https:\/\/vimagazine.com.br\/index.php?rest_route=\/wp\/v2\/media\/7049"}],"wp:attachment":[{"href":"https:\/\/vimagazine.com.br\/index.php?rest_route=%2Fwp%2Fv2%2Fmedia&parent=7046"}],"wp:term":[{"taxonomy":"category","embeddable":true,"href":"https:\/\/vimagazine.com.br\/index.php?rest_route=%2Fwp%2Fv2%2Fcategories&post=7046"},{"taxonomy":"post_tag","embeddable":true,"href":"https:\/\/vimagazine.com.br\/index.php?rest_route=%2Fwp%2Fv2%2Ftags&post=7046"}],"curies":[{"name":"wp","href":"https:\/\/api.w.org\/{rel}","templated":true}]}}