{"id":7054,"date":"2022-11-09T18:20:00","date_gmt":"2022-11-09T21:20:00","guid":{"rendered":"https:\/\/vimagazine.com.br\/?p=7054"},"modified":"2022-11-09T21:03:29","modified_gmt":"2022-11-10T00:03:29","slug":"auxilio-doenca-acidentario-mantem-direitos-durante-afastamento-do-trabalho","status":"publish","type":"post","link":"https:\/\/vimagazine.com.br\/?p=7054","title":{"rendered":"Aux\u00edlio-doen\u00e7a acident\u00e1rio mant\u00e9m direitos durante afastamento do trabalho"},"content":{"rendered":"\n<p><em>Servi\u00e7o pode ser solicitado por telefone ou aplicativo&nbsp;<\/em><\/p>\n\n\n\n<p>O aux\u00edlio-doen\u00e7a acident\u00e1rio \u00e9 um direito importante para quem sofreu um acidente ou doen\u00e7a no ambiente de trabalho, ficando temporariamente sem condi\u00e7\u00f5es de exercer as fun\u00e7\u00f5es profissionais.&nbsp;<\/p>\n\n\n\n<p>Concedido em todo territ\u00f3rio nacional, ele \u00e9 pago pelo Instituto Nacional do Seguro Social (INSS) e tem diversas vantagens, como assegurar o direito \u00e0 estabilidade na empresa quando retornar ao trabalho. Al\u00e9m disso, a empresa \u00e9 obrigada a pagar o Fundo de Garantia do Tempo de Servi\u00e7o (FGTS) no per\u00edodo.&nbsp;<\/p>\n\n\n\n<figure class=\"wp-block-image alignleft size-large is-resized\"><img src=\"https:\/\/vimagazine.com.br\/wp-content\/uploads\/2022\/11\/Advogado-Jean-1-576x1024.jpg\" alt=\"\" class=\"wp-image-7057\" width=\"218\" height=\"387\" srcset=\"https:\/\/vimagazine.com.br\/wp-content\/uploads\/2022\/11\/Advogado-Jean-1-576x1024.jpg 576w, https:\/\/vimagazine.com.br\/wp-content\/uploads\/2022\/11\/Advogado-Jean-1-169x300.jpg 169w, https:\/\/vimagazine.com.br\/wp-content\/uploads\/2022\/11\/Advogado-Jean-1.jpg 750w\" sizes=\"(max-width: 218px) 100vw, 218px\" \/><\/figure>\n\n\n\n<p>O aux\u00edlio n\u00e3o tem prazo para ter o pagamento encerrado. De acordo com o advogado Jean Postai, h\u00e1 pessoas que recebem durante anos, por\u00e9m, desde que a incapacidade profissional por motivos de sa\u00fade esteja comprovada na Justi\u00e7a.&nbsp;<\/p>\n\n\n\n<p>O advogado avalia que o aux\u00edlio \u00e9 fundamental para as pessoas que perdem as condi\u00e7\u00f5es de trabalho. \u201cPassam a ter uma renda mensal, enquanto est\u00e3o incapacitadas para o labor\u201d, ressalta.&nbsp;<\/p>\n\n\n\n<p>Ele ainda afirma que sem este direito trabalhista, o pa\u00eds teria milhares de pessoas desempregadas, com les\u00f5es ou doen\u00e7as, e sem receber amparo do Estado, causando severas dificuldades econ\u00f4micas.&nbsp;<\/p>\n\n\n\n<p><strong>Com solicitar&nbsp;<\/strong><\/p>\n\n\n\n<p>Para quem deseja receber o aux\u00edlio-doen\u00e7a acident\u00e1rio, \u00e9 necess\u00e1rio solicitar pelo n\u00famero 135, ou pelo aplicativo \u201cMeu INSS\u201d.&nbsp;<\/p>\n\n\n\n<p>Ap\u00f3s a solicita\u00e7\u00e3o, o caso \u00e9 avaliado pela per\u00edcia m\u00e9dica do INSS. O prazo para an\u00e1lise leva, em m\u00e9dia, 45 dias \u00fateis para iniciar a presta\u00e7\u00e3o do servi\u00e7o.<\/p>\n","protected":false},"excerpt":{"rendered":"<p>Servi\u00e7o pode ser solicitado por telefone ou aplicativo&nbsp; O aux\u00edlio-doen\u00e7a acident\u00e1rio \u00e9 um direito importante&#8230;<\/p>\n","protected":false},"author":20,"featured_media":7055,"comment_status":"closed","ping_status":"open","sticky":false,"template":"","format":"standard","meta":{"om_disable_all_campaigns":false,"_monsterinsights_skip_tracking":false,"_monsterinsights_sitenote_active":false,"_monsterinsights_sitenote_note":"","_monsterinsights_sitenote_category":0,"spay_email":""},"categories":[1],"tags":[],"jetpack_featured_media_url":"https:\/\/vimagazine.com.br\/wp-content\/uploads\/2022\/11\/man-with-broken-leg-in-blue-splint-for-treatment-of-injuries-from-ankle-sprain-reading-books-at-the-home-rehabilitation.jpg","_links":{"self":[{"href":"https:\/\/vimagazine.com.br\/index.php?rest_route=\/wp\/v2\/posts\/7054"}],"collection":[{"href":"https:\/\/vimagazine.com.br\/index.php?rest_route=\/wp\/v2\/posts"}],"about":[{"href":"https:\/\/vimagazine.com.br\/index.php?rest_route=\/wp\/v2\/types\/post"}],"author":[{"embeddable":true,"href":"https:\/\/vimagazine.com.br\/index.php?rest_route=\/wp\/v2\/users\/20"}],"replies":[{"embeddable":true,"href":"https:\/\/vimagazine.com.br\/index.php?rest_route=%2Fwp%2Fv2%2Fcomments&post=7054"}],"version-history":[{"count":5,"href":"https:\/\/vimagazine.com.br\/index.php?rest_route=\/wp\/v2\/posts\/7054\/revisions"}],"predecessor-version":[{"id":7061,"href":"https:\/\/vimagazine.com.br\/index.php?rest_route=\/wp\/v2\/posts\/7054\/revisions\/7061"}],"wp:featuredmedia":[{"embeddable":true,"href":"https:\/\/vimagazine.com.br\/index.php?rest_route=\/wp\/v2\/media\/7055"}],"wp:attachment":[{"href":"https:\/\/vimagazine.com.br\/index.php?rest_route=%2Fwp%2Fv2%2Fmedia&parent=7054"}],"wp:term":[{"taxonomy":"category","embeddable":true,"href":"https:\/\/vimagazine.com.br\/index.php?rest_route=%2Fwp%2Fv2%2Fcategories&post=7054"},{"taxonomy":"post_tag","embeddable":true,"href":"https:\/\/vimagazine.com.br\/index.php?rest_route=%2Fwp%2Fv2%2Ftags&post=7054"}],"curies":[{"name":"wp","href":"https:\/\/api.w.org\/{rel}","templated":true}]}}