{"id":7067,"date":"2022-11-10T20:45:04","date_gmt":"2022-11-10T23:45:04","guid":{"rendered":"https:\/\/vimagazine.com.br\/?p=7067"},"modified":"2022-11-10T20:46:20","modified_gmt":"2022-11-10T23:46:20","slug":"riatti-producoes-assina-coproducao-do-musical-que-homenageia-belchior-que-fara-apresentacoes-em-sao-paulo","status":"publish","type":"post","link":"https:\/\/vimagazine.com.br\/?p=7067","title":{"rendered":"<strong>Riatti Produ\u00e7\u00f5es assina coprodu\u00e7\u00e3o do musical que homenageia Belchior que far\u00e1 apresenta\u00e7\u00f5es em S\u00e3o Paulo<\/strong>"},"content":{"rendered":"\n<p><\/p>\n\n\n\n<p style=\"font-size:25px\"><em><strong>&#8220;Belchior &#8211; Ano passado eu morri, mas esse ano eu n\u00e3o morro&#8221; chega a S\u00e3o Paulo com coprodu\u00e7\u00e3o da Riatti Produ\u00e7\u00f5es Art\u00edstica, com novos textos e m\u00fasicas para celebrar a po\u00e9tica do compositor cearense Ant\u00f4nio Carlos Belchior.<\/strong><\/em><\/p>\n\n\n\n<p class=\"has-medium-font-size\">&#8220;Belchior &#8211; Ano passado eu morri, mas esse ano eu n\u00e3o morro&#8221;, retorna aos palcos com novos textos e m\u00fasicas para celebrar a po\u00e9tica do compositor cearense Ant\u00f4nio Carlos Belchior. A pe\u00e7a chega a S\u00e3o Paulo com apresenta\u00e7\u00f5es no Teatro Bravo, em Pinheiro, nos dias 12 e 13 de novembro.<\/p>\n\n\n\n<p class=\"has-medium-font-size\">O musical faz um recorte de sua juventude atrav\u00e9s de uma dramaturgia formada por trechos de entrevistas do pr\u00f3prio cantor. Entrela\u00e7ando seus pensamentos acerca de um mundo desconcertado, revivemos apresenta\u00e7\u00f5es de seu show em diversas fases da vida. Na hist\u00f3ria, o ator e cantor Pablo Paleologo interpreta o cantor cearense, enquanto Bruno Suzano d\u00e1 voz ao &#8220;Cidad\u00e3o Comum&#8221;, personagem recorrente nas can\u00e7\u00f5es de Belchior e de certa forma seu alter ego. No repert\u00f3rio sucessos como: &#8216;Alucina\u00e7\u00e3o&#8217;, &#8216;Apenas Um Rapaz Latino Americano&#8217;, &#8216;A Palo Seco&#8217;, &#8216;Na Hora do Almo\u00e7o&#8217;, &#8216;Todo Sujo de Batom&#8217;, &#8216;Cora\u00e7\u00e3o Selvagem&#8217;, &#8216;Medo de Avi\u00e3o&#8217;, &#8216;Mucuripe&#8217;, &#8216;Como Nossos Pais&#8217;, &#8216;Paralelas&#8217;, &#8216;Velha Roupa Colorida&#8217;, &#8216;Sujeito de Sorte&#8217;.<\/p>\n\n\n\n<p class=\"has-medium-font-size\">A Riatti Produ\u00e7\u00f5es Art\u00edsticas \u00e9 uma produtora cultural com sede em S\u00e3o Paulo que desde 2016 vem com o diferencial, com o intuito de trabalhar a pesquisa, cria\u00e7\u00e3o e produ\u00e7\u00e3o de espet\u00e1culos originais, brasileiros e com qualidade. Well Rianc que \u00e9 ator, produtor e dramaturgo e o pianista e maestro Victor Pretti juntaram-se nessa parceria e criaram a produtora, tendo como contato empresas no mercado atuante em produ\u00e7\u00e3o teatral e eventos. A produtora est\u00e1 firmando for\u00e7as e parcerias para a cria\u00e7\u00e3o de espet\u00e1culos inovadores e que valorizam a nossa cultura (e seus criativos).<\/p>\n\n\n\n<p class=\"has-medium-font-size\">&#8220;Belchior &#8211; Ano passado eu morri, mas esse ano eu n\u00e3o morro&#8221; chega a S\u00e3o Paulo com apresenta\u00e7\u00f5es no Teatro Bravo, em Pinheiro, nos dias 12 e 13 de novembro<em>.&nbsp;<\/em>Os ingressos j\u00e1 est\u00e3o \u00e0 venda.<\/p>\n\n\n\n<figure class=\"wp-block-video\"><video controls src=\"https:\/\/vimagazine.com.br\/wp-content\/uploads\/2022\/11\/BELQUIOR-TEASER-FINAL-3.mp4\"><\/video><\/figure>\n\n\n\n<p class=\"has-medium-font-size\"><strong>Ficha T\u00e9cnica:<\/strong><\/p>\n\n\n\n<p class=\"has-medium-font-size\">Dire\u00e7\u00e3o: Pedro Cadore<\/p>\n\n\n\n<p class=\"has-medium-font-size\">Dire\u00e7\u00e3o de Produ\u00e7\u00e3o: Rodrigo Medeiros e Pedro Cadore<\/p>\n\n\n\n<p class=\"has-medium-font-size\">Organiza\u00e7\u00e3o de texto: Cl\u00e1udia Pinto e Pedro Cadore<\/p>\n\n\n\n<p class=\"has-medium-font-size\">Elenco: Bruno Suzano e Pablo Paleologo<\/p>\n\n\n\n<p class=\"has-medium-font-size\">Banda: Em\u00edlia B. Rodrigues (bateria), Rico Farias (viol\u00e3o\/guitarra), Silvia Autuori (baixo\/violino) e Thomas Lenny (teclado)<\/p>\n\n\n\n<p class=\"has-medium-font-size\">Dire\u00e7\u00e3o Musical: Pedro N\u00eago<\/p>\n\n\n\n<p class=\"has-medium-font-size\">Ilumina\u00e7\u00e3o: Rodrigo Belay<\/p>\n\n\n\n<p class=\"has-medium-font-size\">Cen\u00e1rio e figurino: Jos\u00e9 Dias<\/p>\n\n\n\n<p class=\"has-medium-font-size\">Assistente de produ\u00e7\u00e3o: Julia Turl<\/p>\n\n\n\n<p class=\"has-medium-font-size\">Produ\u00e7\u00e3o Executiva: Rafael Barcellos e Well Rianc<\/p>\n\n\n\n<p class=\"has-medium-font-size\">Coprodu\u00e7\u00e3o: Riatti Produ\u00e7\u00f5es Art\u00edsticas<\/p>\n\n\n\n<p class=\"has-medium-font-size\">Programa\u00e7\u00e3o Visual: N\u00f3s Comunica\u00e7\u00f5es<\/p>\n\n\n\n<p class=\"has-medium-font-size\">Gest\u00e3o de Marketing: Rodrigo Medeiros (R+Marketing)<\/p>\n\n\n\n<p class=\"has-medium-font-size\">Assessoria de imprensa: MercadoCom (Ribamar Filho e Leonardo Minardi)&nbsp;<\/p>\n\n\n\n<p class=\"has-medium-font-size\">Realiza\u00e7\u00e3o: R+Marketing e Cadore Produ\u00e7\u00f5es Art\u00edsticas<\/p>\n\n\n\n<p><strong>Servi\u00e7o:<\/strong><\/p>\n\n\n\n<p><em>&#8220;Belchior &#8211; Ano passado eu morri, mas esse ano eu n\u00e3o morro&#8221;<\/em><\/p>\n\n\n\n<p>Datas: 12 e 13 de novembro<\/p>\n\n\n\n<p>Hor\u00e1rio: Sexta e s\u00e1bado \u00e0s 20h00<\/p>\n\n\n\n<p>Local: Teatro Bravo<\/p>\n\n\n\n<p>Endere\u00e7o: Rua Corop\u00e9, 88, Pinheiros, S\u00e3o Paulo &#8211; S\u00e3o Paulo<\/p>\n\n\n\n<p>G\u00eanero: Musical<\/p>\n\n\n\n<p>Dura\u00e7\u00e3o: 80 minutos<\/p>\n\n\n\n<p>Classifica\u00e7\u00e3o Indicativa: Livre<\/p>\n\n\n\n<p>Ingressos: Balc\u00e3o e Plateia: R$40 (meia) a 80 (inteira) \/ Plateia Premium: R$50 (meia) a 100 (inteira)<\/p>\n\n\n\n<p>Os ingressos est\u00e3o \u00e0 venda pelo&nbsp;<a href=\"http:\/\/www.linktr.ee\/ingressosbelchior\" target=\"_blank\" rel=\"noreferrer noopener\">http:\/\/www.linktr.ee\/ingressosbelchior<\/a><\/p>\n","protected":false},"excerpt":{"rendered":"<p>&#8220;Belchior &#8211; Ano passado eu morri, mas esse ano eu n\u00e3o morro&#8221; chega a S\u00e3o&#8230;<\/p>\n","protected":false},"author":1,"featured_media":7071,"comment_status":"closed","ping_status":"open","sticky":false,"template":"","format":"standard","meta":{"om_disable_all_campaigns":false,"_monsterinsights_skip_tracking":false,"_monsterinsights_sitenote_active":false,"_monsterinsights_sitenote_note":"","_monsterinsights_sitenote_category":0,"spay_email":""},"categories":[27],"tags":[],"jetpack_featured_media_url":"https:\/\/vimagazine.com.br\/wp-content\/uploads\/2022\/11\/Bruno-Suzano-interpreta-personagem-recorrente-nas-obras-foto-Ivana-Mascarenhas.jpg","_links":{"self":[{"href":"https:\/\/vimagazine.com.br\/index.php?rest_route=\/wp\/v2\/posts\/7067"}],"collection":[{"href":"https:\/\/vimagazine.com.br\/index.php?rest_route=\/wp\/v2\/posts"}],"about":[{"href":"https:\/\/vimagazine.com.br\/index.php?rest_route=\/wp\/v2\/types\/post"}],"author":[{"embeddable":true,"href":"https:\/\/vimagazine.com.br\/index.php?rest_route=\/wp\/v2\/users\/1"}],"replies":[{"embeddable":true,"href":"https:\/\/vimagazine.com.br\/index.php?rest_route=%2Fwp%2Fv2%2Fcomments&post=7067"}],"version-history":[{"count":2,"href":"https:\/\/vimagazine.com.br\/index.php?rest_route=\/wp\/v2\/posts\/7067\/revisions"}],"predecessor-version":[{"id":7072,"href":"https:\/\/vimagazine.com.br\/index.php?rest_route=\/wp\/v2\/posts\/7067\/revisions\/7072"}],"wp:featuredmedia":[{"embeddable":true,"href":"https:\/\/vimagazine.com.br\/index.php?rest_route=\/wp\/v2\/media\/7071"}],"wp:attachment":[{"href":"https:\/\/vimagazine.com.br\/index.php?rest_route=%2Fwp%2Fv2%2Fmedia&parent=7067"}],"wp:term":[{"taxonomy":"category","embeddable":true,"href":"https:\/\/vimagazine.com.br\/index.php?rest_route=%2Fwp%2Fv2%2Fcategories&post=7067"},{"taxonomy":"post_tag","embeddable":true,"href":"https:\/\/vimagazine.com.br\/index.php?rest_route=%2Fwp%2Fv2%2Ftags&post=7067"}],"curies":[{"name":"wp","href":"https:\/\/api.w.org\/{rel}","templated":true}]}}