{"id":7335,"date":"2022-11-25T18:41:13","date_gmt":"2022-11-25T21:41:13","guid":{"rendered":"https:\/\/vimagazine.com.br\/?p=7335"},"modified":"2022-11-25T18:41:23","modified_gmt":"2022-11-25T21:41:23","slug":"o-baterista-continua-sendo-um-sucesso-no-shopping-da-gavea","status":"publish","type":"post","link":"https:\/\/vimagazine.com.br\/?p=7335","title":{"rendered":"\u201cO Baterista\u201d continua sendo um sucesso no Shopping da G\u00e1vea"},"content":{"rendered":"\n<p>\u201cO Baterista\u201d, personagem do ator Ant\u00f4nio Fragoso no mon\u00f3logo de Celso Taddei, com dire\u00e7\u00e3o de Diego Molina e assist\u00eancia de Alexandre Regis, vem sendo um sucesso no Teatro dos 4, no Shopping da G\u00e1vea.<\/p>\n\n\n\n<p>O espet\u00e1culo ficar\u00e1 em cartaz at\u00e9&nbsp;<strong>8 de DEZEMBRO<\/strong>, com sess\u00f5es \u00e0s&nbsp;<strong>quartas e quintas-feiras, \u00e0s 20h,&nbsp;<\/strong>lembrando que no dia 07\/11, ter\u00e1 um int\u00e9rprete de libras.<\/p>\n\n\n\n<p>O grupo \u2013 que tinha at\u00e9 filmado o espet\u00e1culo \u2013 chegou a pensar em fazer temporada on-line, como tantas outras pe\u00e7as, mas a experi\u00eancia n\u00e3o seria a mesma. A bateria proporciona uma pulsa\u00e7\u00e3o que seria perdida se o espet\u00e1culo n\u00e3o fosse ao vivo.&nbsp;<em>\u201c\u00c9 importante a pe\u00e7a ser presencial, pois \u00e9 uma experi\u00eancia sonora \u00fanica\u201d<\/em>, explica Molina.<\/p>\n\n\n\n<p><em>&nbsp;\u201cPra mim, essa retomada de \u2018O Baterista \u00e9 cheia de significados, e todos eles repletos de alegria. \u00c9 a celebra\u00e7\u00e3o do reencontro de parceiros com os quais tenho tanto prazer e orgulho em trabalhar. \u00c9 o renascimento mesmo, a transforma\u00e7\u00e3o depois dos enormes desafios que enfrentamos nesses \u00faltimos anos. \u00c9 tamb\u00e9m a volta para a casa \u2013 e casa, aqui, \u00e9 arte, p\u00fablico, teatro: Teatro dos Quatro. Teatro dos Quatro, esse espa\u00e7o t\u00e3o sagrado que tanto me ensinou quando eu era um jovem sonhando em ser artista, onde vi \u2018Rei Lear\u2019, \u2018Jardim das cerejeiras\u2019, \u2018Cerim\u00f4nia do adeus\u2019&#8230; onde vi a arte teatral ser elevada \u00e0 sua en\u00e9sima pot\u00eancia. Retomar, dois anos depois, \u2018O baterista\u2019 neste local t\u00e3o especial apenas reafirma que tudo \u00e9 poss\u00edvel, e que vale a pena sonhar, pois s\u00e3o eles, os sonhos, que mant\u00eam, de verdade, a nossa chama acesa. Evo\u00e9\u201d,<\/em>&nbsp;exulta o autor.<\/p>\n\n\n\n<p>Foi o pr\u00f3prio Celso Taddei, que tamb\u00e9m \u00e9 roteirista de cinema e TV, que idealizou o espet\u00e1culo e reuniu outros tr\u00eas craques do riso com os quais trabalhou no humor\u00edstico: Molina, Fragoso e Regis. Desse encontro, saiu do papel uma reflex\u00e3o filos\u00f3fica feita por um baterista que liga seu instrumento a toda mec\u00e2nica da vida. E por que filosofar \u2013 com humor \u2013 utilizando a m\u00fasica, o ritmo, as batidas de uma bateria? Para Taddei \u2013 um apaixonado por m\u00fasica que toca mal v\u00e1rios instrumentos \u2013, a bateria \u00e9 um instrumento \u201cdramaturgicamente interessante e complexo por causa de seu tamanho e porque faz muito barulho\u201d. Al\u00e9m do mais, Taddei acha curioso o envolvimento de uma pessoa, durante toda a vida, com um instrumento; sobretudo quando se trata de um baterista, aquele que \u00e9 \u201csempre o primeiro a chegar e o \u00faltimo a sair do est\u00fadio\u201d. Essa caracter\u00edstica solit\u00e1ria dos bateristas \u00e9, de cara, um \u00f3timo gancho para um mon\u00f3logo.<\/p>\n\n\n\n<p>Foi com todas essas ideias na cabe\u00e7a, mais o amor pela m\u00fasica e a inspira\u00e7\u00e3o de autores como Tchekov e Patrick S\u00fcskind que Taddei resolveu esmiu\u00e7ar o pensamento de um baterista louco por seu instrumento, com o qual tem um \u201crelacionamento quase neur\u00f3tico\u201d. Assim, ele escreveu \u201cO baterista\u201d, que serviu, na medida, para o talento do ator Ant\u00f4nio Fragoso, com quem divide a produ\u00e7\u00e3o do espet\u00e1culo, que n\u00e3o conta com patroc\u00ednio.<\/p>\n\n\n\n<p>Para Fragoso, foi f\u00e1cil entrar no personagem. Nos anos 1980, em Bras\u00edlia, quando morava na mesma quadra de Herbert Vianna, Bi Ribeiro e Dado Villa-Lobos, ele fez parte de duas bandas de rock: Os Sociais, que montou com Pedro Ribeiro (irm\u00e3o do Bi, dos Paralamas) e Fernando Bola, e Escola de Esc\u00e2ndalo, da qual saiu porque o pai dele, diplomata, havia sido transferido para a Espanha. Foi Pedro Ribeiro, ali\u00e1s, que incentivou Ant\u00f4nio Fragoso a assumir a bateria, uma vez que ele j\u00e1 tocava tarol na banda marcial do Col\u00e9gio Marista.<\/p>\n\n\n\n<p><em>\u201cDepois de um longo intervalo, considero de grande valor insistir com essa hist\u00f3ria de um m\u00fasico, um professor, que conta o surgimento e a evolu\u00e7\u00e3o de um instrumento musical, citando bateristas e percussionistas que seguem elevando a qualidade da nossa cultura\u201d,<\/em>&nbsp;destaca Fragoso.<\/p>\n\n\n\n<p>O fato de o diretor Diego Molina ter sido um dos roteiristas do \u201cZorra\u201d facilitou muito o entrosamento na equipe<em>: \u201ca gente j\u00e1 sabe como o outro funciona melhor, os maneirismos do ator, o ator j\u00e1 conhece o tipo de texto e de dire\u00e7\u00e3o\u201d<\/em>. Ele tamb\u00e9m cuidou da cenografia ao lado de Patr\u00edcia Muniz. Para o texto realista, que tem como cen\u00e1rio a garagem da casa do pai do personagem\/baterista, Molina resolveu utilizar \u201cestranhezas para acentuar a teatralidade\u201d. Tais \u201cestranhezas\u201d est\u00e3o na luz, no cen\u00e1rio, nas marca\u00e7\u00f5es. Tudo na inten\u00e7\u00e3o de \u201ccolocar cores mais acentuadas em alguns sentimentos e momentos do personagem, como a sua constante inseguran\u00e7a\u201d, como ele explica. O diretor usa a express\u00e3o \u201cpartiturando\u201d para se referir a seu modo de trabalhar, em que cada gesto \u00e9 estudado, e nada \u00e9 gratuito. Molina diz tamb\u00e9m que as marcas s\u00e3o feitas atrav\u00e9s do som, e que a m\u00fasica faz parte do cen\u00e1rio, oferecendo experi\u00eancias sonoras diferentes\u201d. N\u00e3o \u00e0 toa, \u00e9 fundamental que o p\u00fablico esteja presente \u00e0 apresenta\u00e7\u00e3o.<\/p>\n\n\n\n<p>A trilha sonora foi escolhida com cuidado, com alguns standards do in\u00edcio do ragtime, contextualizando a hist\u00f3ria da forma\u00e7\u00e3o da bateria<em>. \u201cPreferi os cl\u00e1ssicos para ajudar as pessoas a se situarem. Cada m\u00fasica foi escolhida como s\u00edmbolo de determinada \u00e9poca, de determinada banda\u201d<\/em>, explica o autor Celso Taddei. Por isso, ele acha que o espet\u00e1culo ficou \u201cdivertido de ver e ouvir\u201d. No repert\u00f3rio, h\u00e1 pot-pourri de can\u00e7\u00f5es dos Beatles e muito rock\u2019n\u2019roll: de Bill Haley a Led Zeppelin, passando por The Who, Cream, Sex Pistols, Black Sabbath, The Police e Nirvana. Bandas brasileiras \u2013 como Tit\u00e3s e Paralamas do Sucesso \u2013 tamb\u00e9m marcam presen\u00e7a na trilha de \u201cO Baterista\u201d.<\/p>\n\n\n\n<p><strong><u>O ESPET\u00c1CULO<\/u><\/strong><\/p>\n\n\n\n<p>\u201cO Baterista\u201d \u00e9 uma com\u00e9dia dram\u00e1tica musical. A hist\u00f3ria passa-se durante uma aula de bateria ministrada por um m\u00fasico exc\u00eantrico, que vive um relacionamento afetivo em crise e \u00e9 obrigado a encarar uma aula repleta de alunos exigentes pouco tempo depois de se separar da mulher. Com a cabe\u00e7a na lua, ele se esquece da aula e se surpreende com a quantidade de pessoas que aparece na sua garagem \u2013 sua sala de aula improvisada. Mas o dia n\u00e3o vai ser f\u00e1cil: sua bateria est\u00e1 completamente desmontada; e o lugar, todo bagun\u00e7ado.<\/p>\n\n\n\n<p>Durante a aula, o baterista organiza as coisas, ao mesmo tempo em que se v\u00ea \u00e0s voltas com a ex-mulher, com quem troca diversas mensagens nas redes sociais. Como ainda \u00e9 apaixonado por ela, o baterista transborda todas as suas emo\u00e7\u00f5es diante dos alunos, usando seu instrumento musical para expurgar suas desventuras e decep\u00e7\u00f5es, em cenas ora divertidas, ora comoventes.<\/p>\n\n\n\n<p>O p\u00fablico acompanha a hist\u00f3ria da bateria \u2013 esse instrumento fascinante! \u2013 contada pelo m\u00fasico, desde a percuss\u00e3o dos homens das cavernas at\u00e9 o rock\u2019n\u2019roll, passando por v\u00e1rios estilos como jazz, bebop, folk, blues, entre outros ritmos. Para ilustrar melhor sua aula, o baterista executa seu instrumento para tocar m\u00fasicas de bandas e artistas famosos.<\/p>\n\n\n\n<p>\u00c1gil e divertido, o texto in\u00e9dito de Celso Taddei tamb\u00e9m fala da rela\u00e7\u00e3o do baterista com os outros m\u00fasicos de uma banda, que muitas vezes deixam de valoriz\u00e1-lo por consider\u00e1-lo um tipo inferior de m\u00fasico, j\u00e1 que trabalha com percuss\u00e3o, e n\u00e3o com harmonia propriamente dita. Assim, o espet\u00e1culo faz um paralelo entre o preconceito que muitas vezes a m\u00fasica n\u00e3o erudita\/n\u00e3o europeia tem com m\u00fasicas consideradas \u201cperif\u00e9ricas\u201d, vindas da \u00c1frica e do Oriente. A bateria representa, na verdade, uma jun\u00e7\u00e3o de diversas influ\u00eancias, de diversos lugares do planeta, a ponto de hoje ser um elemento fundamental na nossa cultura.<\/p>\n\n\n\n<p>A pe\u00e7a toma como inspira\u00e7\u00e3o dois mon\u00f3logos cl\u00e1ssicos \u2013 \u201cO contrabaixo\u201d, de Patrick S\u00fcskind, e \u201cOs malef\u00edcios do cigarro\u201d, de Anton Tcheckhov \u2013 para criar um texto original e voltado para o p\u00fablico brasileiro, de todas as idades.<\/p>\n\n\n\n<p>\u201cO Baterista\u201d \u00e9 o resultado da uni\u00e3o de quatro artistas que h\u00e1 anos v\u00eam desenvolvendo trabalhos juntos no meio audiovisual e que agora constroem um espet\u00e1culo inteiramente artesanal; com grande pesquisa est\u00e9tica, musical e art\u00edstica; e comprometido com o p\u00fablico.<\/p>\n\n\n\n<p><strong><u>SERVI\u00c7O<\/u><\/strong><\/p>\n\n\n\n<p><strong>\u201cO Baterista\u201d<\/strong><\/p>\n\n\n\n<p>Temporada:<strong>&nbsp;At\u00e9<\/strong>&nbsp;<strong>8 de dezembro de 2022<\/strong><\/p>\n\n\n\n<p><strong>Local:<\/strong>&nbsp;Teatro dos 4 \u2013 Shopping da G\u00e1vea<\/p>\n\n\n\n<p><strong>Endere\u00e7o:<\/strong>&nbsp;Rua Marqu\u00eas de S\u00e3o Vicente 52 \u2013 G\u00e1vea<\/p>\n\n\n\n<p><strong>Sess\u00f5es:<\/strong>&nbsp;quartas e quintas-feiras, \u00e0s 20h<\/p>\n\n\n\n<p><strong>Sess\u00e3o com int\u00e9rprete de libras:<\/strong>&nbsp;07\/12 (quarta)<\/p>\n\n\n\n<p><strong>Dura\u00e7\u00e3o:<\/strong>&nbsp;1 hora<\/p>\n\n\n\n<p><strong>Ingressos:<\/strong>&nbsp;R$ 80 (inteira) \u2013 R$ 40 (meia)<\/p>\n\n\n\n<p><strong>Informa\u00e7\u00f5es:<\/strong>&nbsp;(21) 2239-1095<\/p>\n\n\n\n<p><strong>Classifica\u00e7\u00e3o:<\/strong>&nbsp;14 anos<\/p>\n\n\n\n<p><strong><u>CURR\u00cdCULOS<\/u><\/strong><\/p>\n\n\n\n<p><strong>Celso Taddei<\/strong><\/p>\n\n\n\n<p>Roteirista e escritor de cinema, teatro e televis\u00e3o. Formado pela UNI-RIO, \u00e9 um dos fundadores da Associa\u00e7\u00e3o de Roteiristas Brasileiros (ABRA) e da Escola de Roteiro e N\u00facleo Criativo Levante 42. Foi roteirista\u2013chefe do programa \u201cZorra\u201d (indicado ao Emmy Internacional 2015) e dos quadros \u201cThe Fake Brasil, interrompemos a programa\u00e7\u00e3o\u201d e \u201cIsso \u00e9 muito minha vida\u201d, todos da Rede Globo de Televis\u00e3o, onde trabalhou por 23 anos. Na emissora, escreveu programas como \u201cMalha\u00e7\u00e3o\u201d, \u201cOs caras de pau\u201d, \u201cS\u00edtio do Pica-Pau Amarelo\u201d e \u201cChico Anysio \u2013 Cart\u00e3o de Visitas\u201d. Em 2021, roteirizou a s\u00e9rie \u201cPara\u00edso perdido\u201d, baseada em pe\u00e7as de Nelson Rodrigues, e o especial comemorativo dos 70 anos da telenovela: \u201cSetenta anos esta noite\u201d.<\/p>\n\n\n\n<p>Para o cinema, escreveu os longas \u201cOs caras de pau\u201d, \u201cO misterioso roubo do anel\u201d, \u201cVestido para casar\u201d e \u201cA vida sexual da mulher feia\u201d, entre outros; e os curtas \u201cA truta\u201d (Melhores do P\u00fablico Fest SP 2001) e \u201cRetrato falhado\u201d (Hors-Concours Fest Rio 2013).<\/p>\n\n\n\n<p>Para o teatro, escreveu e atuou no espet\u00e1culo \u201cApesar de voc\u00ea\u201d (2016) e, em 2020, estreou, no Teatro Poeira, RJ, texto in\u00e9dito de sua autoria, \u201cO baterista\u201d. \u00c9 autor de \u201cBula da Cumbuca \u2013 a hist\u00f3ria acelerada do samba cadenciado\u201d, \u201cAnimal \u2013 o choro sem choror\u00f4\u201d, \u201cO pequeno Mozart\u201d, \u201cSidarta\u201d. Em 2022, escreveu, para os palcos, \u201cO alienista\u201d (concorrendo para o Pr\u00eamio Nacional de Teatro Cenym de melhor texto adaptado), \u201cOs Rebou\u00e7as\u201d e \u201cA arte de furtar\u201d.<\/p>\n\n\n\n<p><strong><u>Ant\u00f4nio Fragoso<\/u><\/strong><\/p>\n\n\n\n<p>Formado em 1992, atuou em 36 espet\u00e1culos de teatro, 14 filmes, diversas s\u00e9ries, novelas e mais de 150 comerciais. Trabalhou com grandes diretores como Fernando Meirelles, Rene Sampaio, Katia Lund, Duda Vaisman, Henrique Tavares, Rodrigo Van Der Put, Mauricio Farias, Amir Hadad, Marcio Trigo, Sacha Celeste, Roberto Santucci, Jos\u00e9 Alvarenga, Jo\u00e3o Bitencourt, Clovis Mello e Felipe Jofily. Como produtor, teve uma bem sucedida parceria de 15 anos com a autora\/atriz Carla Faour, Henrique Tavares e Paulo Giannini.<\/p>\n\n\n\n<p>Trabalhos mais recentes foram \u201cSe meu apartamento falasse\u201d, musical de Charles M\u00f6eller e Claudio Botelho; \u201cEnsina-me a viver\u201d, espet\u00e1culo de grande sucesso que ficou cinco anos em cartaz, em que contracenou com Gl\u00f3ria Menezes, sob a dire\u00e7\u00e3o de Jo\u00e3o Falc\u00e3o; &#8220;Casamentos e precip\u00edcios&#8221; texto de Daniel Adjafre; &#8220;Obsess\u00e3o&#8221;, texto de Carla Faour que foi vencedor do pr\u00eamio APTR e FITA de Angra dos Reis; e &#8220;OVelho&#8221; dire\u00e7\u00e3o de Sacha Celeste. Em dezembro de 2017, estreou o musical &#8220;Se meu apartamento falasse&#8221;, com dire\u00e7\u00e3o de Charles M\u00f6eller e Cl\u00e1udio Botelho, no Teatro Bradesco. Em cinema, estrelou o blockbuster \u201cOs farofeiros\u201d, lan\u00e7ado em mar\u00e7o de 2018 e que foi visto por quase tr\u00eas milh\u00f5es de espectadores.<\/p>\n\n\n\n<p>Na TV, podemos destacar &#8220;Som e f\u00faria&#8221;, com dire\u00e7\u00e3o de Fernando Meirelles; e o programa \u201cOs caras de pau\u201d, dirigido pelo Marcio Trigo; \u201cGera\u00e7\u00e3o Brasil\u201d, dire\u00e7\u00e3o de Denise Saraceni.<\/p>\n\n\n\n<p><strong><u>Diego Molina<\/u><\/strong><\/p>\n\n\n\n<p>Diretor de teatro, dramaturgo, roteirista, ator, cen\u00f3grafo e professor. Formado em Dire\u00e7\u00e3o Teatral e Mestre em Artes C\u00eanicas pela UNIRIO. Ganhou o Pr\u00eamio Shell 2012 na categoria especial, com a Cia. Alf\u00e2ndega 88, pela ocupa\u00e7\u00e3o do Teatro Serrador. Foi indicado ao Pr\u00eamio Faz Diferen\u00e7a 2010 pelo trabalho em prol da inclus\u00e3o com o grupo Os Inclusos e os Sisos. Foi indicado ao Pr\u00eamio CBTIJ de Melhor Texto Original por \u201cA menina do kung fu\u201d. Ganhou diversos pr\u00eamios em festivais de esquetes pelo Rio de Janeiro, com trabalhos como \u201cO encontro\u201d, de Renata Mizrahi, \u201cEduca\u00e7\u00e3o a gente aprende desde crian\u00e7a\u201d, de autoria pr\u00f3pria, e \u201cCertifica\u00e7\u00e3o compuls\u00f3ria de artistas\u201d, de Monique Vaill\u00e9.<\/p>\n\n\n\n<p>Dirigiu espet\u00e1culos como: \u201cO baterista\u201d, de Celso Taddei; \u201cA menina do kung fu\u201d, autoria pr\u00f3pria; \u201cEla \u00e9 meu marido\u201d, de Martha Mendon\u00e7a e Nelito Fernandes; \u201cQuando ia me esquecendo de voc\u00ea\u201d, de Maria Silvia Camargo; \u201cRadiofonias Brasileiras \u2013 o musical\u201d, de Bosco Brasil; \u201cWar\u201d, de Renata Mizrahi; \u201cBette Davis e a m\u00e1quina de Coca-Cola\u201d, de J\u00f4 Bilac e Renata Mizrahi; \u201cUm dia Anita\u201d, de Julia Spadaccini e Renata Mizrahi\u201d; \u201cJoaquim e as estrelas\u201d, de Renata Mizrahi; \u201cNada que eu disser ser\u00e1 suficiente&#8230;\u201d, de Renata Mizrahi; \u201cLar\u201d, de Fernando Caruso, C\u00e9sar Amorim e Renata Mizrahi; \u201cFrancisco e o mundo\u201d, de Renata Mizrahi\u201d; entre outros.<\/p>\n\n\n\n<p>Trabalhos como autor em teatro: \u201cA menina do kung fu\u201d (infantil); \u201cPequenos poderes&#8221;; \u201cOs trabalhadores do mar\u201d (adapta\u00e7\u00e3o); \u201cO espi\u00e3o que n\u00f3s amamos\u201d (in\u00e9dito, com Bosco Brasil); \u201cFabulamente \u2013 Mon\u00f3logo com Tat\u00e1 Werneck\u201d; \u201cNingu\u00e9m mais vai ser bonzinho\u201d; al\u00e9m de diversos esquetes, escritos tamb\u00e9m para o coletivo Clube da Cena e para o site Drama Di\u00e1rio. \u00c9 autor dos livros \u201cCena Impressa 1 e 2\u201d e \u201cTeatro Duse: o primeiro teatro-laborat\u00f3rio do Brasil\u201d.<\/p>\n\n\n\n<p>Foi jurado do Pr\u00eamio Zilka Sallaberry de teatro para inf\u00e2ncia e juventude entre 2015 e 2018. Deu aulas de dramaturgia na CAL, SBAT, PUC Rio, Roteiraria, AIC, Midrash Cultural, Biblioteca Parque, Levante 42 e em diversas unidades do SESC pelo pa\u00eds.<\/p>\n\n\n\n<p>Foi diretor art\u00edstico do grupo \u201cOs inclusos e os sisos\u201d, promovendo inclus\u00e3o e acessibilidade atrav\u00e9s de diversos espet\u00e1culos pelo Brasil.<\/p>\n\n\n\n<p>Foi autor-roteirista da Rede Globo, onde escreveu para os programas \u201cCanastra Suja\u201d, \u201cZorra\u201d (indicado ao Emmy Internacional), \u201cLady Night\u201d, \u201cA gente riu assim \u2013 Retr\u00f4 de humor\u201d e \u201cDoming\u00e3o do Faust\u00e3o\u201d. Foi colaborador dos programas \u201cNoite de arrepiar\u201d e \u201cCasamento blindado\u201d (Record), \u201cCom\u00e9dia MTV\u201d, \u201cSem an\u00e1lise\u201d (Multishow) e do seriado &#8220;Dependentes&#8221; (Canal Futura). Escreveu ainda o curta-metragem \u201cVice e versa\u201d, vencedor do pr\u00eamio de Melhor Com\u00e9dia no Festival Claro Curtas 2008, e o longa-metragem \u201cFloresta profunda\u201d (com Bosco Brasil e Fidelys Fraga).&nbsp;<\/p>\n\n\n\n<p><strong><u>Alexandre Regis<\/u><\/strong><\/p>\n\n\n\n<p>Ator e diretor com 55 anos de carreira, Alexandre Regis come\u00e7ou a atuar aos 4 anos de idade. Trabalhou nos principais programas de humor da televis\u00e3o, entre eles \u201cViva o gordo\u201d, \u201cOs Caras de Pau\u201d, \u201cA pra\u00e7a \u00e9 nossa&#8221; e &#8220;Zorra&#8221;. Dirigiu diversos shows e espet\u00e1culos, entre eles \u201cN\u00f3s na fita\u201d, \u201cNa mira do gordo\u201d, \u201cTerror na Praia\u201d e \u201cBuraco da Lacraia Dance Show\u201d.<\/p>\n\n\n\n<p><strong><u>FICHA T\u00c9CNICA<\/u><\/strong><\/p>\n\n\n\n<p><strong>Texto:<\/strong>&nbsp;Celso Taddei<\/p>\n\n\n\n<p><strong>Atua\u00e7\u00e3o:<\/strong>&nbsp;Ant\u00f4nio Fragoso<\/p>\n\n\n\n<p><strong>Dire\u00e7\u00e3o:<\/strong>&nbsp;Diego Molina<\/p>\n\n\n\n<p><strong>Diretor assistente:<\/strong>&nbsp;Alexandre Regis<\/p>\n\n\n\n<p><strong>Cenografia:<\/strong>&nbsp;Diego Molina e Patr\u00edcia Muniz<\/p>\n\n\n\n<p><strong>Dire\u00e7\u00e3o musical:<\/strong>&nbsp;Pedro Coelho e Marcio Lomiranda<\/p>\n\n\n\n<p><strong>Ilumina\u00e7\u00e3o:<\/strong>&nbsp;Anderson Ratto<\/p>\n\n\n\n<p><strong>Figurino:<\/strong>&nbsp;Patr\u00edcia Muniz<\/p>\n\n\n\n<p><strong>Programa\u00e7\u00e3o visual:<\/strong>&nbsp;Daniel de Jesus<\/p>\n\n\n\n<p><strong>Fotografia:<\/strong>&nbsp;Caique Cunha<\/p>\n\n\n\n<p><strong>Filmagem:<\/strong>&nbsp;Bernardo Palmeiro<\/p>\n\n\n\n<p><strong>Assistente de c\u00e2mera:<\/strong>&nbsp;Renato Costa<\/p>\n\n\n\n<p><strong>Dire\u00e7\u00e3o de arte das fotos e v\u00eddeo teaser:<\/strong>&nbsp;Daniel de Jesus<\/p>\n\n\n\n<p><strong>Redes sociais:<\/strong>&nbsp;Ag\u00eancia e-Plan | Tatiana Borges<\/p>\n\n\n\n<p><strong>Assessoria de imprensa:<\/strong>&nbsp;Sheila Gomes<\/p>\n\n\n\n<p><strong>Assistente de produ\u00e7\u00e3o:<\/strong>&nbsp;Carmem Ferreira<\/p>\n\n\n\n<p><strong>Int\u00e9rpretes de libras:<\/strong>&nbsp;JDL &#8211; Acessibilidade na comunica\u00e7\u00e3o | Jadson Abra\u00e3o e Davi de Jesus<\/p>\n\n\n\n<p><strong>Produ\u00e7\u00e3o Executiva:<\/strong>&nbsp;Ag\u00eancia Bot\u00e3o Cultural | Bernardo Schlegel e Juliana Trimer<\/p>\n\n\n\n<p><strong>Produ\u00e7\u00e3o:<\/strong>&nbsp;Ant\u00f4nio Fragoso e Celso Taddei<\/p>\n\n\n\n<p><strong>Realiza\u00e7\u00e3o:<\/strong>\u00a0Levante 42<\/p>\n\n\n\n<p><strong>Sheila Gomes Assessoria<\/strong><\/p>\n\n\n\n<p><\/p>\n","protected":false},"excerpt":{"rendered":"<p>\u201cO Baterista\u201d, personagem do ator Ant\u00f4nio Fragoso no mon\u00f3logo de Celso Taddei, com dire\u00e7\u00e3o de&#8230;<\/p>\n","protected":false},"author":3,"featured_media":7334,"comment_status":"closed","ping_status":"open","sticky":false,"template":"","format":"standard","meta":{"om_disable_all_campaigns":false,"_monsterinsights_skip_tracking":false,"_monsterinsights_sitenote_active":false,"_monsterinsights_sitenote_note":"","_monsterinsights_sitenote_category":0,"spay_email":""},"categories":[1],"tags":[],"jetpack_featured_media_url":"https:\/\/vimagazine.com.br\/wp-content\/uploads\/2022\/11\/bater-scaled-e1669412302578.jpg","_links":{"self":[{"href":"https:\/\/vimagazine.com.br\/index.php?rest_route=\/wp\/v2\/posts\/7335"}],"collection":[{"href":"https:\/\/vimagazine.com.br\/index.php?rest_route=\/wp\/v2\/posts"}],"about":[{"href":"https:\/\/vimagazine.com.br\/index.php?rest_route=\/wp\/v2\/types\/post"}],"author":[{"embeddable":true,"href":"https:\/\/vimagazine.com.br\/index.php?rest_route=\/wp\/v2\/users\/3"}],"replies":[{"embeddable":true,"href":"https:\/\/vimagazine.com.br\/index.php?rest_route=%2Fwp%2Fv2%2Fcomments&post=7335"}],"version-history":[{"count":1,"href":"https:\/\/vimagazine.com.br\/index.php?rest_route=\/wp\/v2\/posts\/7335\/revisions"}],"predecessor-version":[{"id":7336,"href":"https:\/\/vimagazine.com.br\/index.php?rest_route=\/wp\/v2\/posts\/7335\/revisions\/7336"}],"wp:featuredmedia":[{"embeddable":true,"href":"https:\/\/vimagazine.com.br\/index.php?rest_route=\/wp\/v2\/media\/7334"}],"wp:attachment":[{"href":"https:\/\/vimagazine.com.br\/index.php?rest_route=%2Fwp%2Fv2%2Fmedia&parent=7335"}],"wp:term":[{"taxonomy":"category","embeddable":true,"href":"https:\/\/vimagazine.com.br\/index.php?rest_route=%2Fwp%2Fv2%2Fcategories&post=7335"},{"taxonomy":"post_tag","embeddable":true,"href":"https:\/\/vimagazine.com.br\/index.php?rest_route=%2Fwp%2Fv2%2Ftags&post=7335"}],"curies":[{"name":"wp","href":"https:\/\/api.w.org\/{rel}","templated":true}]}}