{"id":7337,"date":"2022-11-26T21:34:43","date_gmt":"2022-11-27T00:34:43","guid":{"rendered":"https:\/\/vimagazine.com.br\/?p=7337"},"modified":"2022-11-26T21:34:44","modified_gmt":"2022-11-27T00:34:44","slug":"o-meu-natal-show-natalino-em-sp-com-o-cantor-axel-a-voz-mais-romantica-de-portugal","status":"publish","type":"post","link":"https:\/\/vimagazine.com.br\/?p=7337","title":{"rendered":"O meu Natal: show natalino, em SP, com o cantor Axel, a voz mais rom\u00e2ntica de Portugal"},"content":{"rendered":"\n<p>&#8211; O multiplatinado cantor, autor, compositor, apresentador portugu\u00eas, Axel, vencedor de pr\u00eamios de melhor int\u00e9rprete, can\u00e7\u00e3o do ano; 3 d\u00e9cadas de sucesso em Portugal;<\/p>\n\n\n\n<figure class=\"wp-block-image size-large\"><img width=\"1024\" height=\"461\" src=\"https:\/\/vimagazine.com.br\/wp-content\/uploads\/2022\/11\/WhatsApp-Image-2022-11-26-at-12.18.51-1024x461.jpeg\" alt=\"\" class=\"wp-image-7339\" srcset=\"https:\/\/vimagazine.com.br\/wp-content\/uploads\/2022\/11\/WhatsApp-Image-2022-11-26-at-12.18.51-1024x461.jpeg 1024w, https:\/\/vimagazine.com.br\/wp-content\/uploads\/2022\/11\/WhatsApp-Image-2022-11-26-at-12.18.51-300x135.jpeg 300w, https:\/\/vimagazine.com.br\/wp-content\/uploads\/2022\/11\/WhatsApp-Image-2022-11-26-at-12.18.51-768x346.jpeg 768w, https:\/\/vimagazine.com.br\/wp-content\/uploads\/2022\/11\/WhatsApp-Image-2022-11-26-at-12.18.51-1536x692.jpeg 1536w, https:\/\/vimagazine.com.br\/wp-content\/uploads\/2022\/11\/WhatsApp-Image-2022-11-26-at-12.18.51.jpeg 1919w\" sizes=\"(max-width: 1024px) 100vw, 1024px\" \/><figcaption>Imagem: divulga\u00e7\u00e3o <\/figcaption><\/figure>\n\n\n\n<p>&#8211; Conquistou o cora\u00e7\u00e3o dos brasileiros com sua m\u00fasica nas novelas em hor\u00e1rio nobre no SBT; como jurado no &#8220;Canta Comigo&#8221; da Record TV; como apresentador na Band TV<\/p>\n\n\n\n<p>Em seu vasto curr\u00edculo tamb\u00e9m constam novelas em Portugal e na Venezuela, e apresenta\u00e7\u00e3o programa na TV Nacional, em Portugal. Como narrador esportivo, sua voz \u00e9 ouvida em mais de 90 pa\u00edses toda semana. Ainda, como narrador, participou da Band TV, Eurosport, Grupo Discovery, Extreme Channel, UFC, WWE, Bellator, al\u00e9m de shows em todos os continentes.<\/p>\n\n\n\n<p>No Brasil, o cantor conta com participa\u00e7\u00f5es gravadas com a Banda Malta, Vanessa Jackson, Nethynha Bardo, Rodrigo Teaser, Analice Nicolau, Sienna (Globo). Ainda vem com novo repert\u00f3rio dos mesmos compositores de Simone &amp; Simaria, Xande Avi\u00e3o, Jorge &amp; Mateus, Lauana Prado, Luiza e Maur\u00edlio, Guilherme &amp; Benuto.<\/p>\n\n\n\n<p><strong><em>Show: O meu Natal<\/em><\/strong><\/p>\n\n\n\n<p>Agora, o artista volta a apresentar ao vivo o show O meu Natal, que foi apresentado pela primeira vez em 2021 em um especial de TV e pay-per-view exibido em mais de 10 pa\u00edses com m\u00fasicas natalinas, do Brasil, de Portugal e de outros pa\u00edses. Um Show \u00fanico e imperd\u00edvel!<\/p>\n\n\n\n<p>A atra\u00e7\u00e3o acontecer\u00e1 no dia 7 de dezembro de 2022, \u00e0s 20h, no Teatro das Artes, na avenida Rebou\u00e7as, em S\u00e3o Paulo (SP).<\/p>\n\n\n\n<p><strong><em>Participa\u00e7\u00f5es especiais<\/em><\/strong><\/p>\n\n\n\n<p>A apresenta\u00e7\u00e3o natalina de Axel contar\u00e1 com alguns convidados especiais que cantar\u00e3o junto com ele, como os participantes do reality show Canta Comigo, Felipe Simmons, Roberto Seresteiro, Ana Dutra, Tati Pinheiro e Carol Caroli; algumas crian\u00e7as da vers\u00e3o teen do reality musical, al\u00e9m da jornalista Analice Nicolau.<\/p>\n\n\n\n<p><strong><em>Ingressos<\/em><\/strong><\/p>\n\n\n\n<p>Ingresso solid\u00e1rio: doa\u00e7\u00e3o de 1 kg de alimento n\u00e3o perec\u00edvel (obrigat\u00f3rio na entrada do espet\u00e1culo. A n\u00e3o entrega acarretar\u00e1 cobran\u00e7a complementar do valor do ingresso)<\/p>\n\n\n\n<p>Meia entrada: Estudantes, idosos, professores da rede estadual e municipal tem direito a meia entrada, mediante comprova\u00e7\u00e3o na entrada do evento.<\/p>\n\n\n\n<p>PNE e acompanhante: mediante apresenta\u00e7\u00e3o de documento inequ\u00edvoco que demonstre tal condi\u00e7\u00e3o (exemplo: laudo m\u00e9dico) acompanhado de documento de identidade oficial com foto.<\/p>\n\n\n\n<p>O documento de comprova\u00e7\u00e3o \u00e0 meia-entrada dever\u00e1 ser apresentado na entrada do evento.<\/p>\n\n\n\n<p>N\u00e3o ser\u00e1 permitida a entrada na sala ap\u00f3s o in\u00edcio do espet\u00e1culo, n\u00e3o havendo a devolu\u00e7\u00e3o de valores e troca de ingressos para&nbsp;outra&nbsp;data.<\/p>\n\n\n\n<p><strong><em>Servi\u00e7o<\/em><\/strong><\/p>\n\n\n\n<p><br><strong><em>Show:<\/em><\/strong> O meu Natal, com o cantor Axel, a voz mais rom\u00e2ntica de Portugal<br>Data: 7 de dezembro de 2022.&nbsp;&nbsp; Ingressos. Acesse <a href=\"https:\/\/bileto.sympla.com.br\/event\/77752\/d\/164421\">aqui<\/a>.<\/p>\n\n\n\n<p><br>Hor\u00e1rio: \u00e0s 20h<br>Local: Teatro das Artes<br>Endere\u00e7o: avenida Rebou\u00e7as, 3970, Lj 409 &#8211; S\u00e3o Paulo (SP)<\/p>\n\n\n\n<p><\/p>\n","protected":false},"excerpt":{"rendered":"<p>&#8211; O multiplatinado cantor, autor, compositor, apresentador portugu\u00eas, Axel, vencedor de pr\u00eamios de melhor int\u00e9rprete,&#8230;<\/p>\n","protected":false},"author":2,"featured_media":7338,"comment_status":"closed","ping_status":"open","sticky":false,"template":"","format":"standard","meta":{"om_disable_all_campaigns":false,"_monsterinsights_skip_tracking":false,"_monsterinsights_sitenote_active":false,"_monsterinsights_sitenote_note":"","_monsterinsights_sitenote_category":0,"spay_email":""},"categories":[27],"tags":[511,510,509],"jetpack_featured_media_url":"https:\/\/vimagazine.com.br\/wp-content\/uploads\/2022\/11\/DSC04105.jpg","_links":{"self":[{"href":"https:\/\/vimagazine.com.br\/index.php?rest_route=\/wp\/v2\/posts\/7337"}],"collection":[{"href":"https:\/\/vimagazine.com.br\/index.php?rest_route=\/wp\/v2\/posts"}],"about":[{"href":"https:\/\/vimagazine.com.br\/index.php?rest_route=\/wp\/v2\/types\/post"}],"author":[{"embeddable":true,"href":"https:\/\/vimagazine.com.br\/index.php?rest_route=\/wp\/v2\/users\/2"}],"replies":[{"embeddable":true,"href":"https:\/\/vimagazine.com.br\/index.php?rest_route=%2Fwp%2Fv2%2Fcomments&post=7337"}],"version-history":[{"count":1,"href":"https:\/\/vimagazine.com.br\/index.php?rest_route=\/wp\/v2\/posts\/7337\/revisions"}],"predecessor-version":[{"id":7340,"href":"https:\/\/vimagazine.com.br\/index.php?rest_route=\/wp\/v2\/posts\/7337\/revisions\/7340"}],"wp:featuredmedia":[{"embeddable":true,"href":"https:\/\/vimagazine.com.br\/index.php?rest_route=\/wp\/v2\/media\/7338"}],"wp:attachment":[{"href":"https:\/\/vimagazine.com.br\/index.php?rest_route=%2Fwp%2Fv2%2Fmedia&parent=7337"}],"wp:term":[{"taxonomy":"category","embeddable":true,"href":"https:\/\/vimagazine.com.br\/index.php?rest_route=%2Fwp%2Fv2%2Fcategories&post=7337"},{"taxonomy":"post_tag","embeddable":true,"href":"https:\/\/vimagazine.com.br\/index.php?rest_route=%2Fwp%2Fv2%2Ftags&post=7337"}],"curies":[{"name":"wp","href":"https:\/\/api.w.org\/{rel}","templated":true}]}}