{"id":7351,"date":"2022-11-30T21:50:59","date_gmt":"2022-12-01T00:50:59","guid":{"rendered":"https:\/\/vimagazine.com.br\/?p=7351"},"modified":"2022-11-30T21:51:02","modified_gmt":"2022-12-01T00:51:02","slug":"bailarina-ana-catharina-integra-elenco-da-peca-quebra-nozes-no-theatro-municipal","status":"publish","type":"post","link":"https:\/\/vimagazine.com.br\/?p=7351","title":{"rendered":"Bailarina Ana Catharina integra elenco da pe\u00e7a Quebra Nozes no Theatro Municipal"},"content":{"rendered":"\n<p><\/p>\n\n\n\n<p class=\"has-medium-font-size\">A dan\u00e7arina de 18 anos, Ana Catharina Goulart Silva Ovando, de Mau\u00e1, integrar\u00e1 o elenco de Quebra Nozes, espet\u00e1culo que acontece todo ano no Theatro Municipal de S\u00e3o Paulo. Desta vez, a pe\u00e7a ser\u00e1 nos dias 7, 8 e 9 de dezembro.<\/p>\n\n\n\n<p class=\"has-medium-font-size\">Ana est\u00e1 no ramo da dan\u00e7a desde os dois anos de idade, onde come\u00e7ou as aulas na escola em que estudava. &#8220;Eu comecei com aquelas aulinhas que voc\u00ea optava por bal\u00e9 ou jud\u00f4, e acabei escolhendo o bal\u00e9. Depois, com cinco anos, entrei em uma escola de bal\u00e9, da professora que j\u00e1 me dava aulas, onde fiquei at\u00e9 os meus 12 anos&#8221;, diz a bailarina.<\/p>\n\n\n\n<p class=\"has-medium-font-size\">Ana tamb\u00e9m explica como conseguiu entrar para a escola formadora de bal\u00e9 do Theatro Municipal de S\u00e3o Paulo, onde concluir\u00e1 o curso em dezembro deste ano. &#8220;Meu pai encontrou na internet o comunicado convidando meninas para fazerem a seletiva para o grupo de dan\u00e7a do Theatro Municipal. Ele disse que seria uma boa oportunidade para mim, s\u00f3 para testar como era uma sele\u00e7\u00e3o de bal\u00e9. Nenhum de n\u00f3s estava com esperan\u00e7a, porque eu s\u00f3 tinha feito aula em escolas menores, de Mau\u00e1. No fim, acabou dando certo e eu entrei&#8221;, afirma Ana.<\/p>\n\n\n\n<p class=\"has-medium-font-size\">Desde que entrou para escola de bal\u00e9, Ana Catharina diz que aprendeu muito e que a ensinaram v\u00e1rios estilos de dan\u00e7as, como contempor\u00e2nea, moderna, capoeira, frevo, t\u00e9cnicas de ponta, paded\u00ea.<\/p>\n\n\n\n<p class=\"has-medium-font-size\">A aluna de bal\u00e9 j\u00e1 participou de v\u00e1rios concursos de dan\u00e7a em outros estados e cidades do pa\u00eds, como por exemplo o festival de dan\u00e7a de Joinville, em Santa Catarina, o mais prestigiado do Brasil. Ela tamb\u00e9m se apresentou em Campos do Jord\u00e3o. Ana conta que ela e a turma do Theatro Municipal de S\u00e3o Paulo concorrem ao pr\u00eamio APCA (Associa\u00e7\u00e3o Paulista de Cr\u00edticos da Arte). &#8220;\u00c9 uma das poucas vezes que uma escola de dan\u00e7a \u00e9 indicada ao pr\u00eamio, geralmente s\u00e3o s\u00f3 companhias profissionais. Ent\u00e3o, \u00e9 um feito hist\u00f3rico para a gente. Ficamos muito realizadas&#8221;, afirma a bailarina.<\/p>\n\n\n\n<p class=\"has-medium-font-size\">Em &#8220;Quebra Nozes&#8221;, Ana e a turma de bal\u00e9 encerrar\u00e3o o curso com a apresenta\u00e7\u00e3o de dan\u00e7a da famosa Valsa das Flores, obra mais conhecida do compositor russo Piotr I. Tchaikovsky. Os ingressos j\u00e1 est\u00e3o dispon\u00edveis no site oficial da&nbsp;<a href=\"http:\/\/eventim.com\/\" target=\"_blank\" rel=\"noreferrer noopener\">eventim.com<\/a>&nbsp;ou nas bilheterias presenciais do Theatro Municipal de S\u00e3o Paulo. Os pre\u00e7os variam entre R$10 e R$20.<\/p>\n","protected":false},"excerpt":{"rendered":"<p>A dan\u00e7arina de 18 anos, Ana Catharina Goulart Silva Ovando, de Mau\u00e1, integrar\u00e1 o elenco&#8230;<\/p>\n","protected":false},"author":1,"featured_media":7353,"comment_status":"closed","ping_status":"open","sticky":false,"template":"","format":"standard","meta":{"om_disable_all_campaigns":false,"_monsterinsights_skip_tracking":false,"_monsterinsights_sitenote_active":false,"_monsterinsights_sitenote_note":"","_monsterinsights_sitenote_category":0,"spay_email":""},"categories":[27],"tags":[],"jetpack_featured_media_url":"https:\/\/vimagazine.com.br\/wp-content\/uploads\/2022\/11\/ana-catharina-1.jpeg","_links":{"self":[{"href":"https:\/\/vimagazine.com.br\/index.php?rest_route=\/wp\/v2\/posts\/7351"}],"collection":[{"href":"https:\/\/vimagazine.com.br\/index.php?rest_route=\/wp\/v2\/posts"}],"about":[{"href":"https:\/\/vimagazine.com.br\/index.php?rest_route=\/wp\/v2\/types\/post"}],"author":[{"embeddable":true,"href":"https:\/\/vimagazine.com.br\/index.php?rest_route=\/wp\/v2\/users\/1"}],"replies":[{"embeddable":true,"href":"https:\/\/vimagazine.com.br\/index.php?rest_route=%2Fwp%2Fv2%2Fcomments&post=7351"}],"version-history":[{"count":1,"href":"https:\/\/vimagazine.com.br\/index.php?rest_route=\/wp\/v2\/posts\/7351\/revisions"}],"predecessor-version":[{"id":7354,"href":"https:\/\/vimagazine.com.br\/index.php?rest_route=\/wp\/v2\/posts\/7351\/revisions\/7354"}],"wp:featuredmedia":[{"embeddable":true,"href":"https:\/\/vimagazine.com.br\/index.php?rest_route=\/wp\/v2\/media\/7353"}],"wp:attachment":[{"href":"https:\/\/vimagazine.com.br\/index.php?rest_route=%2Fwp%2Fv2%2Fmedia&parent=7351"}],"wp:term":[{"taxonomy":"category","embeddable":true,"href":"https:\/\/vimagazine.com.br\/index.php?rest_route=%2Fwp%2Fv2%2Fcategories&post=7351"},{"taxonomy":"post_tag","embeddable":true,"href":"https:\/\/vimagazine.com.br\/index.php?rest_route=%2Fwp%2Fv2%2Ftags&post=7351"}],"curies":[{"name":"wp","href":"https:\/\/api.w.org\/{rel}","templated":true}]}}