{"id":7401,"date":"2022-12-01T20:26:37","date_gmt":"2022-12-01T23:26:37","guid":{"rendered":"https:\/\/vimagazine.com.br\/?p=7401"},"modified":"2022-12-01T20:26:41","modified_gmt":"2022-12-01T23:26:41","slug":"arvore-dos-sonhos-do-balneario-shopping-promove-solidariedade-e-esperanca","status":"publish","type":"post","link":"https:\/\/vimagazine.com.br\/?p=7401","title":{"rendered":"\u00c1rvore dos Sonhos do Balne\u00e1rio Shopping promove solidariedade e esperan\u00e7a"},"content":{"rendered":"\n<p><em>A\u00e7\u00e3o solid\u00e1ria vai at\u00e9 dia 15 de dezembro ir\u00e1 beneficiar crian\u00e7as da Ama Litoral, Afadefi e Lar da Crian\u00e7a Feliz<\/em><\/p>\n\n\n\n<p>A tradicional campanha da \u00c1rvore dos Sonhos do Balne\u00e1rio Shopping, que estimula a solidariedade e leva a magia do Natal para crian\u00e7as em situa\u00e7\u00e3o de vulnerabilidade, j\u00e1 est\u00e1 dispon\u00edvel e ir\u00e1 at\u00e9 o dia 15 de dezembro, com objetivo de presentear as crian\u00e7as da Ama Litoral, que atende crian\u00e7as autistas, da Afadefi que trabalha com crian\u00e7as com algum tipo de defici\u00eancia e do Lar da Crian\u00e7a Feliz, que acolhe crian\u00e7as em situa\u00e7\u00e3o de vulnerabilidade.&nbsp;<\/p>\n\n\n\n<p>Para participar, os interessados em exercer o ato de solidariedade devem se dirigir \u00e0 \u00c1rvore dos Sonhos, no pavimento L1 ao lado do Concierge, e retirar um dos cart\u00f5es pendurados que cont\u00e9m as informa\u00e7\u00f5es da crian\u00e7a. Depois, \u00e9 s\u00f3 comprar o presente com carinho e deixar o pacote com o cart\u00e3o no balc\u00e3o do Concierge. No dia 15 de dezembro as crian\u00e7as do Lar da Crian\u00e7a Feliz ir\u00e3o at\u00e9 o shopping receber seus presentes e passar o dia com uma programa\u00e7\u00e3o que inclui atividades divertidas al\u00e9m da ida ao cinema.&nbsp;<\/p>\n\n\n\n<p>\u201cA campanha traz para os moradores e visitantes, que circulam pelo shopping, a oportunidade de promover a solidariedade e uni\u00e3o nessa \u00e9poca de magia e encantamento\u201d, comenta o gerente de marketing do Balne\u00e1rio Shopping, F\u00e1bio Quintana. A a\u00e7\u00e3o \u00c1rvore dos Sonhos \u00e9 uma iniciativa da Almeida Junior e est\u00e1 dispon\u00edvel nos seis shoppings do grupo.&nbsp;<\/p>\n\n\n\n<p><strong>Agende-se<\/strong><\/p>\n\n\n\n<p>O que: Campanha \u00c1rvore dos Sonhos.<\/p>\n\n\n\n<p>Quando: At\u00e9 dia 15 de dezembro.<\/p>\n\n\n\n<p>Onde:\u00a0 No concierge do Balne\u00e1rio Shopping.<\/p>\n\n\n\n<p><strong>Lilian Philippi<\/strong><\/p>\n\n\n\n<p>Analista de Comunica\u00e7\u00e3o<\/p>\n\n\n\n<p>Primeira Via Comunica\u00e7\u00e3o<\/p>\n","protected":false},"excerpt":{"rendered":"<p>A\u00e7\u00e3o solid\u00e1ria vai at\u00e9 dia 15 de dezembro ir\u00e1 beneficiar crian\u00e7as da Ama Litoral, Afadefi&#8230;<\/p>\n","protected":false},"author":3,"featured_media":7402,"comment_status":"closed","ping_status":"open","sticky":false,"template":"","format":"standard","meta":{"om_disable_all_campaigns":false,"_monsterinsights_skip_tracking":false,"_monsterinsights_sitenote_active":false,"_monsterinsights_sitenote_note":"","_monsterinsights_sitenote_category":0,"spay_email":""},"categories":[1],"tags":[],"jetpack_featured_media_url":"https:\/\/vimagazine.com.br\/wp-content\/uploads\/2022\/12\/Arvore-dos-Sonhos-BS1-e1669937088818.jpeg","_links":{"self":[{"href":"https:\/\/vimagazine.com.br\/index.php?rest_route=\/wp\/v2\/posts\/7401"}],"collection":[{"href":"https:\/\/vimagazine.com.br\/index.php?rest_route=\/wp\/v2\/posts"}],"about":[{"href":"https:\/\/vimagazine.com.br\/index.php?rest_route=\/wp\/v2\/types\/post"}],"author":[{"embeddable":true,"href":"https:\/\/vimagazine.com.br\/index.php?rest_route=\/wp\/v2\/users\/3"}],"replies":[{"embeddable":true,"href":"https:\/\/vimagazine.com.br\/index.php?rest_route=%2Fwp%2Fv2%2Fcomments&post=7401"}],"version-history":[{"count":1,"href":"https:\/\/vimagazine.com.br\/index.php?rest_route=\/wp\/v2\/posts\/7401\/revisions"}],"predecessor-version":[{"id":7403,"href":"https:\/\/vimagazine.com.br\/index.php?rest_route=\/wp\/v2\/posts\/7401\/revisions\/7403"}],"wp:featuredmedia":[{"embeddable":true,"href":"https:\/\/vimagazine.com.br\/index.php?rest_route=\/wp\/v2\/media\/7402"}],"wp:attachment":[{"href":"https:\/\/vimagazine.com.br\/index.php?rest_route=%2Fwp%2Fv2%2Fmedia&parent=7401"}],"wp:term":[{"taxonomy":"category","embeddable":true,"href":"https:\/\/vimagazine.com.br\/index.php?rest_route=%2Fwp%2Fv2%2Fcategories&post=7401"},{"taxonomy":"post_tag","embeddable":true,"href":"https:\/\/vimagazine.com.br\/index.php?rest_route=%2Fwp%2Fv2%2Ftags&post=7401"}],"curies":[{"name":"wp","href":"https:\/\/api.w.org\/{rel}","templated":true}]}}