{"id":7412,"date":"2022-12-01T21:16:18","date_gmt":"2022-12-02T00:16:18","guid":{"rendered":"https:\/\/vimagazine.com.br\/?p=7412"},"modified":"2022-12-02T13:24:02","modified_gmt":"2022-12-02T16:24:02","slug":"coral-cantos-da-ilha-fara-concerto-com-os-classicos-natalinos-nesta-quinta-feira-1-no-villa-romana-shopping","status":"publish","type":"post","link":"https:\/\/vimagazine.com.br\/?p=7412","title":{"rendered":"Florian\u00f3polis &#8211; SC: Coral Cantos da Ilha far\u00e1 concerto com os cl\u00e1ssicos natalinos nesta quinta-feira, 1, no Villa Romana Shopping"},"content":{"rendered":"\n<p><em>Apresenta\u00e7\u00f5es musicais fazem parte da programa\u00e7\u00e3o de Natal do empreendimento e seguem todo o m\u00eas de dezembro&nbsp;<\/em><\/p>\n\n\n\n<p>Os cl\u00e1ssicos de Natal nunca saem de moda e quem aprecia j\u00e1 pode marcar na agenda: durante todo o m\u00eas de dezembro, o Villa Romana Shopping vai promover apresenta\u00e7\u00f5es musicais gratuitas.&nbsp;<\/p>\n\n\n\n<p>Abrindo a programa\u00e7\u00e3o, o Coral Cantos da Ilha preparou um concerto dos cl\u00e1ssicos natalinos, com pe\u00e7as de diversos estilos presentes no cinema, nos \u00e1lbuns natalinos, nos musicais e que marcam a data. Ser\u00e3o 60 cantores, com um repert\u00f3rio que incluem Adeste Fideles, O Tannenbaum, Natal das Crian\u00e7as, Ent\u00e3o \u00e9 Natal, dentre outras.<\/p>\n\n\n\n<p>Tamb\u00e9m haver\u00e1 performance art\u00edstica neste per\u00edodo de festas, com desfiles de personagens natalinos pelos corredores do shopping.&nbsp;&nbsp;<\/p>\n\n\n\n<p><strong>::: Programa\u00e7\u00e3o :::<\/strong><\/p>\n\n\n\n<p>Quinta-feira, 1\/12, \u00e0s 17h &#8211; Apresenta\u00e7\u00e3o do Coral Cantos da Ilha<\/p>\n\n\n\n<p>S\u00e1bado e domingo, 3 e 4\/12, das 12h \u00e0s 18h \u2013 Desfile de personagens natalinos pelo mall&nbsp;<\/p>\n\n\n\n<p>Quinta-feira, 8\/12, \u00e0s 17h &#8211; Apresenta\u00e7\u00e3o do Coral Cantos da Ilha<\/p>\n\n\n\n<p>S\u00e1bado, 10\/12, \u00e0s 17h \u2013 Apresenta\u00e7\u00e3o de musical natalino<\/p>\n\n\n\n<p>S\u00e1bado e domingo, 10 e 11\/12, das 12h \u00e0s 18h \u2013 Desfile de personagens natalinos pelo mall&nbsp;<\/p>\n\n\n\n<p>Quinta-feira, 15\/12, \u00e0s 17h &#8211; Apresenta\u00e7\u00e3o do Coral Cantos da Ilha<\/p>\n\n\n\n<p>S\u00e1bado, 17\/12, \u00e0s 17h \u2013 Apresenta\u00e7\u00e3o de musical natalino<\/p>\n\n\n\n<p>S\u00e1bado, 17\/12, das 12h \u00e0s 18h \u2013 Desfile de personagens natalinos pelo mall&nbsp;<\/p>\n\n\n\n<p><strong>:: Servi\u00e7o ::<\/strong><\/p>\n\n\n\n<p><strong>O que:<\/strong> Apresenta\u00e7\u00f5es Natalinas<\/p>\n\n\n\n<p><strong>Onde:<\/strong> Villa Romana Shopping (Av. Madre Benvenuta, 687, Santa M\u00f4nica, Florian\u00f3polis)<\/p>\n\n\n\n<p>&#8212;<br><strong>Celina Keppeler<\/strong><\/p>\n","protected":false},"excerpt":{"rendered":"<p>Apresenta\u00e7\u00f5es musicais fazem parte da programa\u00e7\u00e3o de Natal do empreendimento e seguem todo o m\u00eas&#8230;<\/p>\n","protected":false},"author":3,"featured_media":7413,"comment_status":"closed","ping_status":"open","sticky":false,"template":"","format":"standard","meta":{"om_disable_all_campaigns":false,"_monsterinsights_skip_tracking":false,"_monsterinsights_sitenote_active":false,"_monsterinsights_sitenote_note":"","_monsterinsights_sitenote_category":0,"spay_email":""},"categories":[1],"tags":[],"jetpack_featured_media_url":"https:\/\/vimagazine.com.br\/wp-content\/uploads\/2022\/12\/Natal-Villa-Romana.jpeg","_links":{"self":[{"href":"https:\/\/vimagazine.com.br\/index.php?rest_route=\/wp\/v2\/posts\/7412"}],"collection":[{"href":"https:\/\/vimagazine.com.br\/index.php?rest_route=\/wp\/v2\/posts"}],"about":[{"href":"https:\/\/vimagazine.com.br\/index.php?rest_route=\/wp\/v2\/types\/post"}],"author":[{"embeddable":true,"href":"https:\/\/vimagazine.com.br\/index.php?rest_route=\/wp\/v2\/users\/3"}],"replies":[{"embeddable":true,"href":"https:\/\/vimagazine.com.br\/index.php?rest_route=%2Fwp%2Fv2%2Fcomments&post=7412"}],"version-history":[{"count":2,"href":"https:\/\/vimagazine.com.br\/index.php?rest_route=\/wp\/v2\/posts\/7412\/revisions"}],"predecessor-version":[{"id":7446,"href":"https:\/\/vimagazine.com.br\/index.php?rest_route=\/wp\/v2\/posts\/7412\/revisions\/7446"}],"wp:featuredmedia":[{"embeddable":true,"href":"https:\/\/vimagazine.com.br\/index.php?rest_route=\/wp\/v2\/media\/7413"}],"wp:attachment":[{"href":"https:\/\/vimagazine.com.br\/index.php?rest_route=%2Fwp%2Fv2%2Fmedia&parent=7412"}],"wp:term":[{"taxonomy":"category","embeddable":true,"href":"https:\/\/vimagazine.com.br\/index.php?rest_route=%2Fwp%2Fv2%2Fcategories&post=7412"},{"taxonomy":"post_tag","embeddable":true,"href":"https:\/\/vimagazine.com.br\/index.php?rest_route=%2Fwp%2Fv2%2Ftags&post=7412"}],"curies":[{"name":"wp","href":"https:\/\/api.w.org\/{rel}","templated":true}]}}