{"id":7454,"date":"2022-12-04T14:45:39","date_gmt":"2022-12-04T17:45:39","guid":{"rendered":"https:\/\/vimagazine.com.br\/?p=7454"},"modified":"2022-12-04T14:52:00","modified_gmt":"2022-12-04T17:52:00","slug":"dd-shopping-inaugura-exposicao-natal-magico","status":"publish","type":"post","link":"https:\/\/vimagazine.com.br\/?p=7454","title":{"rendered":"D&#038;D SHOPPING INAUGURA EXPOSI\u00c7\u00c3O NATAL M\u00c1GICO"},"content":{"rendered":"\n<p><\/p>\n\n\n\n<p style=\"font-size:25px\"><em><strong>Uma mostra para celebrar bons encontros e o melhor dos nossos afetos<\/strong><\/em><\/p>\n\n\n\n<p class=\"has-medium-font-size\">As festas de fim de ano est\u00e3o chegando e o D&amp;D Shopping j\u00e1 est\u00e1 em clima de Natal. O espa\u00e7o se transforma novamente em uma galeria conceitual de design e apresenta a exposi\u00e7\u00e3o&nbsp;<em>Natal M\u00e1gico D&amp;D &#8212; Boneco de Neve,&nbsp;<\/em>que est\u00e1 aberto ao p\u00fablico desde o dia 23 de novembro,&nbsp;com 40 profissionais entre arquitetos, designers de interiores, paisagistas, decoradores e influenciadores, dando asas \u00e0 imagina\u00e7\u00e3o e customizando o Boneco de Neve, um dos s\u00edmbolos do Natal que faz parte do imagin\u00e1rio das festas natalinas em todo o mundo.&nbsp;A exposi\u00e7\u00e3o atraente e encantadora ser\u00e1 exposta por todos os corredores do Shopping.<\/p>\n\n\n\n<p class=\"has-medium-font-size\"><br>Assim como nos anos anteriores, O natal do D&amp;D far\u00e1 uma mostra beneficente e ao longo da exposi\u00e7\u00e3o os Bonecos de Neve poder\u00e3o ser adquiridos e toda a verba ser\u00e1 revertida em compra de brinquedos para crian\u00e7as carentes das comunidades Jd. Edith, Bartolomeu Feio, Berrini e Gabriel Lara, atendendo mais de 200 crian\u00e7as.<\/p>\n\n\n\n<p class=\"has-medium-font-size\"><strong>Participam:<\/strong>&nbsp;<\/p>\n\n\n\n<p class=\"has-medium-font-size\"><br><strong>Aline Celles e Benisia Vieira:&nbsp;<\/strong><em>Boneco Feliz<\/em>&nbsp;&#8211; O conceito do boneco de neve foi baseado na felicidade do momento natalino e na representa\u00e7\u00e3o da biofilia aplicada nos ambientes de arquitetura, trazendo a natureza como forma de vida e a cor dourada aplicada tem um significado especial, que \u00e9 a generosidade. Natal representa alegria, amor, esperan\u00e7a e generosidade.<\/p>\n\n\n\n<figure class=\"wp-block-image size-large is-resized\"><img src=\"https:\/\/vimagazine.com.br\/wp-content\/uploads\/2022\/12\/Benisia-Vieira-e-Aline-Celles-1-1024x683.jpg\" alt=\"\" class=\"wp-image-7451\" width=\"464\" height=\"310\" srcset=\"https:\/\/vimagazine.com.br\/wp-content\/uploads\/2022\/12\/Benisia-Vieira-e-Aline-Celles-1-1024x683.jpg 1024w, https:\/\/vimagazine.com.br\/wp-content\/uploads\/2022\/12\/Benisia-Vieira-e-Aline-Celles-1-300x200.jpg 300w, https:\/\/vimagazine.com.br\/wp-content\/uploads\/2022\/12\/Benisia-Vieira-e-Aline-Celles-1-768x512.jpg 768w, https:\/\/vimagazine.com.br\/wp-content\/uploads\/2022\/12\/Benisia-Vieira-e-Aline-Celles-1-1536x1024.jpg 1536w, https:\/\/vimagazine.com.br\/wp-content\/uploads\/2022\/12\/Benisia-Vieira-e-Aline-Celles-1.jpg 1920w\" sizes=\"(max-width: 464px) 100vw, 464px\" \/><\/figure>\n\n\n\n<p class=\"has-medium-font-size\"><br><strong>Andrea Gonzaga:&nbsp;<\/strong><em>Natal Surpresa &#8211;<\/em>&nbsp;Natal \u00e9 tempo de resgatar a emo\u00e7\u00e3o, causar surpresas no cora\u00e7\u00e3o!<\/p>\n\n\n\n<figure class=\"wp-block-image size-large is-resized\"><img src=\"https:\/\/vimagazine.com.br\/wp-content\/uploads\/2022\/12\/Andrea-Gonzaga-6-683x1024.jpg\" alt=\"\" class=\"wp-image-7452\" width=\"371\" height=\"558\" srcset=\"https:\/\/vimagazine.com.br\/wp-content\/uploads\/2022\/12\/Andrea-Gonzaga-6-200x300.jpg 200w, https:\/\/vimagazine.com.br\/wp-content\/uploads\/2022\/12\/Andrea-Gonzaga-6-768x1152.jpg 768w, https:\/\/vimagazine.com.br\/wp-content\/uploads\/2022\/12\/Andrea-Gonzaga-6-1024x1536.jpg 1024w, https:\/\/vimagazine.com.br\/wp-content\/uploads\/2022\/12\/Andrea-Gonzaga-6.jpg 1280w\" sizes=\"(max-width: 371px) 100vw, 371px\" \/><\/figure>\n\n\n\n<p class=\"has-medium-font-size\"><br><strong>Andr\u00e9 Leite e Bruna Ximenes:&nbsp;<\/strong><em>Help&nbsp;<\/em>&#8211; Nossa ideia foi tra\u00e7ar um paralelo sobre o come\u00e7o e o fim das coisas, o que n\u00e3o necessariamente \u00e9 uma coisa ruim&#8230; tamb\u00e9m podemos pensar do ponto de vista ecol\u00f3gico sobre o aquecimento global e sobre a interfer\u00eancia do homem no desequil\u00edbrio do meio ambiente. Gostamos de pensar tamb\u00e9m sobre o &#8220;derretimento&#8221; das rela\u00e7\u00f5es interpessoais, com as polariza\u00e7\u00f5es vividas recentemente em nossa sociedade, al\u00e9m da apropria\u00e7\u00e3o da cultura estrangeira num pa\u00eds tropical&#8230; Enfim, pensamos numa forma leve e divertida de promover uma discuss\u00e3o e reflex\u00e3o sobre n\u00f3s mesmos!<\/p>\n\n\n\n<figure class=\"wp-block-image size-large is-resized\"><img src=\"https:\/\/vimagazine.com.br\/wp-content\/uploads\/2022\/12\/Bruna-Ximenes-e-Andre-Leite-1-1024x683.jpg\" alt=\"\" class=\"wp-image-7455\" width=\"470\" height=\"313\" srcset=\"https:\/\/vimagazine.com.br\/wp-content\/uploads\/2022\/12\/Bruna-Ximenes-e-Andre-Leite-1-1024x683.jpg 1024w, https:\/\/vimagazine.com.br\/wp-content\/uploads\/2022\/12\/Bruna-Ximenes-e-Andre-Leite-1-300x200.jpg 300w, https:\/\/vimagazine.com.br\/wp-content\/uploads\/2022\/12\/Bruna-Ximenes-e-Andre-Leite-1-768x512.jpg 768w, https:\/\/vimagazine.com.br\/wp-content\/uploads\/2022\/12\/Bruna-Ximenes-e-Andre-Leite-1-1536x1024.jpg 1536w, https:\/\/vimagazine.com.br\/wp-content\/uploads\/2022\/12\/Bruna-Ximenes-e-Andre-Leite-1.jpg 1920w\" sizes=\"(max-width: 470px) 100vw, 470px\" \/><\/figure>\n\n\n\n<p class=\"has-medium-font-size\"><br><strong>Ant\u00f4nio Figueroa e Camila Figueroa:&nbsp;<\/strong><em>Johnny &#8211;<\/em>&nbsp;Johnny cansou de passar o natal na neve e decidiu vir passar as f\u00e9rias nas praias do Brasil.<\/p>\n\n\n\n<figure class=\"wp-block-image size-large is-resized\"><img src=\"https:\/\/vimagazine.com.br\/wp-content\/uploads\/2022\/12\/Antonio-e-Camila-Figueiroa-4-683x1024.jpg\" alt=\"\" class=\"wp-image-7456\" width=\"370\" height=\"553\"\/><\/figure>\n\n\n\n<p class=\"has-medium-font-size\"><br><strong>Barbara Dundes:&nbsp;<\/strong><em>Yayoi &#8211;&nbsp;<\/em>A inspira\u00e7\u00e3o para esse projeto foi inspirado nas obras de Yayoi Kusama, artista plastica japonesa de 93 anos com obsess\u00e3o por pontos e bolas. Suas cria\u00e7\u00f5es trabalham com influ\u00eancias do minimalismo, da pop art, do surrealismo e do expressionismo abstrato. Nos inspiramos na &#8220;Dots Obsessions&#8221; de Yayoi, nos tons natalinos para nosso boneco de neve Pop Art.<\/p>\n\n\n\n<figure class=\"wp-block-image size-large is-resized\"><img src=\"https:\/\/vimagazine.com.br\/wp-content\/uploads\/2022\/12\/Barbara-Dundes-5-683x1024.jpg\" alt=\"\" class=\"wp-image-7457\" width=\"369\" height=\"553\" srcset=\"https:\/\/vimagazine.com.br\/wp-content\/uploads\/2022\/12\/Barbara-Dundes-5-683x1024.jpg 683w, https:\/\/vimagazine.com.br\/wp-content\/uploads\/2022\/12\/Barbara-Dundes-5-200x300.jpg 200w, https:\/\/vimagazine.com.br\/wp-content\/uploads\/2022\/12\/Barbara-Dundes-5-768x1152.jpg 768w, https:\/\/vimagazine.com.br\/wp-content\/uploads\/2022\/12\/Barbara-Dundes-5-1024x1536.jpg 1024w, https:\/\/vimagazine.com.br\/wp-content\/uploads\/2022\/12\/Barbara-Dundes-5.jpg 1280w\" sizes=\"(max-width: 369px) 100vw, 369px\" \/><\/figure>\n\n\n\n<p class=\"has-medium-font-size\"><br><strong>Beatriz Seppe e Karina Benassi:&nbsp;<\/strong><em>Boneco de Retalhos<\/em>&nbsp;&#8211; Qual a import\u00e2ncia do reaproveitamento na vida de cada um? Essa \u00e9 a pergunta que queremos fazer aos que visitam a exposi\u00e7\u00e3o. O Boneco de Retalhos surgiu a partir da reutiliza\u00e7\u00e3o de materiais presentes no dia a dia do nosso escrit\u00f3rio, como os tecidos, que exibem diferentes texturas e cores, e que seriam descartados ao serem substitu\u00eddos por novos e mais atuais.<\/p>\n\n\n\n<figure class=\"wp-block-image size-large is-resized\"><img src=\"https:\/\/vimagazine.com.br\/wp-content\/uploads\/2022\/12\/Beatriz-Seppe-e-Karina-Benassi-4-683x1024.jpg\" alt=\"\" class=\"wp-image-7458\" width=\"383\" height=\"574\" srcset=\"https:\/\/vimagazine.com.br\/wp-content\/uploads\/2022\/12\/Beatriz-Seppe-e-Karina-Benassi-4-683x1024.jpg 683w, https:\/\/vimagazine.com.br\/wp-content\/uploads\/2022\/12\/Beatriz-Seppe-e-Karina-Benassi-4-200x300.jpg 200w, https:\/\/vimagazine.com.br\/wp-content\/uploads\/2022\/12\/Beatriz-Seppe-e-Karina-Benassi-4-768x1152.jpg 768w, https:\/\/vimagazine.com.br\/wp-content\/uploads\/2022\/12\/Beatriz-Seppe-e-Karina-Benassi-4-1024x1536.jpg 1024w, https:\/\/vimagazine.com.br\/wp-content\/uploads\/2022\/12\/Beatriz-Seppe-e-Karina-Benassi-4.jpg 1280w\" sizes=\"(max-width: 383px) 100vw, 383px\" \/><\/figure>\n\n\n\n<p class=\"has-medium-font-size\"><br><strong>Brunete Fraccaroli:<\/strong>&nbsp;<em>Boneco de Neve Arquiteto &#8211;&nbsp;<\/em>Criamos o Boneco de Neve Arquiteto, para dizer que arquitetura est\u00e1 em todos os lugares seja eles espa\u00e7os f\u00edsicos ou digitais e principalmente no Natal. N\u00f3s produzimos espa\u00e7os, onde fam\u00edlias ocupam e a inspira\u00e7\u00e3o surgiu em unir a ideia da arquitetura com o espirito natalino, criando assim o Boneco de Neve Arquiteto.<\/p>\n\n\n\n<figure class=\"wp-block-image size-large is-resized\"><img src=\"https:\/\/vimagazine.com.br\/wp-content\/uploads\/2022\/12\/DD_NatalMagico_Bonecos_Brunette-Fraccaroli-683x1024.jpg\" alt=\"\" class=\"wp-image-7483\" width=\"365\" height=\"547\" srcset=\"https:\/\/vimagazine.com.br\/wp-content\/uploads\/2022\/12\/DD_NatalMagico_Bonecos_Brunette-Fraccaroli-683x1024.jpg 683w, https:\/\/vimagazine.com.br\/wp-content\/uploads\/2022\/12\/DD_NatalMagico_Bonecos_Brunette-Fraccaroli-200x300.jpg 200w, https:\/\/vimagazine.com.br\/wp-content\/uploads\/2022\/12\/DD_NatalMagico_Bonecos_Brunette-Fraccaroli-768x1152.jpg 768w, https:\/\/vimagazine.com.br\/wp-content\/uploads\/2022\/12\/DD_NatalMagico_Bonecos_Brunette-Fraccaroli-1024x1536.jpg 1024w, https:\/\/vimagazine.com.br\/wp-content\/uploads\/2022\/12\/DD_NatalMagico_Bonecos_Brunette-Fraccaroli.jpg 1280w\" sizes=\"(max-width: 365px) 100vw, 365px\" \/><\/figure>\n\n\n\n<p class=\"has-medium-font-size\"><br><strong>Bruno Carvalho:&nbsp;<\/strong><em>Palha\u00e7o Contempor\u00e2neo<\/em>&nbsp;&#8211; Dentro dos grandes contrastes e seriedade da vida contempor\u00e2nea, bem-sucedidos s\u00e3o aqueles capazes de criar seu pr\u00f3prio universo l\u00fadico e descontra\u00eddo. A vida \u00e9 muito curta para n\u00e3o vestir um &#8220;nariz de palha\u00e7o&#8221; e buscar dentro de si o bom humor para enfrentar as adversidades da vida. Viva os palha\u00e7os!<\/p>\n\n\n\n<figure class=\"wp-block-image size-large is-resized\"><img src=\"https:\/\/vimagazine.com.br\/wp-content\/uploads\/2022\/12\/DD_NatalMagico_Boneco-Bruno-Borges-Carvalho_BC-Arquitetos-683x1024.jpg\" alt=\"\" class=\"wp-image-7484\" width=\"390\" height=\"585\" srcset=\"https:\/\/vimagazine.com.br\/wp-content\/uploads\/2022\/12\/DD_NatalMagico_Boneco-Bruno-Borges-Carvalho_BC-Arquitetos-683x1024.jpg 683w, https:\/\/vimagazine.com.br\/wp-content\/uploads\/2022\/12\/DD_NatalMagico_Boneco-Bruno-Borges-Carvalho_BC-Arquitetos-200x300.jpg 200w, https:\/\/vimagazine.com.br\/wp-content\/uploads\/2022\/12\/DD_NatalMagico_Boneco-Bruno-Borges-Carvalho_BC-Arquitetos-768x1152.jpg 768w, https:\/\/vimagazine.com.br\/wp-content\/uploads\/2022\/12\/DD_NatalMagico_Boneco-Bruno-Borges-Carvalho_BC-Arquitetos-1024x1536.jpg 1024w, https:\/\/vimagazine.com.br\/wp-content\/uploads\/2022\/12\/DD_NatalMagico_Boneco-Bruno-Borges-Carvalho_BC-Arquitetos.jpg 1280w\" sizes=\"(max-width: 390px) 100vw, 390px\" \/><\/figure>\n\n\n\n<p class=\"has-medium-font-size\"><br><strong>Bruno Moraes:&nbsp;<\/strong><em>Natal Brasileiro<\/em>&nbsp;&#8211; Visando fugir do visual mais tradicional do Natal, que est\u00e1 muito relacionado \u00e0 neve e ao frio, o escrit\u00f3rio BMA Studio, liderado pelo arquiteto Bruno Moraes, trar\u00e1 um conceito tropical \u00e0 mostra Natal M\u00e1gico do Shopping D&amp;D. Para valorizar a exuberante cultura brasileira, especialmente o rico folclore nordestino, o profissional planejou um espa\u00e7o totalmente enraizado na realidade nacional. Para come\u00e7ar, um boneco de neve feito de barro, revestido com arte em grafite, trazendo elementos bem relacionados ao tema, como igrejinhas, chap\u00e9us, cactos, entre outros. Todo o mobili\u00e1rio ser\u00e1 em estilo r\u00fastico, com muita madeira, e a decora\u00e7\u00e3o nordestina, com tons s\u00f3brios e vibrantes, gerando contrastes. At\u00e9 mesmo frutas e vegeta\u00e7\u00e3o t\u00edpicas da regi\u00e3o e outros objetos que remetem ao estilo tropical far\u00e3o parte do acervo. Al\u00e9m dessa est\u00e9tica marcante, o ambiente tamb\u00e9m contar\u00e1 com um momento interativo, cheio de significado: um cordel de literatura nordestina trar\u00e1 poesias e mensagens de uni\u00e3o e celebra\u00e7\u00e3o. As fam\u00edlias e amigos poder\u00e3o ler textos e lev\u00e1-los para casa e, ainda, deixar seus pr\u00f3prios recados em pap\u00e9is coloridos, pendurados no varal. A proposta gira em torno da reflex\u00e3o sobre a brasilidade no Natal, buscando trazer \u00e0 frente uma cultura forte que se perde neste per\u00edodo festivo, ficando de lado a favor do visual que \u00e9 predominantemente americano.<\/p>\n\n\n\n<figure class=\"wp-block-image size-large is-resized\"><img src=\"https:\/\/vimagazine.com.br\/wp-content\/uploads\/2022\/12\/Bruno-Moraes-3-1-1024x683.jpg\" alt=\"\" class=\"wp-image-7460\" width=\"462\" height=\"308\" srcset=\"https:\/\/vimagazine.com.br\/wp-content\/uploads\/2022\/12\/Bruno-Moraes-3-1-1024x683.jpg 1024w, https:\/\/vimagazine.com.br\/wp-content\/uploads\/2022\/12\/Bruno-Moraes-3-1-300x200.jpg 300w, https:\/\/vimagazine.com.br\/wp-content\/uploads\/2022\/12\/Bruno-Moraes-3-1-768x512.jpg 768w, https:\/\/vimagazine.com.br\/wp-content\/uploads\/2022\/12\/Bruno-Moraes-3-1-1536x1024.jpg 1536w, https:\/\/vimagazine.com.br\/wp-content\/uploads\/2022\/12\/Bruno-Moraes-3-1.jpg 1920w\" sizes=\"(max-width: 462px) 100vw, 462px\" \/><\/figure>\n\n\n\n<p class=\"has-medium-font-size\"><br><strong>Carol Scarpelli:&nbsp;<\/strong><em>Vito<\/em>&nbsp;&#8211; O conceito \u00e9 transmitir toda a paz, a alegria, o esp\u00edrito natalino e esperan\u00e7a, as cores vibrantes da tradi\u00e7\u00e3o, suas estampas traduzem a hist\u00f3ria do nascimento de Cristo, o principal motivo para celebrarmos o Natal. A palavra Vito \u00e9 uma varia\u00e7\u00e3o de vida em italiano.<\/p>\n\n\n\n<figure class=\"wp-block-image size-large is-resized\"><img src=\"https:\/\/vimagazine.com.br\/wp-content\/uploads\/2022\/12\/DD_NatalMagico_Bonecos_Carol-Scarpeli-683x1024.jpg\" alt=\"\" class=\"wp-image-7485\" width=\"374\" height=\"561\" srcset=\"https:\/\/vimagazine.com.br\/wp-content\/uploads\/2022\/12\/DD_NatalMagico_Bonecos_Carol-Scarpeli-683x1024.jpg 683w, https:\/\/vimagazine.com.br\/wp-content\/uploads\/2022\/12\/DD_NatalMagico_Bonecos_Carol-Scarpeli-200x300.jpg 200w, https:\/\/vimagazine.com.br\/wp-content\/uploads\/2022\/12\/DD_NatalMagico_Bonecos_Carol-Scarpeli-768x1152.jpg 768w, https:\/\/vimagazine.com.br\/wp-content\/uploads\/2022\/12\/DD_NatalMagico_Bonecos_Carol-Scarpeli-1024x1536.jpg 1024w, https:\/\/vimagazine.com.br\/wp-content\/uploads\/2022\/12\/DD_NatalMagico_Bonecos_Carol-Scarpeli.jpg 1280w\" sizes=\"(max-width: 374px) 100vw, 374px\" \/><\/figure>\n\n\n\n<p class=\"has-medium-font-size\"><br><strong>Claudia Gallasso:&nbsp;<\/strong><em>Derretildo &#8211;<\/em><strong>&nbsp;<\/strong>Derretildo conheceu o ver\u00e3o do Brasil, adorou o sol, o calor e a cerveja gelada, mas precisou achar formas de sobreviver para n\u00e3o acabar com a divers\u00e3o.<\/p>\n\n\n\n<figure class=\"wp-block-image size-large is-resized\"><img src=\"https:\/\/vimagazine.com.br\/wp-content\/uploads\/2022\/12\/DD_NatalMagico_Bonecos_Claudia-Galasso-e-Daniel-Polacchini-683x1024.jpg\" alt=\"\" class=\"wp-image-7486\" width=\"372\" height=\"558\" srcset=\"https:\/\/vimagazine.com.br\/wp-content\/uploads\/2022\/12\/DD_NatalMagico_Bonecos_Claudia-Galasso-e-Daniel-Polacchini-683x1024.jpg 683w, https:\/\/vimagazine.com.br\/wp-content\/uploads\/2022\/12\/DD_NatalMagico_Bonecos_Claudia-Galasso-e-Daniel-Polacchini-200x300.jpg 200w, https:\/\/vimagazine.com.br\/wp-content\/uploads\/2022\/12\/DD_NatalMagico_Bonecos_Claudia-Galasso-e-Daniel-Polacchini-768x1152.jpg 768w, https:\/\/vimagazine.com.br\/wp-content\/uploads\/2022\/12\/DD_NatalMagico_Bonecos_Claudia-Galasso-e-Daniel-Polacchini-1024x1536.jpg 1024w, https:\/\/vimagazine.com.br\/wp-content\/uploads\/2022\/12\/DD_NatalMagico_Bonecos_Claudia-Galasso-e-Daniel-Polacchini.jpg 1280w\" sizes=\"(max-width: 372px) 100vw, 372px\" \/><\/figure>\n\n\n\n<p class=\"has-medium-font-size\"><br><strong>Debora Valente:&nbsp;<\/strong><em>Snow Care &#8212;<\/em>&nbsp;S\u00f3 um ato de amor verdadeiro pode derreter um cora\u00e7\u00e3o congelado.<\/p>\n\n\n\n<figure class=\"wp-block-image size-large is-resized\"><img src=\"https:\/\/vimagazine.com.br\/wp-content\/uploads\/2022\/12\/Debora-Valente-3-683x1024.jpg\" alt=\"\" class=\"wp-image-7461\" width=\"383\" height=\"574\" srcset=\"https:\/\/vimagazine.com.br\/wp-content\/uploads\/2022\/12\/Debora-Valente-3-683x1024.jpg 683w, https:\/\/vimagazine.com.br\/wp-content\/uploads\/2022\/12\/Debora-Valente-3-200x300.jpg 200w, https:\/\/vimagazine.com.br\/wp-content\/uploads\/2022\/12\/Debora-Valente-3-768x1152.jpg 768w, https:\/\/vimagazine.com.br\/wp-content\/uploads\/2022\/12\/Debora-Valente-3-1024x1536.jpg 1024w, https:\/\/vimagazine.com.br\/wp-content\/uploads\/2022\/12\/Debora-Valente-3.jpg 1280w\" sizes=\"(max-width: 383px) 100vw, 383px\" \/><\/figure>\n\n\n\n<p class=\"has-medium-font-size\"><br><strong>Denise Meneghello:&nbsp;<\/strong><em>Boneco de Seda<\/em>&nbsp;&#8211; Esse boneco representa a vida em lembretes sutis, repleta de sensa\u00e7\u00f5es como a leveza, transpar\u00eancia e delicadeza da seda que envolve o seu corpo. Branco como a neve, traz a paz e harmonia que essa \u00e9poca nos proporciona, assim como os detalhes dourados que simbolizam a prosperidade. Material utilizado: seda 100% pura.<\/p>\n\n\n\n<figure class=\"wp-block-image size-large is-resized\"><img src=\"https:\/\/vimagazine.com.br\/wp-content\/uploads\/2022\/12\/Denise-Meneghello-8-1024x683.jpg\" alt=\"\" class=\"wp-image-7462\" width=\"465\" height=\"309\" srcset=\"https:\/\/vimagazine.com.br\/wp-content\/uploads\/2022\/12\/Denise-Meneghello-8-1024x683.jpg 1024w, https:\/\/vimagazine.com.br\/wp-content\/uploads\/2022\/12\/Denise-Meneghello-8-300x200.jpg 300w, https:\/\/vimagazine.com.br\/wp-content\/uploads\/2022\/12\/Denise-Meneghello-8-768x512.jpg 768w, https:\/\/vimagazine.com.br\/wp-content\/uploads\/2022\/12\/Denise-Meneghello-8-1536x1024.jpg 1536w, https:\/\/vimagazine.com.br\/wp-content\/uploads\/2022\/12\/Denise-Meneghello-8.jpg 1920w\" sizes=\"(max-width: 465px) 100vw, 465px\" \/><\/figure>\n\n\n\n<p class=\"has-medium-font-size\"><br><strong>Fabiano Hayasaki e Tania Hayasaki:&nbsp;<\/strong><em>Boneco Luz<\/em><strong>&nbsp;&#8211;&nbsp;<\/strong>Nos inspiramos no Natal tradicional valorizando e resgatando o verdadeiro esp\u00edrito e significado do Natal, o Nascimento do menino Jesus, e tudo o que uma fam\u00edlia mais necessita: Muita Luz! Sa\u00fade, Alegria, Paz, Uni\u00e3o e viver em harmonia! Por isso o brilho da Luz est\u00e1 representado no chap\u00e9u, al\u00e9m de simbolizar tamb\u00e9m a prote\u00e7\u00e3o. Nosso Boneco Luz resgatamos a imagem mais tradicional j\u00e1 conhecida por todos n\u00f3s, para valorizarmos e resgatarmos ainda mais o tradicional esp\u00edrito natalino.<\/p>\n\n\n\n<figure class=\"wp-block-image size-large is-resized\"><img src=\"https:\/\/vimagazine.com.br\/wp-content\/uploads\/2022\/12\/Fabiano-e-Tania-Hayasaki-1-683x1024.jpg\" alt=\"\" class=\"wp-image-7463\" width=\"372\" height=\"557\" srcset=\"https:\/\/vimagazine.com.br\/wp-content\/uploads\/2022\/12\/Fabiano-e-Tania-Hayasaki-1-683x1024.jpg 683w, https:\/\/vimagazine.com.br\/wp-content\/uploads\/2022\/12\/Fabiano-e-Tania-Hayasaki-1-200x300.jpg 200w, https:\/\/vimagazine.com.br\/wp-content\/uploads\/2022\/12\/Fabiano-e-Tania-Hayasaki-1-768x1152.jpg 768w, https:\/\/vimagazine.com.br\/wp-content\/uploads\/2022\/12\/Fabiano-e-Tania-Hayasaki-1-1024x1536.jpg 1024w, https:\/\/vimagazine.com.br\/wp-content\/uploads\/2022\/12\/Fabiano-e-Tania-Hayasaki-1.jpg 1280w\" sizes=\"(max-width: 372px) 100vw, 372px\" \/><\/figure>\n\n\n\n<p class=\"has-medium-font-size\"><br><strong>Fernanda Speda:&nbsp;<\/strong><em>Boneco de Luz<\/em>&nbsp;&#8211; Ele se veste de neve e dos elementos da natureza para criar seu corpo de luz, e permite que o amor chegue at\u00e9 os cora\u00e7\u00f5es de todas as pessoas.<\/p>\n\n\n\n<figure class=\"wp-block-image size-large is-resized\"><img src=\"https:\/\/vimagazine.com.br\/wp-content\/uploads\/2022\/12\/DD_NatalMagico_Bonecos_Fernanda-Speda-683x1024.jpg\" alt=\"\" class=\"wp-image-7491\" width=\"382\" height=\"573\" srcset=\"https:\/\/vimagazine.com.br\/wp-content\/uploads\/2022\/12\/DD_NatalMagico_Bonecos_Fernanda-Speda-683x1024.jpg 683w, https:\/\/vimagazine.com.br\/wp-content\/uploads\/2022\/12\/DD_NatalMagico_Bonecos_Fernanda-Speda-200x300.jpg 200w, https:\/\/vimagazine.com.br\/wp-content\/uploads\/2022\/12\/DD_NatalMagico_Bonecos_Fernanda-Speda-768x1152.jpg 768w, https:\/\/vimagazine.com.br\/wp-content\/uploads\/2022\/12\/DD_NatalMagico_Bonecos_Fernanda-Speda-1024x1536.jpg 1024w, https:\/\/vimagazine.com.br\/wp-content\/uploads\/2022\/12\/DD_NatalMagico_Bonecos_Fernanda-Speda.jpg 1280w\" sizes=\"(max-width: 382px) 100vw, 382px\" \/><\/figure>\n\n\n\n<p class=\"has-medium-font-size\"><br><strong>Fl\u00e1via Nobre e Roberta Saes:&nbsp;<\/strong><em>Sparkles<\/em>&nbsp;&#8211; Nosso conceito foi baseado em usarmos os acabamentos que utilizamos em nossos projetos de interiores. O fendi como a cor neutra base, a madeira para trazer aconchego, o verde remetendo ao paisagismo e o dourado como ponto de delicadeza e charme!<\/p>\n\n\n\n<figure class=\"wp-block-image size-large is-resized\"><img src=\"https:\/\/vimagazine.com.br\/wp-content\/uploads\/2022\/12\/DD_NatalMagico_Bonecos_Flavia-Nobre-e-Roberta-Saes-683x1024.jpg\" alt=\"\" class=\"wp-image-7492\" width=\"388\" height=\"582\" srcset=\"https:\/\/vimagazine.com.br\/wp-content\/uploads\/2022\/12\/DD_NatalMagico_Bonecos_Flavia-Nobre-e-Roberta-Saes-683x1024.jpg 683w, https:\/\/vimagazine.com.br\/wp-content\/uploads\/2022\/12\/DD_NatalMagico_Bonecos_Flavia-Nobre-e-Roberta-Saes-200x300.jpg 200w, https:\/\/vimagazine.com.br\/wp-content\/uploads\/2022\/12\/DD_NatalMagico_Bonecos_Flavia-Nobre-e-Roberta-Saes-768x1152.jpg 768w, https:\/\/vimagazine.com.br\/wp-content\/uploads\/2022\/12\/DD_NatalMagico_Bonecos_Flavia-Nobre-e-Roberta-Saes-1024x1536.jpg 1024w, https:\/\/vimagazine.com.br\/wp-content\/uploads\/2022\/12\/DD_NatalMagico_Bonecos_Flavia-Nobre-e-Roberta-Saes.jpg 1280w\" sizes=\"(max-width: 388px) 100vw, 388px\" \/><\/figure>\n\n\n\n<p class=\"has-medium-font-size\"><br><strong>Henrique Derenze e Fernanda Derenze:&nbsp;<\/strong><em>Noite Feliz&nbsp;<\/em>&#8211; Desde crian\u00e7a, Henrique, fundador do Studio Ark Derenze brincava com o pai, Angelo Derenze sobre essa fala. Hoje, Henrique e Fernanda, s\u00f3cios do escrit\u00f3rio, est\u00e3o esperando uma menina, Maria Helena, que vem para alegrar ainda mais as noites de natal. Para a cria\u00e7\u00e3o desse espa\u00e7o, o casal escolheu a dedo, junto com a assessoria @Jubutlerbabyshopper , parceiros que poderiam trazer essa mensagem do nascimento e alegria. O Moises da @Bixitubrasil remete ao ninho, e o enxoval e as renas, da @Algoducci, ao acolhimento do beb\u00ea quando chega ao mundo. Nessa data precisamos agradecer, ajudar ao pr\u00f3ximo e esperar ansiosos a chegada da nossa filha.<\/p>\n\n\n\n<figure class=\"wp-block-image size-large is-resized\"><img src=\"https:\/\/vimagazine.com.br\/wp-content\/uploads\/2022\/12\/DD_NatalMagico_Bonecos_Henrique-e-Fernanda-Derenze-683x1024.jpg\" alt=\"\" class=\"wp-image-7493\" width=\"378\" height=\"566\" srcset=\"https:\/\/vimagazine.com.br\/wp-content\/uploads\/2022\/12\/DD_NatalMagico_Bonecos_Henrique-e-Fernanda-Derenze-683x1024.jpg 683w, https:\/\/vimagazine.com.br\/wp-content\/uploads\/2022\/12\/DD_NatalMagico_Bonecos_Henrique-e-Fernanda-Derenze-200x300.jpg 200w, https:\/\/vimagazine.com.br\/wp-content\/uploads\/2022\/12\/DD_NatalMagico_Bonecos_Henrique-e-Fernanda-Derenze-768x1152.jpg 768w, https:\/\/vimagazine.com.br\/wp-content\/uploads\/2022\/12\/DD_NatalMagico_Bonecos_Henrique-e-Fernanda-Derenze-1024x1536.jpg 1024w, https:\/\/vimagazine.com.br\/wp-content\/uploads\/2022\/12\/DD_NatalMagico_Bonecos_Henrique-e-Fernanda-Derenze.jpg 1280w\" sizes=\"(max-width: 378px) 100vw, 378px\" \/><\/figure>\n\n\n\n<p class=\"has-medium-font-size\"><br><strong>Juliana Sicca e Bruno Isaac:&nbsp;<\/strong><em>Snow Chaplin &#8212;<\/em><strong>&nbsp;<\/strong>Um boneco de neve inspirado no otimismo do grande \u00edcone Charles Chaplin.<\/p>\n\n\n\n<figure class=\"wp-block-image size-large is-resized\"><img src=\"https:\/\/vimagazine.com.br\/wp-content\/uploads\/2022\/12\/Juliana-Sicca-e-Bruno-ISaac-4-1024x683.jpg\" alt=\"\" class=\"wp-image-7464\" width=\"467\" height=\"311\" srcset=\"https:\/\/vimagazine.com.br\/wp-content\/uploads\/2022\/12\/Juliana-Sicca-e-Bruno-ISaac-4-1024x683.jpg 1024w, https:\/\/vimagazine.com.br\/wp-content\/uploads\/2022\/12\/Juliana-Sicca-e-Bruno-ISaac-4-300x200.jpg 300w, https:\/\/vimagazine.com.br\/wp-content\/uploads\/2022\/12\/Juliana-Sicca-e-Bruno-ISaac-4-768x512.jpg 768w, https:\/\/vimagazine.com.br\/wp-content\/uploads\/2022\/12\/Juliana-Sicca-e-Bruno-ISaac-4-1536x1024.jpg 1536w, https:\/\/vimagazine.com.br\/wp-content\/uploads\/2022\/12\/Juliana-Sicca-e-Bruno-ISaac-4.jpg 1920w\" sizes=\"(max-width: 467px) 100vw, 467px\" \/><\/figure>\n\n\n\n<p class=\"has-medium-font-size\"><br><strong>Leo Shehtman:&nbsp;<\/strong><em>MALV&nbsp;<\/em>&#8211; A nossa proposta foi seguir alguns tra\u00e7os do original boneco, no entanto o rosto foi pensado de uma forma minimalista, criando um contraste com o chap\u00e9u de spikes. J\u00e1 o corpo do boneco, envolvemos em um tecido branco vazado com brilhos sutis que trazem uma refer\u00eancia \u00e0 neve. A echarpe de pelo sint\u00e9tico traz uma sofistica\u00e7\u00e3o e substitui o tradicional cachecol. Nela envolvemos fio de fada que traz um toque l\u00fadico e natalino. Para os bra\u00e7os, utilizamos de galhos naturais que foram tingidos de preto, na inten\u00e7\u00e3o de associar ao conceito do chap\u00e9u. Portanto, na inten\u00e7\u00e3o de modernizar e inovar o tradicional boneco de neve, buscamos inspira\u00e7\u00f5es para criar um novo padr\u00e3o, fashionista e &#8220;black and white&#8221;.<\/p>\n\n\n\n<figure class=\"wp-block-image size-large is-resized\"><img src=\"https:\/\/vimagazine.com.br\/wp-content\/uploads\/2022\/12\/Leo-Shehtman-1024x683.jpg\" alt=\"\" class=\"wp-image-7465\" width=\"453\" height=\"302\" srcset=\"https:\/\/vimagazine.com.br\/wp-content\/uploads\/2022\/12\/Leo-Shehtman-1024x683.jpg 1024w, https:\/\/vimagazine.com.br\/wp-content\/uploads\/2022\/12\/Leo-Shehtman-300x200.jpg 300w, https:\/\/vimagazine.com.br\/wp-content\/uploads\/2022\/12\/Leo-Shehtman-768x512.jpg 768w, https:\/\/vimagazine.com.br\/wp-content\/uploads\/2022\/12\/Leo-Shehtman-1536x1024.jpg 1536w, https:\/\/vimagazine.com.br\/wp-content\/uploads\/2022\/12\/Leo-Shehtman.jpg 1920w\" sizes=\"(max-width: 453px) 100vw, 453px\" \/><\/figure>\n\n\n\n<p class=\"has-medium-font-size\"><br><strong>Lucas Anderi:&nbsp;<\/strong><em>Minimalista Fancy<\/em>&nbsp;&#8211; Meu boneco de neve ser\u00e1 glamoroso, onde ele sai do \u00f3bvio branco e vai para a cor off-white, todo patinado com toque em preto. Minimalista Fancy.<\/p>\n\n\n\n<figure class=\"wp-block-image size-large is-resized\"><img src=\"https:\/\/vimagazine.com.br\/wp-content\/uploads\/2022\/12\/Lucas-Anderi-3-683x1024.jpg\" alt=\"\" class=\"wp-image-7466\" width=\"370\" height=\"555\" srcset=\"https:\/\/vimagazine.com.br\/wp-content\/uploads\/2022\/12\/Lucas-Anderi-3-683x1024.jpg 683w, https:\/\/vimagazine.com.br\/wp-content\/uploads\/2022\/12\/Lucas-Anderi-3-200x300.jpg 200w, https:\/\/vimagazine.com.br\/wp-content\/uploads\/2022\/12\/Lucas-Anderi-3-768x1152.jpg 768w, https:\/\/vimagazine.com.br\/wp-content\/uploads\/2022\/12\/Lucas-Anderi-3-1024x1536.jpg 1024w, https:\/\/vimagazine.com.br\/wp-content\/uploads\/2022\/12\/Lucas-Anderi-3.jpg 1280w\" sizes=\"(max-width: 370px) 100vw, 370px\" \/><\/figure>\n\n\n\n<p class=\"has-medium-font-size\"><br><strong>Lucas Blaia e Bruno Moura:&nbsp;<\/strong><em>Espa\u00e7o: Ess\u00eancia e Toler\u00e2ncia By BM Arquitetos &#8211;&nbsp;<\/em>O Boneco de Neve BM tem a inten\u00e7\u00e3o de representar nosso escrit\u00f3rio de arquitetura e interiores, nossa equipe, nossa profiss\u00e3o e nossa ess\u00eancia. Lucas Blaia e Bruno Moura, s\u00f3cios e fundadores do escrit\u00f3rio, seguem o conceito de ambientes atemporais, pr\u00e1ticos e confort\u00e1veis em seus projetos e at\u00e9 mesmo em suas vestimentas nas produ\u00e7\u00f5es dos mesmos, o que inspirou a cria\u00e7\u00e3o do visual do Boneco de Neve BM. Olhar para ele, \u00e9 ver arquitetura e o estilo que o escrit\u00f3rio segue, atrav\u00e9s das ripas de madeiras, o blazer marmorizado, os detalhes em durado e a cor nos acess\u00f3rios (chap\u00e9u, luva e cachecol), elementos leves e confort\u00e1veis. Nossa equipe, atrav\u00e9s de nosso trabalho, tamb\u00e9m busca mexer com sentimento e emo\u00e7\u00e3o das pessoas. Nosso Boneco traz em suas m\u00e3os lumin\u00e1rias com palavras positivas, para impactar quem v\u00ea-lo, levando amor, paz, gratid\u00e3o, alegria, uni\u00e3o, luz, inclus\u00e3o, respeito, esperan\u00e7a e toler\u00e2ncia, portanto, nomeado de ESS\u00caNCIA E TOLER\u00c2NCIA BY BM ARQUITETOS.<\/p>\n\n\n\n<figure class=\"wp-block-image size-large is-resized\"><img src=\"https:\/\/vimagazine.com.br\/wp-content\/uploads\/2022\/12\/Lucas-Blaia-e-Bruno-Moura-3-683x1024.jpg\" alt=\"\" class=\"wp-image-7467\" width=\"376\" height=\"563\" srcset=\"https:\/\/vimagazine.com.br\/wp-content\/uploads\/2022\/12\/Lucas-Blaia-e-Bruno-Moura-3-683x1024.jpg 683w, https:\/\/vimagazine.com.br\/wp-content\/uploads\/2022\/12\/Lucas-Blaia-e-Bruno-Moura-3-200x300.jpg 200w, https:\/\/vimagazine.com.br\/wp-content\/uploads\/2022\/12\/Lucas-Blaia-e-Bruno-Moura-3-768x1152.jpg 768w, https:\/\/vimagazine.com.br\/wp-content\/uploads\/2022\/12\/Lucas-Blaia-e-Bruno-Moura-3-1024x1536.jpg 1024w, https:\/\/vimagazine.com.br\/wp-content\/uploads\/2022\/12\/Lucas-Blaia-e-Bruno-Moura-3.jpg 1280w\" sizes=\"(max-width: 376px) 100vw, 376px\" \/><\/figure>\n\n\n\n<p><br><strong>Luciana Almeida:&nbsp;<\/strong><em>Cris, a esquiadora<\/em>&nbsp;&#8211; Pensei em dar vida ao boneco de forma que se tornasse algo l\u00fadico e leve. Que remetesse ao imag\u00e9tico infantil de brincadeiras e bons momentos da \u00e9poca natalina.<\/p>\n\n\n\n<figure class=\"wp-block-image size-large is-resized\"><img src=\"https:\/\/vimagazine.com.br\/wp-content\/uploads\/2022\/12\/Luciana-Almeida-10-1024x683.jpg\" alt=\"\" class=\"wp-image-7468\" width=\"471\" height=\"314\" srcset=\"https:\/\/vimagazine.com.br\/wp-content\/uploads\/2022\/12\/Luciana-Almeida-10-1024x683.jpg 1024w, https:\/\/vimagazine.com.br\/wp-content\/uploads\/2022\/12\/Luciana-Almeida-10-300x200.jpg 300w, https:\/\/vimagazine.com.br\/wp-content\/uploads\/2022\/12\/Luciana-Almeida-10-768x512.jpg 768w, https:\/\/vimagazine.com.br\/wp-content\/uploads\/2022\/12\/Luciana-Almeida-10-1536x1024.jpg 1536w, https:\/\/vimagazine.com.br\/wp-content\/uploads\/2022\/12\/Luciana-Almeida-10.jpg 1920w\" sizes=\"(max-width: 471px) 100vw, 471px\" \/><\/figure>\n\n\n\n<p class=\"has-medium-font-size\"><br><strong>Mariana Maran:&nbsp;<\/strong><em>Encantado &#8212;<\/em><strong>&nbsp;<\/strong>Meu ponto de partida foi uma obra inusitada que muitas \u00e9 esquecida quando passamos em cl\u00e1ssicos natalinos. Em &#8220;Edward M\u00e3os de Tesoura&#8221;, o personagem principal faz lindas esculturas em arbustos. Como n\u00e3o neva no Brasil, pensei em criar uma vers\u00e3o mais viva, utilizando musgos em todo o boneco. J\u00e1 para o chap\u00e9u e o cachecol, utilizei flores vermelhas.<\/p>\n\n\n\n<figure class=\"wp-block-image size-large is-resized\"><img src=\"https:\/\/vimagazine.com.br\/wp-content\/uploads\/2022\/12\/DD_NatalMagico_Bonecos_Mariana-Maran-683x1024.jpg\" alt=\"\" class=\"wp-image-7487\" width=\"383\" height=\"574\" srcset=\"https:\/\/vimagazine.com.br\/wp-content\/uploads\/2022\/12\/DD_NatalMagico_Bonecos_Mariana-Maran-683x1024.jpg 683w, https:\/\/vimagazine.com.br\/wp-content\/uploads\/2022\/12\/DD_NatalMagico_Bonecos_Mariana-Maran-200x300.jpg 200w, https:\/\/vimagazine.com.br\/wp-content\/uploads\/2022\/12\/DD_NatalMagico_Bonecos_Mariana-Maran-768x1152.jpg 768w, https:\/\/vimagazine.com.br\/wp-content\/uploads\/2022\/12\/DD_NatalMagico_Bonecos_Mariana-Maran-1024x1536.jpg 1024w, https:\/\/vimagazine.com.br\/wp-content\/uploads\/2022\/12\/DD_NatalMagico_Bonecos_Mariana-Maran.jpg 1280w\" sizes=\"(max-width: 383px) 100vw, 383px\" \/><\/figure>\n\n\n\n<p class=\"has-medium-font-size\"><br><strong>Mar\u00edlia Veiga:&nbsp;<\/strong><em>Jack &#8211;&nbsp;<\/em>Saindo do tradicional natalino, o nosso boneco tem a inspira\u00e7\u00e3o do Filme Estranho Mundo de Jack, com desenhos na cartola e uma roupa, unindo assim arte e moda.<\/p>\n\n\n\n<figure class=\"wp-block-image size-large is-resized\"><img src=\"https:\/\/vimagazine.com.br\/wp-content\/uploads\/2022\/12\/DD_NatalMagico_Bonecos_Marilia-Veiga-683x1024.jpg\" alt=\"\" class=\"wp-image-7488\" width=\"381\" height=\"571\" srcset=\"https:\/\/vimagazine.com.br\/wp-content\/uploads\/2022\/12\/DD_NatalMagico_Bonecos_Marilia-Veiga-683x1024.jpg 683w, https:\/\/vimagazine.com.br\/wp-content\/uploads\/2022\/12\/DD_NatalMagico_Bonecos_Marilia-Veiga-200x300.jpg 200w, https:\/\/vimagazine.com.br\/wp-content\/uploads\/2022\/12\/DD_NatalMagico_Bonecos_Marilia-Veiga-768x1152.jpg 768w, https:\/\/vimagazine.com.br\/wp-content\/uploads\/2022\/12\/DD_NatalMagico_Bonecos_Marilia-Veiga-1024x1536.jpg 1024w, https:\/\/vimagazine.com.br\/wp-content\/uploads\/2022\/12\/DD_NatalMagico_Bonecos_Marilia-Veiga.jpg 1280w\" sizes=\"(max-width: 381px) 100vw, 381px\" \/><\/figure>\n\n\n\n<p class=\"has-medium-font-size\"><br><strong>Mariana Noronha e Sami Akad:&nbsp;<\/strong><em>Chef de Neve&nbsp;<\/em>&#8211; O &#8220;Chef de Cuisine&#8221; \u00e9 o profissional respons\u00e1vel pela sele\u00e7\u00e3o dos ingredientes para uma receita, pela combina\u00e7\u00e3o dos sabores, pela prepara\u00e7\u00e3o dos pratos em si e pela sua apresenta\u00e7\u00e3o. Nosso boneco \u00e9 um grande CHEF, especialista em fazer NEVE.<\/p>\n\n\n\n<figure class=\"wp-block-image size-large is-resized\"><img src=\"https:\/\/vimagazine.com.br\/wp-content\/uploads\/2022\/12\/Mariana-Noronha-3-1024x683.jpg\" alt=\"\" class=\"wp-image-7469\" width=\"465\" height=\"310\" srcset=\"https:\/\/vimagazine.com.br\/wp-content\/uploads\/2022\/12\/Mariana-Noronha-3-1024x683.jpg 1024w, https:\/\/vimagazine.com.br\/wp-content\/uploads\/2022\/12\/Mariana-Noronha-3-300x200.jpg 300w, https:\/\/vimagazine.com.br\/wp-content\/uploads\/2022\/12\/Mariana-Noronha-3-768x512.jpg 768w, https:\/\/vimagazine.com.br\/wp-content\/uploads\/2022\/12\/Mariana-Noronha-3-1536x1024.jpg 1536w, https:\/\/vimagazine.com.br\/wp-content\/uploads\/2022\/12\/Mariana-Noronha-3.jpg 1920w\" sizes=\"(max-width: 465px) 100vw, 465px\" \/><\/figure>\n\n\n\n<p class=\"has-medium-font-size\"><br><strong>Mariane Siqueira:<\/strong>&nbsp;<em>Boneco Santa F\u00e9 &#8211;&nbsp;<\/em>Pensando em levar o nome da cidade de Santa f\u00e9 do Sul-SP, onde fica a sede do escrit\u00f3rio, criei de uma forma l\u00fadica atrav\u00e9s da arte que foi pintada no boneco, elementos que remetesse a hist\u00f3ria da cidade, onde as cores representam o verde das \u00c1guas do rio Paran\u00e1 que banha a cidade, as araras presentes por todo c\u00e9u, o por do sol exuberante e a principal atividade que \u00e9 a pesca.<\/p>\n\n\n\n<figure class=\"wp-block-image size-large is-resized\"><img src=\"https:\/\/vimagazine.com.br\/wp-content\/uploads\/2022\/12\/Mariane-Siqueira-1-683x1024.jpg\" alt=\"\" class=\"wp-image-7470\" width=\"380\" height=\"569\" srcset=\"https:\/\/vimagazine.com.br\/wp-content\/uploads\/2022\/12\/Mariane-Siqueira-1-683x1024.jpg 683w, https:\/\/vimagazine.com.br\/wp-content\/uploads\/2022\/12\/Mariane-Siqueira-1-200x300.jpg 200w, https:\/\/vimagazine.com.br\/wp-content\/uploads\/2022\/12\/Mariane-Siqueira-1-768x1152.jpg 768w, https:\/\/vimagazine.com.br\/wp-content\/uploads\/2022\/12\/Mariane-Siqueira-1-1024x1536.jpg 1024w, https:\/\/vimagazine.com.br\/wp-content\/uploads\/2022\/12\/Mariane-Siqueira-1.jpg 1280w\" sizes=\"(max-width: 380px) 100vw, 380px\" \/><\/figure>\n\n\n\n<p class=\"has-medium-font-size\"><br><strong>Marta Martins:&nbsp;<\/strong><em>Inspira Luz<\/em><strong>&nbsp;&#8211;&nbsp;<\/strong>O boneco de neve \u00e9 um dos s\u00edmbolos do Natal, que vem do hemisf\u00e9rio norte, regi\u00e3o que exige das pessoas uma conviv\u00eancia maior dentro das casas por conta do extremo frio nessa \u00e9poca. O clima natalino \u00e9 um momento que normalmente as fam\u00edlias e amigos se re\u00fanem para confraternizar e comemorar o nascimento de Jesus o filho de Deus. Uma das inspira\u00e7\u00f5es para nosso boneco foi a cor azul, que traz o acolhimento que sentimos e recebemos por conta desse significado. Al\u00e9m da serenidade e paz que s\u00e3o sempre desejos que todos temos. E a cor prata significa a luz que brilha e sempre ilumina os nossos caminhos e vidas.<\/p>\n\n\n\n<figure class=\"wp-block-image size-large is-resized\"><img src=\"https:\/\/vimagazine.com.br\/wp-content\/uploads\/2022\/12\/Marta-Martins-3-683x1024.jpg\" alt=\"\" class=\"wp-image-7471\" width=\"384\" height=\"575\" srcset=\"https:\/\/vimagazine.com.br\/wp-content\/uploads\/2022\/12\/Marta-Martins-3-683x1024.jpg 683w, https:\/\/vimagazine.com.br\/wp-content\/uploads\/2022\/12\/Marta-Martins-3-200x300.jpg 200w, https:\/\/vimagazine.com.br\/wp-content\/uploads\/2022\/12\/Marta-Martins-3-768x1152.jpg 768w, https:\/\/vimagazine.com.br\/wp-content\/uploads\/2022\/12\/Marta-Martins-3-1024x1536.jpg 1024w, https:\/\/vimagazine.com.br\/wp-content\/uploads\/2022\/12\/Marta-Martins-3.jpg 1280w\" sizes=\"(max-width: 384px) 100vw, 384px\" \/><\/figure>\n\n\n\n<p class=\"has-medium-font-size\"><br><strong>Nat\u00e1lia Meyer e Danielle Cortez:&nbsp;<\/strong><em>I believe in miracles &#8211;&nbsp;<\/em>Este ano chamamos o artista Didu Losso para uma parceria conosco na cria\u00e7\u00e3o do boneco. Escolhemos o Didu, pois j\u00e1 hav\u00edamos trabalhado anteriormente em projetos beneficentes e gostamos muito da alegria e cores de seus trabalhos! O tema &#8220;I believe in miracles&#8221; tem como refer\u00eancia uma musica de rock e faz uma homenagem \u00e0 f\u00e9 e \u00e0 esperan\u00e7a que devemos manter sempre vivas em nossas vidas! As cores sempre alegres e o chap\u00e9u com personagens da sua s\u00e9rie mais conhecida, &#8220;Skate Ghost&#8221;. &#8220;I believe in miracles&#8221;, tem por tr\u00e1s a emo\u00e7\u00e3o do Natal e das Festas de fim de ano, do Papai Noel aos nossos votos e pedidos anuais, fazendo nos acreditar em milagres e sonhos sempre.<\/p>\n\n\n\n<figure class=\"wp-block-image size-large is-resized\"><img src=\"https:\/\/vimagazine.com.br\/wp-content\/uploads\/2022\/12\/Natalia-Meyer-e-Danielle-Cortez-3-683x1024.jpg\" alt=\"\" class=\"wp-image-7472\" width=\"413\" height=\"619\" srcset=\"https:\/\/vimagazine.com.br\/wp-content\/uploads\/2022\/12\/Natalia-Meyer-e-Danielle-Cortez-3-683x1024.jpg 683w, https:\/\/vimagazine.com.br\/wp-content\/uploads\/2022\/12\/Natalia-Meyer-e-Danielle-Cortez-3-200x300.jpg 200w, https:\/\/vimagazine.com.br\/wp-content\/uploads\/2022\/12\/Natalia-Meyer-e-Danielle-Cortez-3-768x1152.jpg 768w, https:\/\/vimagazine.com.br\/wp-content\/uploads\/2022\/12\/Natalia-Meyer-e-Danielle-Cortez-3-1024x1536.jpg 1024w, https:\/\/vimagazine.com.br\/wp-content\/uploads\/2022\/12\/Natalia-Meyer-e-Danielle-Cortez-3.jpg 1280w\" sizes=\"(max-width: 413px) 100vw, 413px\" \/><\/figure>\n\n\n\n<p class=\"has-medium-font-size\"><br><strong>Paulo Evangelista:&nbsp;<\/strong><em>Natal em New York<\/em>&nbsp;&#8211; Inspirado na sofistica\u00e7\u00e3o e festas em New York.<\/p>\n\n\n\n<figure class=\"wp-block-image size-large is-resized\"><img src=\"https:\/\/vimagazine.com.br\/wp-content\/uploads\/2022\/12\/Paulo-Evangelista-4-1024x683.jpg\" alt=\"\" class=\"wp-image-7473\" width=\"376\" height=\"250\" srcset=\"https:\/\/vimagazine.com.br\/wp-content\/uploads\/2022\/12\/Paulo-Evangelista-4-1024x683.jpg 1024w, https:\/\/vimagazine.com.br\/wp-content\/uploads\/2022\/12\/Paulo-Evangelista-4-300x200.jpg 300w, https:\/\/vimagazine.com.br\/wp-content\/uploads\/2022\/12\/Paulo-Evangelista-4-768x512.jpg 768w, https:\/\/vimagazine.com.br\/wp-content\/uploads\/2022\/12\/Paulo-Evangelista-4-1536x1024.jpg 1536w, https:\/\/vimagazine.com.br\/wp-content\/uploads\/2022\/12\/Paulo-Evangelista-4.jpg 1920w\" sizes=\"(max-width: 376px) 100vw, 376px\" \/><\/figure>\n\n\n\n<p class=\"has-medium-font-size\"><br><strong>Ricardo Pessutto:&nbsp;<\/strong><em>Danieli I &#8211; Rainha da Neve &#8211; Chefe da Casa D&amp;D Shopping &#8211; Governadora Suprema do Reino Mastropietro &#8212;&nbsp;<\/em>Inspirado na Rainha Elizabeth II &#8211; rainha do Reino Unido e dos Reinos da Comunidade de Na\u00e7\u00f5es de 1952 at\u00e9 sua morte em 2022, chefe da Commonwealth, uma grande organiza\u00e7\u00e3o governamental composta por 53 pa\u00edses independentes, sendo tamb\u00e9m a primeira monarca feminina soberana da Casa de Windsor, sendo representante ativa da sua na\u00e7\u00e3o perante o mundo com uma popularidade pessoal que tornou um dos \u00edcones not\u00e1veis que remetem \u00e0 cultura brit\u00e2nica.<\/p>\n\n\n\n<figure class=\"wp-block-image size-large is-resized\"><img src=\"https:\/\/vimagazine.com.br\/wp-content\/uploads\/2022\/12\/Ricardo-Pessuto-6-683x1024.jpg\" alt=\"\" class=\"wp-image-7474\" width=\"378\" height=\"567\" srcset=\"https:\/\/vimagazine.com.br\/wp-content\/uploads\/2022\/12\/Ricardo-Pessuto-6-683x1024.jpg 683w, https:\/\/vimagazine.com.br\/wp-content\/uploads\/2022\/12\/Ricardo-Pessuto-6-200x300.jpg 200w, https:\/\/vimagazine.com.br\/wp-content\/uploads\/2022\/12\/Ricardo-Pessuto-6-768x1152.jpg 768w, https:\/\/vimagazine.com.br\/wp-content\/uploads\/2022\/12\/Ricardo-Pessuto-6-1024x1536.jpg 1024w, https:\/\/vimagazine.com.br\/wp-content\/uploads\/2022\/12\/Ricardo-Pessuto-6.jpg 1280w\" sizes=\"(max-width: 378px) 100vw, 378px\" \/><\/figure>\n\n\n\n<p class=\"has-medium-font-size\"><br><strong>Ricardo Rossi:&nbsp;<\/strong><em>A Esperan\u00e7a&nbsp;<\/em>&#8211; Este boneco foi inspirado em filmes e hist\u00f3rias infantis, procurando trazer f\u00e9, esperan\u00e7a e alegria. Caracter\u00edsticas estas bem presentes nas crian\u00e7as. Os arabescos e formas org\u00e2nicas remetem aos movimentos da natureza, fluindo em movimentos e desenhos geom\u00e9tricos sincronizados, que se confundem com a pr\u00f3pria roupa. O mais bacana foi ter uma querida amiga de inf\u00e2ncia, a grande artista Claudia Lamberti, assinando esse divertido desafio conceitual.<\/p>\n\n\n\n<figure class=\"wp-block-image size-large is-resized\"><img src=\"https:\/\/vimagazine.com.br\/wp-content\/uploads\/2022\/12\/Ricardo-Rossi-6-683x1024.jpg\" alt=\"\" class=\"wp-image-7475\" width=\"376\" height=\"563\" srcset=\"https:\/\/vimagazine.com.br\/wp-content\/uploads\/2022\/12\/Ricardo-Rossi-6-683x1024.jpg 683w, https:\/\/vimagazine.com.br\/wp-content\/uploads\/2022\/12\/Ricardo-Rossi-6-200x300.jpg 200w, https:\/\/vimagazine.com.br\/wp-content\/uploads\/2022\/12\/Ricardo-Rossi-6-768x1152.jpg 768w, https:\/\/vimagazine.com.br\/wp-content\/uploads\/2022\/12\/Ricardo-Rossi-6-1024x1536.jpg 1024w, https:\/\/vimagazine.com.br\/wp-content\/uploads\/2022\/12\/Ricardo-Rossi-6.jpg 1280w\" sizes=\"(max-width: 376px) 100vw, 376px\" \/><\/figure>\n\n\n\n<p class=\"has-medium-font-size\"><br><strong>Roberto Camasmie:&nbsp;<\/strong><em>Santa Claus English Rose<\/em><strong>&nbsp;&#8212;&nbsp;<\/strong>Inspirada na primavera 2022, pensando nos jardins ingleses que s\u00e3o recheadas de rosas dobradas.<\/p>\n\n\n\n<figure class=\"wp-block-image size-large is-resized\"><img src=\"https:\/\/vimagazine.com.br\/wp-content\/uploads\/2022\/12\/DD_NatalMagico_Bonecos_Roberto-Camasmie-683x1024.jpg\" alt=\"\" class=\"wp-image-7489\" width=\"375\" height=\"562\" srcset=\"https:\/\/vimagazine.com.br\/wp-content\/uploads\/2022\/12\/DD_NatalMagico_Bonecos_Roberto-Camasmie-683x1024.jpg 683w, https:\/\/vimagazine.com.br\/wp-content\/uploads\/2022\/12\/DD_NatalMagico_Bonecos_Roberto-Camasmie-200x300.jpg 200w, https:\/\/vimagazine.com.br\/wp-content\/uploads\/2022\/12\/DD_NatalMagico_Bonecos_Roberto-Camasmie-768x1152.jpg 768w, https:\/\/vimagazine.com.br\/wp-content\/uploads\/2022\/12\/DD_NatalMagico_Bonecos_Roberto-Camasmie-1024x1536.jpg 1024w, https:\/\/vimagazine.com.br\/wp-content\/uploads\/2022\/12\/DD_NatalMagico_Bonecos_Roberto-Camasmie.jpg 1280w\" sizes=\"(max-width: 375px) 100vw, 375px\" \/><\/figure>\n\n\n\n<p class=\"has-medium-font-size\"><br><strong>Selma de S\u00e1:&nbsp;<\/strong><em>Color Is Life<\/em>&nbsp;&#8211; Atrav\u00e9s da arte do grafite, buscamos expressar a uni\u00e3o das cores, dos povos, g\u00eaneros e de ideias todos juntos por um bem maior de todos. Ser feliz e a meta viver em paz e maior desejo. Obrigado Arnaldo Degasperi pela parceria e por sempre arrasar e se disponibilizar a transformar tudo em arte.<\/p>\n\n\n\n<figure class=\"wp-block-image size-large is-resized\"><img src=\"https:\/\/vimagazine.com.br\/wp-content\/uploads\/2022\/12\/Selma-de-Sa-9-1024x683.jpg\" alt=\"\" class=\"wp-image-7476\" width=\"464\" height=\"309\" srcset=\"https:\/\/vimagazine.com.br\/wp-content\/uploads\/2022\/12\/Selma-de-Sa-9-1024x683.jpg 1024w, https:\/\/vimagazine.com.br\/wp-content\/uploads\/2022\/12\/Selma-de-Sa-9-300x200.jpg 300w, https:\/\/vimagazine.com.br\/wp-content\/uploads\/2022\/12\/Selma-de-Sa-9-768x512.jpg 768w, https:\/\/vimagazine.com.br\/wp-content\/uploads\/2022\/12\/Selma-de-Sa-9-1536x1024.jpg 1536w, https:\/\/vimagazine.com.br\/wp-content\/uploads\/2022\/12\/Selma-de-Sa-9.jpg 1920w\" sizes=\"(max-width: 464px) 100vw, 464px\" \/><\/figure>\n\n\n\n<p class=\"has-medium-font-size\"><br><strong>Silene Cancela:&nbsp;<\/strong><em>Natal Tropical Brasileiro<\/em>&nbsp;&#8212; Inspirado na Copa do Mundo 2022.<\/p>\n\n\n\n<figure class=\"wp-block-image size-large is-resized\"><img src=\"https:\/\/vimagazine.com.br\/wp-content\/uploads\/2022\/12\/Silene-Cancela-6-683x1024.jpg\" alt=\"\" class=\"wp-image-7477\" width=\"374\" height=\"560\" srcset=\"https:\/\/vimagazine.com.br\/wp-content\/uploads\/2022\/12\/Silene-Cancela-6-683x1024.jpg 683w, https:\/\/vimagazine.com.br\/wp-content\/uploads\/2022\/12\/Silene-Cancela-6-200x300.jpg 200w, https:\/\/vimagazine.com.br\/wp-content\/uploads\/2022\/12\/Silene-Cancela-6-768x1152.jpg 768w, https:\/\/vimagazine.com.br\/wp-content\/uploads\/2022\/12\/Silene-Cancela-6-1024x1536.jpg 1024w, https:\/\/vimagazine.com.br\/wp-content\/uploads\/2022\/12\/Silene-Cancela-6.jpg 1280w\" sizes=\"(max-width: 374px) 100vw, 374px\" \/><\/figure>\n\n\n\n<p class=\"has-medium-font-size\"><br><strong>Silvana Lara Nogueira e Paulo Sabi\u00e1:&nbsp;<\/strong><em>Tropical Snow&nbsp;<\/em>&#8211; Nosso projeto tem como inspira\u00e7\u00e3o a sustentabilidade. Demos uma aten\u00e7\u00e3o especial na decora\u00e7\u00e3o do chap\u00e9u, decorado com bastante personalidade, com plantas desidratadas, e revestiremos a parte de baixo do boneco com folhas. Queremos apresentar uma ideia com zero de impacto ambiental e n\u00e3o teremos nada pintado, sendo uma proposta muito natural. E, por isto, o nome dele ser\u00e1 um boneco de neve tropical e sustent\u00e1vel.<\/p>\n\n\n\n<figure class=\"wp-block-image size-large is-resized\"><img src=\"https:\/\/vimagazine.com.br\/wp-content\/uploads\/2022\/12\/Silvana-Lara-Nogueira-e-Paulo-Sabia-6-1024x683.jpg\" alt=\"\" class=\"wp-image-7478\" width=\"444\" height=\"296\" srcset=\"https:\/\/vimagazine.com.br\/wp-content\/uploads\/2022\/12\/Silvana-Lara-Nogueira-e-Paulo-Sabia-6-1024x683.jpg 1024w, https:\/\/vimagazine.com.br\/wp-content\/uploads\/2022\/12\/Silvana-Lara-Nogueira-e-Paulo-Sabia-6-300x200.jpg 300w, https:\/\/vimagazine.com.br\/wp-content\/uploads\/2022\/12\/Silvana-Lara-Nogueira-e-Paulo-Sabia-6-768x512.jpg 768w, https:\/\/vimagazine.com.br\/wp-content\/uploads\/2022\/12\/Silvana-Lara-Nogueira-e-Paulo-Sabia-6-1536x1024.jpg 1536w, https:\/\/vimagazine.com.br\/wp-content\/uploads\/2022\/12\/Silvana-Lara-Nogueira-e-Paulo-Sabia-6.jpg 1920w\" sizes=\"(max-width: 444px) 100vw, 444px\" \/><\/figure>\n\n\n\n<p class=\"has-medium-font-size\"><br><strong>Solange Guerra:&nbsp;<\/strong><em>Amor &amp; Paz &#8212; Buddy<\/em>&nbsp;&#8211; A inspira\u00e7\u00e3o partiu de uma reflex\u00e3o sobre o momento que estamos vivendo, com guerras, brigas pol\u00edticas e muitos conflitos. O objetivo \u00e9: ESPALHAR AMOR E PAZ. Provocar estes sentimentos e emo\u00e7\u00f5es nos lares e na vida das pessoas com certeza trar\u00e1 mais leveza, do\u00e7ura e tranquilidade. Mesmo que possa parecer \u00f3bvio precisamos a todo o momento e em todos os lugares clamar e propagar: AMOR E PAZ.<\/p>\n\n\n\n<figure class=\"wp-block-image size-large is-resized\"><img src=\"https:\/\/vimagazine.com.br\/wp-content\/uploads\/2022\/12\/Solange-Guerra-6-1024x683.jpg\" alt=\"\" class=\"wp-image-7479\" width=\"471\" height=\"314\" srcset=\"https:\/\/vimagazine.com.br\/wp-content\/uploads\/2022\/12\/Solange-Guerra-6-1024x683.jpg 1024w, https:\/\/vimagazine.com.br\/wp-content\/uploads\/2022\/12\/Solange-Guerra-6-300x200.jpg 300w, https:\/\/vimagazine.com.br\/wp-content\/uploads\/2022\/12\/Solange-Guerra-6-768x512.jpg 768w, https:\/\/vimagazine.com.br\/wp-content\/uploads\/2022\/12\/Solange-Guerra-6-1536x1024.jpg 1536w, https:\/\/vimagazine.com.br\/wp-content\/uploads\/2022\/12\/Solange-Guerra-6.jpg 1920w\" sizes=\"(max-width: 471px) 100vw, 471px\" \/><\/figure>\n\n\n\n<p class=\"has-medium-font-size\"><br><strong>Suzy Melo e Carolina Melo:&nbsp;<\/strong><em>Florescer<\/em>&nbsp;&#8211; Como podemos deixar uma marca? N\u00f3s fizemos esta pergunta ao recebermos a oportunidade, e ao mesmo tempo desafio, de customizar uma pe\u00e7a caricata para esta a\u00e7\u00e3o. Uma marca no sentido de uma mensagem, emo\u00e7\u00e3o e ao mesmo tempo um questionamento e posicionamento. Tudo isso atrav\u00e9s da nossa identidade. Escolhemos a artista e amiga, Kalina Juzwiak, a Kaju, para nos ajudar nesta miss\u00e3o de principalmente usar a criatividade como ferramenta de transforma\u00e7\u00e3o. Este transformar, com o objetivo de sempre respeitar e integrar as necessidades base, a um olhar inovador e elegante. Movimentos que est\u00e3o sempre muito presentes nos nossos projetos e dela tamb\u00e9m. Nesta sinergia e co-cria\u00e7\u00e3o, escolhemos o &#8220;Florescer&#8221; como tema e s\u00edmbolo das sementes que plantamos e depois colhemos. A cada ano, meta, projeto e escolha, sempre buscando uma evolu\u00e7\u00e3o. E assim, imprimimos um pouco disso tudo no boneco tamb\u00e9m. Trouxemos plantas reais, como contraponto \u00e0 pr\u00f3pria base do boneco, questionando tamb\u00e9m a sustentabilidade. N\u00e3o apenas da materialidade, e sim tamb\u00e9m das nossas pr\u00f3prias sementes e sonhos, que vem em diferentes cores, formas e texturas. O que estamos plantando? O que estamos nos permitindo colher? Criamos assim uma poesia visual.<\/p>\n\n\n\n<figure class=\"wp-block-image size-large is-resized\"><img src=\"https:\/\/vimagazine.com.br\/wp-content\/uploads\/2022\/12\/DD_NatalMagico_Bonecos_Carol-e-Suzy-Melo-683x1024.jpg\" alt=\"\" class=\"wp-image-7494\" width=\"382\" height=\"572\" srcset=\"https:\/\/vimagazine.com.br\/wp-content\/uploads\/2022\/12\/DD_NatalMagico_Bonecos_Carol-e-Suzy-Melo-683x1024.jpg 683w, https:\/\/vimagazine.com.br\/wp-content\/uploads\/2022\/12\/DD_NatalMagico_Bonecos_Carol-e-Suzy-Melo-200x300.jpg 200w, https:\/\/vimagazine.com.br\/wp-content\/uploads\/2022\/12\/DD_NatalMagico_Bonecos_Carol-e-Suzy-Melo-768x1152.jpg 768w, https:\/\/vimagazine.com.br\/wp-content\/uploads\/2022\/12\/DD_NatalMagico_Bonecos_Carol-e-Suzy-Melo-1024x1536.jpg 1024w, https:\/\/vimagazine.com.br\/wp-content\/uploads\/2022\/12\/DD_NatalMagico_Bonecos_Carol-e-Suzy-Melo.jpg 1280w\" sizes=\"(max-width: 382px) 100vw, 382px\" \/><\/figure>\n\n\n\n<p class=\"has-medium-font-size\"><br><strong>Tota Penteado:&nbsp;<\/strong><em>Abra\u00e7os Quentinhos<\/em>&nbsp;&#8211; Como estou vivendo um momento de mundo m\u00e1gico das crian\u00e7as, por conta dos meus tr\u00eas netos, minha inspira\u00e7\u00e3o foi o personagem Olaf, do filme Frozen, com quem convivo h\u00e1 algum tempo Ele acabou se transformando no queridinho das crian\u00e7as e sua fala \u00e9 exatamente essa: \u00a8Eu gosto de abra\u00e7os quentinhos&#8221;. Dai nasceu o &#8220;Abra\u00e7os Quentinhos&#8221; natalino.<\/p>\n\n\n\n<figure class=\"wp-block-image size-large is-resized\"><img src=\"https:\/\/vimagazine.com.br\/wp-content\/uploads\/2022\/12\/Tota-Penteado-5-683x1024.jpg\" alt=\"\" class=\"wp-image-7480\" width=\"382\" height=\"572\" srcset=\"https:\/\/vimagazine.com.br\/wp-content\/uploads\/2022\/12\/Tota-Penteado-5-683x1024.jpg 683w, https:\/\/vimagazine.com.br\/wp-content\/uploads\/2022\/12\/Tota-Penteado-5-200x300.jpg 200w, https:\/\/vimagazine.com.br\/wp-content\/uploads\/2022\/12\/Tota-Penteado-5-768x1152.jpg 768w, https:\/\/vimagazine.com.br\/wp-content\/uploads\/2022\/12\/Tota-Penteado-5-1024x1536.jpg 1024w, https:\/\/vimagazine.com.br\/wp-content\/uploads\/2022\/12\/Tota-Penteado-5.jpg 1280w\" sizes=\"(max-width: 382px) 100vw, 382px\" \/><\/figure>\n\n\n\n<p class=\"has-medium-font-size\"><br><strong>Vanessa Ribeiro:<\/strong>&nbsp;<em>Snowttrino &#8211;&nbsp;<\/em>Se eu te pedir para pensar em um boneco de neve, provavelmente voc\u00ea pensar\u00e1 em um boneco branco, com cartola e cenoura no nariz. Indo na contram\u00e3o do imagin\u00e1rio coletivo, propomos um boneco totalmente colorido e vibrante, onde as cores representam os nossos mais diversos sentimentos nesse final de ano.<\/p>\n\n\n\n<figure class=\"wp-block-image size-large is-resized\"><img src=\"https:\/\/vimagazine.com.br\/wp-content\/uploads\/2022\/12\/DD_NatalMagico_Bonecos_Vanessa-Ribeiro-683x1024.jpg\" alt=\"\" class=\"wp-image-7490\" width=\"404\" height=\"606\" srcset=\"https:\/\/vimagazine.com.br\/wp-content\/uploads\/2022\/12\/DD_NatalMagico_Bonecos_Vanessa-Ribeiro-683x1024.jpg 683w, https:\/\/vimagazine.com.br\/wp-content\/uploads\/2022\/12\/DD_NatalMagico_Bonecos_Vanessa-Ribeiro-200x300.jpg 200w, https:\/\/vimagazine.com.br\/wp-content\/uploads\/2022\/12\/DD_NatalMagico_Bonecos_Vanessa-Ribeiro-768x1152.jpg 768w, https:\/\/vimagazine.com.br\/wp-content\/uploads\/2022\/12\/DD_NatalMagico_Bonecos_Vanessa-Ribeiro-1024x1536.jpg 1024w, https:\/\/vimagazine.com.br\/wp-content\/uploads\/2022\/12\/DD_NatalMagico_Bonecos_Vanessa-Ribeiro.jpg 1280w\" sizes=\"(max-width: 404px) 100vw, 404px\" \/><\/figure>\n\n\n\n<p class=\"has-medium-font-size\"><br><strong>Zoe Gardini:&nbsp;<\/strong><em>Heart &#8211;<\/em><strong>&nbsp;<\/strong>O amor, um sentimento natural, intr\u00ednseco e belo do ser humano. Natal, \u00e9poca de estar com os familiares e entes queridos.<\/p>\n\n\n\n<figure class=\"wp-block-image size-large is-resized\"><img src=\"https:\/\/vimagazine.com.br\/wp-content\/uploads\/2022\/12\/Zoe-Gardini-4-683x1024.jpg\" alt=\"\" class=\"wp-image-7481\" width=\"389\" height=\"583\" srcset=\"https:\/\/vimagazine.com.br\/wp-content\/uploads\/2022\/12\/Zoe-Gardini-4-683x1024.jpg 683w, https:\/\/vimagazine.com.br\/wp-content\/uploads\/2022\/12\/Zoe-Gardini-4-200x300.jpg 200w, https:\/\/vimagazine.com.br\/wp-content\/uploads\/2022\/12\/Zoe-Gardini-4-768x1152.jpg 768w, https:\/\/vimagazine.com.br\/wp-content\/uploads\/2022\/12\/Zoe-Gardini-4-1024x1536.jpg 1024w, https:\/\/vimagazine.com.br\/wp-content\/uploads\/2022\/12\/Zoe-Gardini-4.jpg 1280w\" sizes=\"(max-width: 389px) 100vw, 389px\" \/><\/figure>\n\n\n\n<p class=\"has-medium-font-size\">A exposi\u00e7\u00e3o \u00e9 aberta ao p\u00fablico, tem entrada gr\u00e1tis e fica exposta at\u00e9 06 de janeiro de 2023, no D&amp;D Shopping.<\/p>\n\n\n\n<p><\/p>\n\n\n\n<p class=\"has-medium-font-size\"><strong><u>Natal M\u00e1gico D&amp;D &#8212; Boneco de Neve<\/u><\/strong><\/p>\n\n\n\n<p class=\"has-medium-font-size\"><br><strong>Data:<\/strong>&nbsp;De 23 de novembro a 06 de janeiro de 2023<\/p>\n\n\n\n<p class=\"has-medium-font-size\"><strong>Local:<\/strong>&nbsp;Corredores do D&amp;D Shopping<\/p>\n\n\n\n<p class=\"has-medium-font-size\"><strong>Hor\u00e1rio de funcionamento:<\/strong>&nbsp;segunda-feira a sexta-feira das 10h \u00e0s 21h; s\u00e1bado, das 10h \u00e0s 20h; domingo das 14h \u00e0s 19h.<\/p>\n\n\n\n<p class=\"has-medium-font-size\"><strong>Endere\u00e7o:&nbsp;<\/strong>Av. das Na\u00e7\u00f5es Unidas, 12.555 &#8212; Brooklin<\/p>\n\n\n\n<p class=\"has-medium-font-size\"><strong><u>D&amp;D Shopping<\/u><\/strong><\/p>\n\n\n\n<p class=\"has-medium-font-size\"><strong>Endere\u00e7o:<\/strong>&nbsp;Av. das Na\u00e7\u00f5es Unidas, 12.555 &#8211; Brooklin<\/p>\n\n\n\n<p class=\"has-medium-font-size\"><strong>Informa\u00e7\u00f5es:<\/strong>&nbsp;Tel.: (11) 3043-9000 \/ 3043-9650<\/p>\n\n\n\n<p class=\"has-medium-font-size\"><strong>Hor\u00e1rio de funcionamento<\/strong>: segunda-feira a sexta-feira das 10h \u00e0s 21h; s\u00e1bado, das 10h \u00e0s 20h; domingo das 14h \u00e0s 19h.<\/p>\n\n\n\n<p class=\"has-medium-font-size\"><strong>Fotos:&nbsp;Rafael Renzo e Iara Morselli<\/strong><\/p>\n","protected":false},"excerpt":{"rendered":"<p>Uma mostra para celebrar bons encontros e o melhor dos nossos afetos As festas de&#8230;<\/p>\n","protected":false},"author":1,"featured_media":7482,"comment_status":"closed","ping_status":"open","sticky":false,"template":"","format":"standard","meta":{"om_disable_all_campaigns":false,"_monsterinsights_skip_tracking":false,"_monsterinsights_sitenote_active":false,"_monsterinsights_sitenote_note":"","_monsterinsights_sitenote_category":0,"spay_email":""},"categories":[27],"tags":[],"jetpack_featured_media_url":"https:\/\/vimagazine.com.br\/wp-content\/uploads\/2022\/12\/handler.jpg","_links":{"self":[{"href":"https:\/\/vimagazine.com.br\/index.php?rest_route=\/wp\/v2\/posts\/7454"}],"collection":[{"href":"https:\/\/vimagazine.com.br\/index.php?rest_route=\/wp\/v2\/posts"}],"about":[{"href":"https:\/\/vimagazine.com.br\/index.php?rest_route=\/wp\/v2\/types\/post"}],"author":[{"embeddable":true,"href":"https:\/\/vimagazine.com.br\/index.php?rest_route=\/wp\/v2\/users\/1"}],"replies":[{"embeddable":true,"href":"https:\/\/vimagazine.com.br\/index.php?rest_route=%2Fwp%2Fv2%2Fcomments&post=7454"}],"version-history":[{"count":2,"href":"https:\/\/vimagazine.com.br\/index.php?rest_route=\/wp\/v2\/posts\/7454\/revisions"}],"predecessor-version":[{"id":7497,"href":"https:\/\/vimagazine.com.br\/index.php?rest_route=\/wp\/v2\/posts\/7454\/revisions\/7497"}],"wp:featuredmedia":[{"embeddable":true,"href":"https:\/\/vimagazine.com.br\/index.php?rest_route=\/wp\/v2\/media\/7482"}],"wp:attachment":[{"href":"https:\/\/vimagazine.com.br\/index.php?rest_route=%2Fwp%2Fv2%2Fmedia&parent=7454"}],"wp:term":[{"taxonomy":"category","embeddable":true,"href":"https:\/\/vimagazine.com.br\/index.php?rest_route=%2Fwp%2Fv2%2Fcategories&post=7454"},{"taxonomy":"post_tag","embeddable":true,"href":"https:\/\/vimagazine.com.br\/index.php?rest_route=%2Fwp%2Fv2%2Ftags&post=7454"}],"curies":[{"name":"wp","href":"https:\/\/api.w.org\/{rel}","templated":true}]}}