{"id":7498,"date":"2022-12-05T11:44:19","date_gmt":"2022-12-05T14:44:19","guid":{"rendered":"https:\/\/vimagazine.com.br\/?p=7498"},"modified":"2022-12-05T11:44:19","modified_gmt":"2022-12-05T14:44:19","slug":"cedaps-e-igua-realizam-formatura-da-primeira-turma-do-projeto-jovens-construtores","status":"publish","type":"post","link":"https:\/\/vimagazine.com.br\/?p=7498","title":{"rendered":"Cedaps e Igu\u00e1 realizam formatura da primeira turma do projeto Jovens Construtores"},"content":{"rendered":"\n<p><\/p>\n\n\n\n<p class=\"has-text-align-center\" style=\"font-size:25px\"><em><strong>Nesta edi\u00e7\u00e3o, moradores de 17 a 25 anos da comunidade da Muzema participaram do curso de Bombeiro Hidr\u00e1ulico<\/strong><\/em><\/p>\n\n\n\n<p class=\"has-medium-font-size\">Foi realizada a formatura da primeira turma do programa &#8220;Jovens Construtores&#8221;, em parceria entre o Centro de Promo\u00e7\u00e3o da Sa\u00fade (Cedaps) com a Igu\u00e1, concession\u00e1ria de saneamento b\u00e1sico. A edi\u00e7\u00e3o, iniciada em agosto desde ano, contou com a participa\u00e7\u00e3o de 25 moradores da Muzema (Zona Oeste do Rio de Janeiro), comunidade escolhida por ser uma das localidades inclu\u00eddas no programa Cidade Integrada, do Governo do Estado. Os participantes t\u00eam entre 17 e 25 anos e conclu\u00edram o curso de inicia\u00e7\u00e3o em Bombeiro Hidr\u00e1ulico, aliado a uma s\u00e9rie de atividades e oficinas de forma\u00e7\u00e3o com direcionamento para habilidades socioemocionais, desenvolvimento comunit\u00e1rio, educa\u00e7\u00e3o em sa\u00fade, meio ambiente e cultura.<\/p>\n\n\n\n<p class=\"has-medium-font-size\">Com carga hor\u00e1ria de 280 horas e dura\u00e7\u00e3o de cinco meses, o programa \u00e9 uma tecnologia social originalmente concebida pela organiza\u00e7\u00e3o YouthBuild International (YBI), que no Brasil \u00e9 implementada pelo Cedaps. Al\u00e9m de aulas pr\u00e1ticas e te\u00f3ricas, os participantes do projeto criaram uma a\u00e7\u00e3o comunit\u00e1ria realizada no \u00faltimo m\u00eas, com foco nas crian\u00e7as da Muzema, que participaram de atividades recreativas e de uma a\u00e7\u00e3o sobre higiene bucal. A turma deixou ainda um legado para a comunidade: tr\u00eas grafites em diferentes endere\u00e7os da regi\u00e3o, que mostram o impacto social da realiza\u00e7\u00e3o do programa.<\/p>\n\n\n\n<p class=\"has-medium-font-size\">&#8220;A miss\u00e3o do Jovens Construtores \u00e9 contribuir para o crescimento pessoal e profissional de jovens moradores de favelas e periferias, associada \u00e0 mobiliza\u00e7\u00e3o e ao desenvolvimento de fam\u00edlias, organiza\u00e7\u00f5es e comunidades. \u00c9 um orgulho para toda a equipe do Cedaps ver a felicidade desses jovens e esperamos que eles possam ter muitas oportunidades nessa nova profiss\u00e3o. Agradecemos a Igu\u00e1 pela parceria e que seja a primeira de muitas&#8221;, diz Melissa Abla, coordenadora de projetos do Cedaps.<\/p>\n\n\n\n<p class=\"has-medium-font-size\">Eduardo Dantas, diretor geral da Igu\u00e1 no Rio de Janeiro, destaca que &#8220;mais do que oferecer uma oportunidade de aprendizagem profissional, o programa Jovens Construtores pode ser uma via de entrada tamb\u00e9m para o mercado formal de trabalho, pois tem como objetivo o desenvolvimento e a capacita\u00e7\u00e3o dos jovens de baixa renda, de forma a contribuir para a constru\u00e7\u00e3o de uma sociedade mais diversa e igualit\u00e1ria.&#8221;<\/p>\n\n\n\n<p class=\"has-medium-font-size\">De acordo com dados divulgados este ano pelo IBGE, de janeiro a mar\u00e7o, de cada dez jovens na faixa et\u00e1ria de 18 a 24 anos, pelo menos dois n\u00e3o conseguiram emprego. No Rio de Janeiro, a partir do novo Marco Legal do Saneamento e do in\u00edcio da opera\u00e7\u00e3o das concession\u00e1rias privadas, o setor passou a oferecer novas oportunidades para os jovens profissionais, especialmente para quem est\u00e1 em busca ou j\u00e1 possui qualifica\u00e7\u00e3o na \u00e1rea. A Igu\u00e1 emprega atualmente no estado mais de mil pessoas, entre colaboradores pr\u00f3prios e terceiros.<\/p>\n\n\n\n<p class=\"has-medium-font-size\">Nesse contexto, a concession\u00e1ria, que opera os servi\u00e7os de distribui\u00e7\u00e3o de \u00e1gua e tratamento de esgoto nas regi\u00f5es da Barra da Tijuca e Jacarepagu\u00e1 desde fevereiro, promove iniciativas que contribuem para o crescimento econ\u00f4mico, inclusivo e sustent\u00e1vel das comunidades do entorno de suas \u00e1reas de atua\u00e7\u00e3o. Desde o in\u00edcio da opera\u00e7\u00e3o plena no Rio de Janeiro, em fevereiro, a \u00e1rea de Responsabilidade Social da Igu\u00e1 j\u00e1 realizou 107 a\u00e7\u00f5es e campanhas, com 13 mil pessoas beneficiadas. Destacam-se ainda a\u00e7\u00f5es para o desenvolvimento da juventude e capacita\u00e7\u00e3o de m\u00e3o de obra qualificada para o setor, como os Programas de Est\u00e1gio, Jovem Aprendiz, e, agora, o mais recente Jovens Construtores.<\/p>\n\n\n\n<p class=\"has-medium-font-size\">De acordo com o CEDAPS, o intuito do programa \u00e9 que, em toda edi\u00e7\u00e3o, os jovens botem a m\u00e3o na massa e criem um projeto que servir\u00e1 de legado para a comunidade. Tudo isso financiado pelo pr\u00f3prio Jovens Construtores. O setor do saneamento vai continuar a crescer e, junto com ele, o mercado de trabalho, que trar\u00e1 oportunidades de especializa\u00e7\u00e3o e emprego para os jovens. Na se\u00e7\u00e3o &#8216;Trabalhe com a Gente&#8217; do site da Igu\u00e1 (Trabalhe com a gente | Igu\u00e1 SA | Igu\u00e1 SA) as oportunidades de emprego s\u00e3o listadas por cargo e local de atua\u00e7\u00e3o. Atualmente, h\u00e1 29 oportunidades para o Rio de Janeiro. Est\u00e3o abertas tamb\u00e9m vagas para pessoas com defici\u00eancia.<\/p>\n\n\n\n<p class=\"has-medium-font-size\"><strong>Sobre o Cedaps<\/strong><\/p>\n\n\n\n<p class=\"has-medium-font-size\">O Centro de Promo\u00e7\u00e3o e Sa\u00fade (Cedaps) promove a plena participa\u00e7\u00e3o de comunidades populares nos processos de desenvolvimento e o aprimoramento de pol\u00edticas p\u00fablicas que atuam nesses territ\u00f3rios, contribuindo para a promo\u00e7\u00e3o da sa\u00fade, a garantia de direitos e a equidade.<\/p>\n\n\n\n<p>Foto &#8211; Bel Junqueira <\/p>\n","protected":false},"excerpt":{"rendered":"<p>Nesta edi\u00e7\u00e3o, moradores de 17 a 25 anos da comunidade da Muzema participaram do curso&#8230;<\/p>\n","protected":false},"author":1,"featured_media":7499,"comment_status":"closed","ping_status":"open","sticky":false,"template":"","format":"standard","meta":{"om_disable_all_campaigns":false,"_monsterinsights_skip_tracking":false,"_monsterinsights_sitenote_active":false,"_monsterinsights_sitenote_note":"","_monsterinsights_sitenote_category":0,"spay_email":""},"categories":[1],"tags":[],"jetpack_featured_media_url":"https:\/\/vimagazine.com.br\/wp-content\/uploads\/2022\/12\/Formatura-Muzema-2-Bel-Junqueira.jpg","_links":{"self":[{"href":"https:\/\/vimagazine.com.br\/index.php?rest_route=\/wp\/v2\/posts\/7498"}],"collection":[{"href":"https:\/\/vimagazine.com.br\/index.php?rest_route=\/wp\/v2\/posts"}],"about":[{"href":"https:\/\/vimagazine.com.br\/index.php?rest_route=\/wp\/v2\/types\/post"}],"author":[{"embeddable":true,"href":"https:\/\/vimagazine.com.br\/index.php?rest_route=\/wp\/v2\/users\/1"}],"replies":[{"embeddable":true,"href":"https:\/\/vimagazine.com.br\/index.php?rest_route=%2Fwp%2Fv2%2Fcomments&post=7498"}],"version-history":[{"count":1,"href":"https:\/\/vimagazine.com.br\/index.php?rest_route=\/wp\/v2\/posts\/7498\/revisions"}],"predecessor-version":[{"id":7500,"href":"https:\/\/vimagazine.com.br\/index.php?rest_route=\/wp\/v2\/posts\/7498\/revisions\/7500"}],"wp:featuredmedia":[{"embeddable":true,"href":"https:\/\/vimagazine.com.br\/index.php?rest_route=\/wp\/v2\/media\/7499"}],"wp:attachment":[{"href":"https:\/\/vimagazine.com.br\/index.php?rest_route=%2Fwp%2Fv2%2Fmedia&parent=7498"}],"wp:term":[{"taxonomy":"category","embeddable":true,"href":"https:\/\/vimagazine.com.br\/index.php?rest_route=%2Fwp%2Fv2%2Fcategories&post=7498"},{"taxonomy":"post_tag","embeddable":true,"href":"https:\/\/vimagazine.com.br\/index.php?rest_route=%2Fwp%2Fv2%2Ftags&post=7498"}],"curies":[{"name":"wp","href":"https:\/\/api.w.org\/{rel}","templated":true}]}}