{"id":7617,"date":"2022-12-07T16:19:18","date_gmt":"2022-12-07T19:19:18","guid":{"rendered":"https:\/\/vimagazine.com.br\/?p=7617"},"modified":"2022-12-07T16:19:20","modified_gmt":"2022-12-07T19:19:20","slug":"era-uma-vez-na-copa-estreia-em-sao-paulo","status":"publish","type":"post","link":"https:\/\/vimagazine.com.br\/?p=7617","title":{"rendered":"Era Uma Vez na Copa estreia em S\u00e3o Paulo"},"content":{"rendered":"\n<p><\/p>\n\n\n\n<p><\/p>\n\n\n\n<p style=\"font-size:25px\"><em><strong>O ator Lucas Ronconi atua, dirige e produz pe\u00e7a de sua pr\u00f3pria autoria que estreia dia 08 de dezembro no Giostri Teatro em curta temporada. O espet\u00e1culo fala sobre a Copa do Mundo.<\/strong><\/em><\/p>\n\n\n\n<p><\/p>\n\n\n\n<p>A pe\u00e7a acompanha a vida de Alberto, um rapaz ficcionado pela Copa do Mundo. A hist\u00f3ria come\u00e7a em 1994 quando o Brasil se torna tetracampe\u00e3o mundial, e seu irm\u00e3ozinho acaba de nascer. A trama vai passando por cada Copa mostrando os acontecimentos e situa\u00e7\u00f5es de sua vida: a rela\u00e7\u00e3o com a m\u00e3e Dona Lara, com o irm\u00e3o Carlinhos e com a namorada Luiza, at\u00e9 chegar nos meses que antecedem a Copa do Mundo do Catar em 2022.<\/p>\n\n\n\n<p>&#8220;Inspirado na Copa do Mundo de 2022 eu escrevi essa pe\u00e7a no meio deste ano. \u00c9 uma pe\u00e7a com uma narrativa r\u00e1pida e uma est\u00e9tica realista. Eu queria experimentar essa narrativa e por isso trouxe ela para o palco&#8221;, comenta Ronconi.<\/p>\n\n\n\n<p>&#8220;Era Uma Vez na Copa&#8221; \u00e9 uma pe\u00e7a para toda a fam\u00edlia, onde \u00e9 f\u00e1cil se identificar com a hist\u00f3ria, j\u00e1 que todos temos uma hist\u00f3ria de Copa do Mundo. &#8220;Qual eu penso em Copa do Mundo sempre lembro da minha casa e da minha fam\u00edlia, de quando era pequeno, pintavam o rosto, para poder assistir aos jogos&#8221;, conclui o autor.<\/p>\n\n\n\n<p>Uma pe\u00e7a que fala sobre a fam\u00edlia, o amor, respeito e como a Copa do Mundo representa essa uni\u00e3o. Traz elementos para quebra de estere\u00f3tipos, habituais em textos de com\u00e9dia. \u00c9 uma com\u00e9dia que faz rir sem precisar cair em estere\u00f3tipos, colocando em pauta as mudan\u00e7as sociais e tudo o que temos vivido no cotidiano. Um espet\u00e1culo para todos!<\/p>\n\n\n\n<p><\/p>\n\n\n\n<figure class=\"wp-block-image size-large is-resized\"><img src=\"https:\/\/vimagazine.com.br\/wp-content\/uploads\/2022\/12\/IMG_8266-1-683x1024.jpg\" alt=\"\" class=\"wp-image-7619\" width=\"489\" height=\"733\" srcset=\"https:\/\/vimagazine.com.br\/wp-content\/uploads\/2022\/12\/IMG_8266-1-683x1024.jpg 683w, https:\/\/vimagazine.com.br\/wp-content\/uploads\/2022\/12\/IMG_8266-1-200x300.jpg 200w, https:\/\/vimagazine.com.br\/wp-content\/uploads\/2022\/12\/IMG_8266-1-768x1152.jpg 768w, https:\/\/vimagazine.com.br\/wp-content\/uploads\/2022\/12\/IMG_8266-1-1024x1536.jpg 1024w, https:\/\/vimagazine.com.br\/wp-content\/uploads\/2022\/12\/IMG_8266-1.jpg 1280w\" sizes=\"(max-width: 489px) 100vw, 489px\" \/><\/figure>\n\n\n\n<p>Lucas Ronconi \u00e9 graduado em comunica\u00e7\u00e3o social. Estudou atua\u00e7\u00e3o para TV e Cinema no Est\u00fadio Roumer Canh\u00e3es, e o Method Acting com Tha\u00eds Mansano. Fez improvisa\u00e7\u00e3o com Michelle Gallindo na Escola Improclube, curso livre de Teatro com Ivan Marttins e interpreta\u00e7\u00e3o com Daniel Herz na Casa de Cultura Laura Alvim. Integrou o elenco dos curtas-metragens &#8220;Saulo e Gabriel&#8221; como o personagem Saulo, &#8220;Garoto Levado&#8221; dando vida ao personagem Felipe, &#8220;Afeto em rede&#8221; como Luis e &#8220;D.R.&#8221; como Ricardo. Esteve no elenco das pe\u00e7as &#8220;Coronel Mostarda: O Legado&#8221; como o personagem Top\u00e1zio e &#8220;Os Seminaristas&#8221; como Franklin. No digital integrou o elenco da novela online &#8220;Sete Pecados Improvisados&#8221; dando vida ao garoto de programa Borges e na pe\u00e7a online &#8220;Coronel Mostarda: Reloaded&#8221; como personagem Top\u00e1zio. Est\u00e1 em cartaz na pe\u00e7a Os Miser\u00e1veis como o revolucion\u00e1rio M\u00e1rio e Nosso Lar como o extrovertido L\u00edsias. Acompanhe Lucas no Instagram @lucronconi<\/p>\n\n\n\n<p>&#8220;Era Uma Vez na Copa&#8221; estreia no dia 08 de dezembro para curta temporada, em meio a Copa do Mundo. Os ingressos j\u00e1 est\u00e3o \u00e0 venda!<\/p>\n\n\n\n<p><strong>Ficha t\u00e9cnica:<\/strong><\/p>\n\n\n\n<p>Texto e dire\u00e7\u00e3o: Lucas Ronconi<\/p>\n\n\n\n<p>T\u00e9cnica: Julia Delgado e Renato Arantes<\/p>\n\n\n\n<p>Realiza\u00e7\u00e3o: Ronconi Produ\u00e7\u00f5es<\/p>\n\n\n\n<p>Elenco: Lucas Ronconi (Alberto), Cris Mazzuca (Dona Lara), Renato Arantes (Carlinhos) e Julia Delgado (Luiza).<\/p>\n\n\n\n<p><\/p>\n\n\n\n<p><strong>&#8220;Era Uma Vez na Copa&#8221;<\/strong><\/p>\n\n\n\n<p>Estreia dia 08 de dezembro<\/p>\n\n\n\n<p>Curta Temporada<\/p>\n\n\n\n<p>At\u00e9 15 de dezembro<\/p>\n\n\n\n<p>Quinta \u00e0s 20h30<\/p>\n\n\n\n<p>Local: Giostri Teatro &#8211; Rua Rui Barbosa, 201 &#8211; Bela Vista \u2013 S\u00e3o Paulo\/SP<\/p>\n\n\n\n<p>Ingresso: R$ 50,00 (inteira) e R$ 25,00 (meia)<\/p>\n\n\n\n<p>Vendas online:&nbsp;<a href=\"https:\/\/bileto.sympla.com.br\/event\/78824\/d\/170381\/s\/1146687\" target=\"_blank\" rel=\"noreferrer noopener\">https:\/\/bileto.sympla.com.br\/event\/78824\/d\/170381\/s\/1146687<\/a><\/p>\n\n\n\n<p>Classifica\u00e7\u00e3o Indicativa: 10 anos<\/p>\n\n\n\n<p>Dura\u00e7\u00e3o: 60 minutos<\/p>\n\n\n\n<p>G\u00eanero: Com\u00e9dia<\/p>\n","protected":false},"excerpt":{"rendered":"<p>O ator Lucas Ronconi atua, dirige e produz pe\u00e7a de sua pr\u00f3pria autoria que estreia&#8230;<\/p>\n","protected":false},"author":1,"featured_media":7618,"comment_status":"closed","ping_status":"open","sticky":false,"template":"","format":"standard","meta":{"om_disable_all_campaigns":false,"_monsterinsights_skip_tracking":false,"_monsterinsights_sitenote_active":false,"_monsterinsights_sitenote_note":"","_monsterinsights_sitenote_category":0,"spay_email":""},"categories":[27],"tags":[],"jetpack_featured_media_url":"https:\/\/vimagazine.com.br\/wp-content\/uploads\/2022\/12\/Era-uma-Vez-na-Copa.jpg","_links":{"self":[{"href":"https:\/\/vimagazine.com.br\/index.php?rest_route=\/wp\/v2\/posts\/7617"}],"collection":[{"href":"https:\/\/vimagazine.com.br\/index.php?rest_route=\/wp\/v2\/posts"}],"about":[{"href":"https:\/\/vimagazine.com.br\/index.php?rest_route=\/wp\/v2\/types\/post"}],"author":[{"embeddable":true,"href":"https:\/\/vimagazine.com.br\/index.php?rest_route=\/wp\/v2\/users\/1"}],"replies":[{"embeddable":true,"href":"https:\/\/vimagazine.com.br\/index.php?rest_route=%2Fwp%2Fv2%2Fcomments&post=7617"}],"version-history":[{"count":1,"href":"https:\/\/vimagazine.com.br\/index.php?rest_route=\/wp\/v2\/posts\/7617\/revisions"}],"predecessor-version":[{"id":7620,"href":"https:\/\/vimagazine.com.br\/index.php?rest_route=\/wp\/v2\/posts\/7617\/revisions\/7620"}],"wp:featuredmedia":[{"embeddable":true,"href":"https:\/\/vimagazine.com.br\/index.php?rest_route=\/wp\/v2\/media\/7618"}],"wp:attachment":[{"href":"https:\/\/vimagazine.com.br\/index.php?rest_route=%2Fwp%2Fv2%2Fmedia&parent=7617"}],"wp:term":[{"taxonomy":"category","embeddable":true,"href":"https:\/\/vimagazine.com.br\/index.php?rest_route=%2Fwp%2Fv2%2Fcategories&post=7617"},{"taxonomy":"post_tag","embeddable":true,"href":"https:\/\/vimagazine.com.br\/index.php?rest_route=%2Fwp%2Fv2%2Ftags&post=7617"}],"curies":[{"name":"wp","href":"https:\/\/api.w.org\/{rel}","templated":true}]}}