{"id":7651,"date":"2022-12-09T09:37:36","date_gmt":"2022-12-09T12:37:36","guid":{"rendered":"https:\/\/vimagazine.com.br\/?p=7651"},"modified":"2022-12-09T09:38:01","modified_gmt":"2022-12-09T12:38:01","slug":"lancamento-da-edicao-2023-de-senhoras-do-calendario","status":"publish","type":"post","link":"https:\/\/vimagazine.com.br\/?p=7651","title":{"rendered":"Lan\u00e7amento da edi\u00e7\u00e3o 2023 de Senhoras do Calend\u00e1rio"},"content":{"rendered":"\n<p><strong>Flores celebram a vida e a beleza das mulheres 60+<\/strong><\/p>\n\n\n\n<p>Rosas, girass\u00f3is, cris\u00e2ntemos, margaridas, hort\u00eansias, tulipas, orqu\u00eddeas, dahlias, l\u00edrios, bo\u00eamias, copos-de-leite. Cada uma a seu modo celebra uma ocasi\u00e3o: beleza, pureza, paz, riqueza, sucesso, bem estar, amor, cura, leveza, vida. Raras ou n\u00e3o, quando surgem transmitem encantamento, poesia, perfume e alegria. E como unir a longevidade das mulheres \u00e0 efemeridade das flores? Pela maturidade, sabedoria, singularidade, variadas fragr\u00e2ncias, cores e caracter\u00edsticas.<\/p>\n\n\n\n<p>Assim \u00e9 a proposta do projeto \u201cSenhoras do Calend\u00e1rio\u201d, que na edi\u00e7\u00e3o para 2023 festeja as Flores da Primavera e a alegria de viver.&nbsp;<strong>O lan\u00e7amento do novo calend\u00e1rio acontecer\u00e1 no dia 12 de dezembro, quinta-feira, \u00e0s 16h, na Casa S\u00e3o Luiz (CSL)<\/strong>, institui\u00e7\u00e3o de longa perman\u00eancia que h\u00e1 132 anos acolhe com respeito e carinho idosos. Localizada no bairro do Caju, no Rio de Janeiro, a CSL \u00e9 a institui\u00e7\u00e3o mais antiga do Brasil.&nbsp;<\/p>\n\n\n\n<p>Fundada em 1890 pelo Visconde Luiz Augusto Ferreira D&#8217;Almeida, famoso pelo seu perfil empreendedor e humanit\u00e1rio, a Casa S\u00e3o Luiz foi criada para oferecer um futuro digno aos idosos que trabalhavam em sua f\u00e1brica de tecido S\u00e3o L\u00e1zaro. Atualmente 20% dos idosos residentes fazem parte do grupo beneficiado pela filantropia. E para mant\u00ea-los, al\u00e9m dos recursos pr\u00f3prios, h\u00e1 campanhas de arrecada\u00e7\u00e3o e tamb\u00e9m de apadrinhamento.&nbsp;<\/p>\n\n\n\n<p>Fazer o lan\u00e7amento do \u201cSenhoras do Calend\u00e1rio &#8211; 2023\u201d no local, \u00e9 uma importante a\u00e7\u00e3o de visibilidade para a terceira idade. O calend\u00e1rio poder\u00e1 ser adquirido por meio do site da Casa S\u00e3o Luiz ou em visita ao local. Residentes e colaboradores assistir\u00e3o ao evento.<\/p>\n\n\n\n<p>Criado pelo produtor de moda e cultura, Eduardo Ara\u00faju, pioneiro no Brasil e renome internacional em cursos de Modelo e Manequim para maturidade e idealizador dos concursos Miss Plus Size Nacional, Miss Maturidade e Miss e Mister Rua, o calend\u00e1rio \u00e9 um importante meio de valoriza\u00e7\u00e3o e protagonismo para mulheres seniores.<\/p>\n\n\n\n<p><strong>Flores que representam a vida<\/strong><\/p>\n\n\n\n<p>Antenado \u00e0s tend\u00eancias e necessidades sociais de um momento em que a vida precisa de cor, a melhor representa\u00e7\u00e3o \u00e9 a Primavera. Afinal, toda mulher gosta de rosas, mas n\u00e3o apenas das rosas. Elas gostam de receber flores porque representam admira\u00e7\u00e3o, beleza, gentileza e amor. Quando essa amorosidade vem na maturidade, ela demonstra a celebra\u00e7\u00e3o de anos e anos de vida, experi\u00eancias, aprendizados e observa\u00e7\u00e3o.<\/p>\n\n\n\n<p>De janeiro a dezembro,&nbsp;as mulheres que representam o primaveril \u201cSenhoras do Calend\u00e1rio &#8211; 2023\u201d s\u00e3o: Vida Pinheiro, Sonia Sabina, Mara Garcia (<strong>in memoriam<\/strong>), Helena Bendoraytes, Isolda Amazonas, Cyar\u00e1 Mell\u00f3, Clents Louren\u00e7o, Vida Pinheiro, Lourdes Andrade, Dayse Brasil, Glorinha Lins, Thereza Azevedo, Veralu Correia, Jeanette Polmon e Rubia Rodrigues. Todas com mais de 60 anos, algumas com mais de 80.<\/p>\n\n\n\n<p>\u201cEssas mulheres senhoras j\u00e1 viveram d\u00e9cadas, envelheceram e querem se manter belas e com vigor. Flores est\u00e3o sempre jovens e vi\u00e7osas, apesar de serem antigas, milenares, sempre embelezando e alegrando nossos olhos e nossos dias. Mulheres sem flores ficam opacas, flores sem mulheres murcham. Flor e mulher \u00e9 a uni\u00e3o do feminino com o fertil. \u00c9 a representa\u00e7\u00e3o da beleza, alegria, perfume e poesia da vida real\u201d, afirma o criador do calend\u00e1rio.<\/p>\n\n\n\n<p><strong>Representatividade das mulheres na terceira idade<\/strong><\/p>\n\n\n\n<figure class=\"wp-block-image size-large is-resized\"><img src=\"https:\/\/vimagazine.com.br\/wp-content\/uploads\/2022\/12\/IMG-20221122-WA0099-1024x713.jpg\" alt=\"\" class=\"wp-image-7653\" width=\"840\" height=\"584\" srcset=\"https:\/\/vimagazine.com.br\/wp-content\/uploads\/2022\/12\/IMG-20221122-WA0099-1024x713.jpg 1024w, https:\/\/vimagazine.com.br\/wp-content\/uploads\/2022\/12\/IMG-20221122-WA0099-300x209.jpg 300w, https:\/\/vimagazine.com.br\/wp-content\/uploads\/2022\/12\/IMG-20221122-WA0099-768x535.jpg 768w, https:\/\/vimagazine.com.br\/wp-content\/uploads\/2022\/12\/IMG-20221122-WA0099-1536x1069.jpg 1536w, https:\/\/vimagazine.com.br\/wp-content\/uploads\/2022\/12\/IMG-20221122-WA0099.jpg 1600w\" sizes=\"(max-width: 840px) 100vw, 840px\" \/><\/figure>\n\n\n\n<p>Eduardo Ara\u00faju sempre usou seu poder transformador para levantar a autoestima de mulheres de todas as idades e manequins; mulheres trans; mulheres que sempre foram discriminadas na m\u00eddia, no mercado de trabalho e na pr\u00f3pria fam\u00edlia. Ele mesmo floresce no calend\u00e1rio.<\/p>\n\n\n\n<p>H\u00e1 quase 17 anos, o relevante trabalho de Eduardo Arauju contribui para elevar a autoestima, dar notoriedade social \u00e0 terceira idade e empoderar mulheres da terceira idade. Com muita seriedade e respeito, ele joga os holofotes sobre mulheres com mais de 60 anos, em prol da inclus\u00e3o e da diversidade.&nbsp;<\/p>\n\n\n\n<p>Desse modo, para 2023 n\u00e3o seria diferente. Sobretudo como forma de celebrar a vida e honrar quem se foi em fun\u00e7\u00e3o da pandemia de Covid-19 respons\u00e1vel por assolar o mundo e levar \u00e0 \u00f3bito muitas idosas e idosos, entre os anos de 2020 e 2022.<\/p>\n\n\n\n<p>\u201cO projeto Senhoras do Calend\u00e1rio \u00e9 um marco neste momento em que a vida \u00e9 estar vivo \u00e9 um grande poder. Celebramos e eternizamos a vida por meio das flores que cada uma das modelos representa, uma flor para cada m\u00eas, uma flor para cada vida. A vida \u00e9 um jardim cheio de energia. Estamos redescobrindo a beleza da vida ap\u00f3s termos experimentado momentos muito tristes\u201d, explica Eduardo Araujo.<\/p>\n\n\n\n<p>Triste at\u00e9 mesmo para as senhoras do calend\u00e1rio, que em julho de 2022 perderam a modelo Mara Garcia, de 87 anos, homenageada com orqu\u00eddeas em uma p\u00e1gina especialmente feita para ela.<\/p>\n\n\n\n<p>\u201cQueremos acreditar em dias melhores e mais coloridos. Mara \u00e9 uma das flores que, de repente, se soltou mas n\u00e3o caiu, flutuou, foi subindo devagar, cada minuto mais alto at\u00e9 nossas vistas n\u00e3o alcan\u00e7arem. Piscamos e n\u00e3o a vimos, mas ela aqui no Calend\u00e1rio, eternizada com seu perfume, carinho, alegria, gratid\u00e3o, sabedoria e palavras am\u00e1veis\u201d, comentou o \u2018senhor do calend\u00e1rio\u2019, Eduardo Arauju.<\/p>\n\n\n\n<p>Em sua \u00faltima participa\u00e7\u00e3o no ensaio fotogr\u00e1fico para o calend\u00e1rio de 2023, Mara disse: \u201cParticipar deste Calend\u00e1rio me faz muito feliz, quero estar nele at\u00e9 o fim&#8221;. E sua vontade assim se fez.&nbsp;<\/p>\n\n\n\n<p>Parafraseando Arlindo Cruz na m\u00fasica \u201cMeu Lugar\u201d: ainda ter\u00edamos mil coisas pra dizer, dif\u00edcil mesmo \u00e9 saber como terminar.<\/p>\n\n\n\n<p>FICHA T\u00c9CNICA<\/p>\n\n\n\n<p>Idealiza\u00e7\u00e3o e produ\u00e7\u00e3o geral: EDUARDO ARAUJU \u2013 Curso de Modelo e Manequim para a Maturidade e Plus Size<\/p>\n\n\n\n<p>Coprodu\u00e7\u00e3o: Vida Pinheiro \u2013 modelo<\/p>\n\n\n\n<p>Dire\u00e7\u00e3o de imagem e visagismo: Antonio Monteyro<\/p>\n\n\n\n<p>Fotografia: PH<\/p>\n\n\n\n<p>Dire\u00e7\u00e3o de arte: Igor Vieira<\/p>\n\n\n\n<p>Assessoria de Imprensa: Sheila Gomes<\/p>\n\n\n\n<p>Assessoria de Imprensa Casa S\u00e3o Luiz: Liane Varsano e Juliana Aquino<\/p>\n\n\n\n<p><strong>Servi\u00e7o<\/strong><\/p>\n\n\n\n<p><strong>Lan\u00e7amento \u201cSenhoras do Calend\u00e1rio &#8211; 2023\u201d<\/strong><\/p>\n\n\n\n<p><strong>Local: Casa S\u00e3o Luiz (CSL) &#8211; R. Gen. Gurj\u00e3o, 533 &#8211; Caju<\/strong><\/p>\n\n\n\n<p><strong>Data: 12 de dezembro, segunda-feira<\/strong><\/p>\n\n\n\n<p><strong>Hor\u00e1rio: 16h<\/strong><\/p>\n\n\n\n<p>Assessoria de imprensa Projeto Senhoras do Calend\u00e1rio &#8211; &nbsp;Eduardo Ara\u00faju<\/p>\n\n\n\n<p><strong>Sheila Gomes<\/strong><\/p>\n\n\n\n<p><strong>+55 (21)&nbsp; 98479-7111<\/strong><\/p>\n\n\n\n<p><a href=\"mailto:imprensa@sheilagomes.net\" target=\"_blank\" rel=\"noreferrer noopener\"><strong>imprensa@sheilagomes.net<\/strong><\/a><\/p>\n\n\n\n<figure class=\"wp-block-image\"><img alt=\"\" \/><\/figure>\n","protected":false},"excerpt":{"rendered":"<p>Flores celebram a vida e a beleza das mulheres 60+ Rosas, girass\u00f3is, cris\u00e2ntemos, margaridas, hort\u00eansias,&#8230;<\/p>\n","protected":false},"author":3,"featured_media":7652,"comment_status":"closed","ping_status":"open","sticky":false,"template":"","format":"standard","meta":{"om_disable_all_campaigns":false,"_monsterinsights_skip_tracking":false,"_monsterinsights_sitenote_active":false,"_monsterinsights_sitenote_note":"","_monsterinsights_sitenote_category":0,"spay_email":""},"categories":[1],"tags":[],"jetpack_featured_media_url":"https:\/\/vimagazine.com.br\/wp-content\/uploads\/2022\/12\/01-e1670588970565.jpg","_links":{"self":[{"href":"https:\/\/vimagazine.com.br\/index.php?rest_route=\/wp\/v2\/posts\/7651"}],"collection":[{"href":"https:\/\/vimagazine.com.br\/index.php?rest_route=\/wp\/v2\/posts"}],"about":[{"href":"https:\/\/vimagazine.com.br\/index.php?rest_route=\/wp\/v2\/types\/post"}],"author":[{"embeddable":true,"href":"https:\/\/vimagazine.com.br\/index.php?rest_route=\/wp\/v2\/users\/3"}],"replies":[{"embeddable":true,"href":"https:\/\/vimagazine.com.br\/index.php?rest_route=%2Fwp%2Fv2%2Fcomments&post=7651"}],"version-history":[{"count":1,"href":"https:\/\/vimagazine.com.br\/index.php?rest_route=\/wp\/v2\/posts\/7651\/revisions"}],"predecessor-version":[{"id":7654,"href":"https:\/\/vimagazine.com.br\/index.php?rest_route=\/wp\/v2\/posts\/7651\/revisions\/7654"}],"wp:featuredmedia":[{"embeddable":true,"href":"https:\/\/vimagazine.com.br\/index.php?rest_route=\/wp\/v2\/media\/7652"}],"wp:attachment":[{"href":"https:\/\/vimagazine.com.br\/index.php?rest_route=%2Fwp%2Fv2%2Fmedia&parent=7651"}],"wp:term":[{"taxonomy":"category","embeddable":true,"href":"https:\/\/vimagazine.com.br\/index.php?rest_route=%2Fwp%2Fv2%2Fcategories&post=7651"},{"taxonomy":"post_tag","embeddable":true,"href":"https:\/\/vimagazine.com.br\/index.php?rest_route=%2Fwp%2Fv2%2Ftags&post=7651"}],"curies":[{"name":"wp","href":"https:\/\/api.w.org\/{rel}","templated":true}]}}