{"id":7669,"date":"2022-12-12T12:17:27","date_gmt":"2022-12-12T15:17:27","guid":{"rendered":"https:\/\/vimagazine.com.br\/?p=7669"},"modified":"2022-12-12T14:06:59","modified_gmt":"2022-12-12T17:06:59","slug":"atriz-evelyn-montesano-fala-sobre-anitta-jade-pico-e-muito-mais-durante-chiclette-podcast","status":"publish","type":"post","link":"https:\/\/vimagazine.com.br\/?p=7669","title":{"rendered":"Atriz Evelyn Montesano fala sobre Anitta, Jade Picon e muito mais durante Chiclette Podcast"},"content":{"rendered":"\n<p>A atriz Evelyn Montesano foi convidada para participar do Chiclette Podcast. Conduzido por Marcio Anastacio, o epis\u00f3dio foi ao ar no YouTube, no dia 8 de dezembro e est\u00e1 recheado com um bate-papo descontra\u00eddo. Durante o programa, Evelyn conta um pouco mais sobre a sua carreira, experi\u00eancias e comenta sobre o mundo do entretenimento.&nbsp;<\/p>\n\n\n\n<p>Logo no in\u00edcio da transmiss\u00e3o, Evelyn comentou sobre a import\u00e2ncia da Anitta para a classe art\u00edstica no mercado internacional.<em> \u201c A Anitta \u00e9 uma pessoa que eu acho que a classe art\u00edstica atual deve muito. Ela soube fazer esse crossover, essa coisa de ir para os EUA sendo brasileira e se mostrar como brasileira, come\u00e7ar uma carreira l\u00e1. A pouco tempo atr\u00e1s muita gente dizia que isso era imposs\u00edvel.&#8221;<\/em><\/p>\n\n\n\n<p>Evelyn contou mais sobre a sua participa\u00e7\u00e3o no Los Angeles Brazilian Film Festival (LABRFF), o festival de cinema brasileiro mais prestigiado no exterior. O evento aconteceu no ic\u00f4nico Harmony Gold Theater, na Sunset Blvd, em Hollywood.<\/p>\n\n\n\n<p>Em um momento mais \u00edntimo, a atriz contou que desde muito nova tinha o desejo de trabalhar com comunica\u00e7\u00e3o e ser famosa, sempre embasada na sua carreira. Desde muito nova ela tinha a certeza que trabalharia com comunica\u00e7\u00e3o, tanto que seu apelido na escola quando crian\u00e7a era &#8216;rep\u00f3rter&#8217;. <em>\u201cAs m\u00e3es das outras crian\u00e7as perguntavam assim para elas como tinha sido o dia e elas n\u00e3o queriam contar. A\u00ed perguntaram pra mim \u2018Evelyn o que o fulano fez? Como foi o dia de fulano?\u2019, eu contava tudo.\u201d<\/em><\/p>\n\n\n\n<p>Quando questionada sobre a participa\u00e7\u00e3o em reality shows, Evelyn confessou que j\u00e1 aconteceram algumas conversas para sua participa\u00e7\u00e3o. <em>\u201cNeste momento estou focando nas novelas, cinema. Assim, n\u00e3o fecho porta com nenhum reality, n\u00e3o fecho portas com nada, a gente nunca sabe o que vai acontecer, mas o meu foco no momento \u00e9 novelas e cinema.\u201d<\/em><\/p>\n\n\n\n<p>Falando sobre reality Evelyn n\u00e3o pode deixar de comentar sobre o papel de destaque de Jade Picon em Travessia, novela do hor\u00e1rio nobre da Rede Globo. Ela destaca que n\u00e3o enxerga problema em Jade migrar da carreira de influencer para a atua\u00e7\u00e3o, inclusive cita tamb\u00e9m Grazi Massafera, mas sim acha que existe um problema em rela\u00e7\u00e3o ao protagonismo.&nbsp;<\/p>\n\n\n\n<p>Confira mais sobre esse assunto durante o corte:<\/p>\n\n\n\n<figure class=\"wp-block-embed is-type-video is-provider-youtube wp-block-embed-youtube wp-embed-aspect-16-9 wp-has-aspect-ratio\"><div class=\"wp-block-embed__wrapper\">\n<iframe loading=\"lazy\" title=\"Evelyn Montesano sobre Jade Picon &quot;Tantas atrizes que teriam mais bagagem&quot; |Cortes Chiclette Podcast\" width=\"640\" height=\"360\" src=\"https:\/\/www.youtube.com\/embed\/E58hgxBR_l0?feature=oembed\" frameborder=\"0\" allow=\"accelerometer; autoplay; clipboard-write; encrypted-media; gyroscope; picture-in-picture\" allowfullscreen><\/iframe>\n<\/div><\/figure>\n\n\n\n<p>Falando mais sobre a sua carreira, Evelyn destacou os tr\u00eas pontos mais marcantes at\u00e9 o momento na sua carreira. <em>\u201cS\u00e3o pontos que marcaram a minha carreira: o primeiro trabalha no TV, o primeiro trabalha na TV aberta e a chegada na Globo. Acho que s\u00e3o pontos bem marcantes, ai depois voc\u00ea vai crescendo.\u201d<\/em><\/p>\n\n\n\n<p>Durante o programa, a atriz niteroiense falou sobre pol\u00eamicas na Farofa da Gkay, ass\u00e9dio moral, sua participa\u00e7\u00e3o na Rede TV, planos para o futuro e muito mais.&nbsp;<\/p>\n\n\n\n<p>Confira todo o bate-papo:<\/p>\n\n\n\n<figure class=\"wp-block-embed is-type-video is-provider-youtube wp-block-embed-youtube wp-embed-aspect-16-9 wp-has-aspect-ratio\"><div class=\"wp-block-embed__wrapper\">\n<iframe loading=\"lazy\" title=\"EVELYN MONTESANO | Chiclette Podcast #18\" width=\"640\" height=\"360\" src=\"https:\/\/www.youtube.com\/embed\/7mEN2x43kw0?feature=oembed\" frameborder=\"0\" allow=\"accelerometer; autoplay; clipboard-write; encrypted-media; gyroscope; picture-in-picture\" allowfullscreen><\/iframe>\n<\/div><\/figure>\n\n\n\n<p>Acompanhe Evelyn Montesano nas redes sociais: <a href=\"https:\/\/www.instagram.com\/evelynmontesano\/\">Evelyn Montesano \ud83c\udfad\ud83c\udfac\ud83d\udcfa (@evelynmontesano) <\/a><\/p>\n\n\n\n<p>Sendo um dos meios mais consumidos no pa\u00eds, os podcasts j\u00e1 est\u00e3o super consolidados no mercado. Muitos tamb\u00e9m tem o formato de videocast, podendo ser ouvido e visto pela internet em qualquer momento. Esse \u00e9 o Chiclette Podcast, que leva at\u00e9 voc\u00ea um papo super descontra\u00eddo. Al\u00e9m disso, o Chiclette tamb\u00e9m possui um canal de cortes.&nbsp;<\/p>\n\n\n\n<p>Acompanhe: <a href=\"https:\/\/www.youtube.com\/@ChiclettePodcast\/about\">https:\/\/www.youtube.com\/@ChiclettePodcast<\/a><br>Instagram:<a href=\"https:\/\/www.instagram.com\/chiclettepodcast\/\"> https:\/\/www.instagram.com\/chiclettepodcast\/<\/a><\/p>\n","protected":false},"excerpt":{"rendered":"<p>A atriz Evelyn Montesano foi convidada para participar do Chiclette Podcast. Conduzido por Marcio Anastacio,&#8230;<\/p>\n","protected":false},"author":18,"featured_media":7670,"comment_status":"closed","ping_status":"open","sticky":false,"template":"","format":"standard","meta":{"om_disable_all_campaigns":false,"_monsterinsights_skip_tracking":false,"_monsterinsights_sitenote_active":false,"_monsterinsights_sitenote_note":"","_monsterinsights_sitenote_category":0,"spay_email":""},"categories":[1],"tags":[522,521,418,269,520,273,288,349,444,416],"jetpack_featured_media_url":"https:\/\/vimagazine.com.br\/wp-content\/uploads\/2022\/12\/20221207_161442.jpg","_links":{"self":[{"href":"https:\/\/vimagazine.com.br\/index.php?rest_route=\/wp\/v2\/posts\/7669"}],"collection":[{"href":"https:\/\/vimagazine.com.br\/index.php?rest_route=\/wp\/v2\/posts"}],"about":[{"href":"https:\/\/vimagazine.com.br\/index.php?rest_route=\/wp\/v2\/types\/post"}],"author":[{"embeddable":true,"href":"https:\/\/vimagazine.com.br\/index.php?rest_route=\/wp\/v2\/users\/18"}],"replies":[{"embeddable":true,"href":"https:\/\/vimagazine.com.br\/index.php?rest_route=%2Fwp%2Fv2%2Fcomments&post=7669"}],"version-history":[{"count":2,"href":"https:\/\/vimagazine.com.br\/index.php?rest_route=\/wp\/v2\/posts\/7669\/revisions"}],"predecessor-version":[{"id":7673,"href":"https:\/\/vimagazine.com.br\/index.php?rest_route=\/wp\/v2\/posts\/7669\/revisions\/7673"}],"wp:featuredmedia":[{"embeddable":true,"href":"https:\/\/vimagazine.com.br\/index.php?rest_route=\/wp\/v2\/media\/7670"}],"wp:attachment":[{"href":"https:\/\/vimagazine.com.br\/index.php?rest_route=%2Fwp%2Fv2%2Fmedia&parent=7669"}],"wp:term":[{"taxonomy":"category","embeddable":true,"href":"https:\/\/vimagazine.com.br\/index.php?rest_route=%2Fwp%2Fv2%2Fcategories&post=7669"},{"taxonomy":"post_tag","embeddable":true,"href":"https:\/\/vimagazine.com.br\/index.php?rest_route=%2Fwp%2Fv2%2Ftags&post=7669"}],"curies":[{"name":"wp","href":"https:\/\/api.w.org\/{rel}","templated":true}]}}