{"id":7686,"date":"2022-12-13T13:35:21","date_gmt":"2022-12-13T16:35:21","guid":{"rendered":"https:\/\/vimagazine.com.br\/?p=7686"},"modified":"2022-12-13T13:35:24","modified_gmt":"2022-12-13T16:35:24","slug":"teresa-kodama-recebe-o-premio-de-artista-empreendedora-2022-da-cia-arte-e-cultura-na-camara-municipal-de-sao-paulo","status":"publish","type":"post","link":"https:\/\/vimagazine.com.br\/?p=7686","title":{"rendered":"Teresa Kodama recebe o pr\u00eamio de &#8220;Artista Empreendedora 2022&#8221; da Cia Arte e Cultura, na C\u00e2mara Municipal de S\u00e3o Paulo."},"content":{"rendered":"\n<p><\/p>\n\n\n\n<p style=\"font-size:25px\"><strong>Tarde de muito glamour, marcaram a Exposi\u00e7\u00e3o &#8220;Olhar 2022&#8221;<\/strong><\/p>\n\n\n\n<p class=\"has-medium-font-size\">Teresa Kodama se sentiu honrada em estar na Exposi\u00e7\u00e3o intitulada &#8220;Olhar 2022&#8221; da Cia. Arte Cultura, do Paco de Assis (https:\/\/www.ciaartecultura.com.br\/), que realizada no ultimo dia 03 de dezembro, na C\u00e2mara Municipal de S\u00e3o Paulo, no Viaduto Jacare\u00ed, 100, Bela Vista, S\u00e3o Paulo, Capital.<\/p>\n\n\n\n<p class=\"has-medium-font-size\">A iniciativa foi da Vereadora Edir Sales, manifestando alegria em levar Arte para a C\u00e2mara Municipal de S\u00e3o Paulo.<\/p>\n\n\n\n<p class=\"has-medium-font-size\">Houve a entrega dos certificados de participa\u00e7\u00e3o, a premia\u00e7\u00e3o das melhores obras e o destaque dos Artistas Empreendedores 2022.<\/p>\n\n\n\n<figure class=\"wp-container-2 wp-block-gallery-1 wp-block-gallery has-nested-images columns-default is-cropped\">\n<figure class=\"wp-block-image size-large\"><img width=\"1078\" height=\"606\" data-id=\"7689\"  src=\"https:\/\/vimagazine.com.br\/wp-content\/uploads\/2022\/12\/Screenshot_20221207_215004.jpg\" alt=\"\" class=\"wp-image-7689\" srcset=\"https:\/\/vimagazine.com.br\/wp-content\/uploads\/2022\/12\/Screenshot_20221207_215004.jpg 1078w, https:\/\/vimagazine.com.br\/wp-content\/uploads\/2022\/12\/Screenshot_20221207_215004-300x169.jpg 300w, https:\/\/vimagazine.com.br\/wp-content\/uploads\/2022\/12\/Screenshot_20221207_215004-1024x576.jpg 1024w, https:\/\/vimagazine.com.br\/wp-content\/uploads\/2022\/12\/Screenshot_20221207_215004-768x432.jpg 768w\" sizes=\"(max-width: 1078px) 100vw, 1078px\" \/><\/figure>\n\n\n\n<figure class=\"wp-block-image size-large\"><img width=\"1078\" height=\"582\" data-id=\"7688\"  src=\"https:\/\/vimagazine.com.br\/wp-content\/uploads\/2022\/12\/Screenshot_20221207_215023.jpg\" alt=\"\" class=\"wp-image-7688\" srcset=\"https:\/\/vimagazine.com.br\/wp-content\/uploads\/2022\/12\/Screenshot_20221207_215023.jpg 1078w, https:\/\/vimagazine.com.br\/wp-content\/uploads\/2022\/12\/Screenshot_20221207_215023-300x162.jpg 300w, https:\/\/vimagazine.com.br\/wp-content\/uploads\/2022\/12\/Screenshot_20221207_215023-1024x553.jpg 1024w, https:\/\/vimagazine.com.br\/wp-content\/uploads\/2022\/12\/Screenshot_20221207_215023-768x415.jpg 768w\" sizes=\"(max-width: 1078px) 100vw, 1078px\" \/><\/figure>\n\n\n\n<figure class=\"wp-block-image size-large\"><img width=\"1078\" height=\"604\" data-id=\"7687\"  src=\"https:\/\/vimagazine.com.br\/wp-content\/uploads\/2022\/12\/Screenshot_20221207_215108.jpg\" alt=\"\" class=\"wp-image-7687\" srcset=\"https:\/\/vimagazine.com.br\/wp-content\/uploads\/2022\/12\/Screenshot_20221207_215108.jpg 1078w, https:\/\/vimagazine.com.br\/wp-content\/uploads\/2022\/12\/Screenshot_20221207_215108-300x168.jpg 300w, https:\/\/vimagazine.com.br\/wp-content\/uploads\/2022\/12\/Screenshot_20221207_215108-1024x574.jpg 1024w, https:\/\/vimagazine.com.br\/wp-content\/uploads\/2022\/12\/Screenshot_20221207_215108-768x430.jpg 768w\" sizes=\"(max-width: 1078px) 100vw, 1078px\" \/><\/figure>\n<\/figure>\n\n\n\n<p class=\"has-medium-font-size\"><br>O evento contou com a apresenta\u00e7\u00e3o da Banda do 8o Distrito Naval, Fuzisampa.<\/p>\n\n\n\n<p class=\"has-medium-font-size\">Os pr\u00eamios foram feitos pela&nbsp; ceramista Eliana Tsuru, do Ateli\u00ea Tsuru (https:\/\/www.ateliertsuru.com.br\/).<\/p>\n\n\n\n<p class=\"has-medium-font-size\">Na Exposi\u00e7\u00e3o muitos quadros e pe\u00e7as de cer\u00e2mica.<\/p>\n\n\n\n<p class=\"has-medium-font-size\">A mat\u00e9ria encontra-se&nbsp; no Youtube da C\u00e2mara Municipal de S\u00e3o Paulo (https:\/\/youtu.be\/YXKVsG6Z9jM).<\/p>\n","protected":false},"excerpt":{"rendered":"<p>Tarde de muito glamour, marcaram a Exposi\u00e7\u00e3o &#8220;Olhar 2022&#8221; Teresa Kodama se sentiu honrada em&#8230;<\/p>\n","protected":false},"author":1,"featured_media":7690,"comment_status":"closed","ping_status":"open","sticky":false,"template":"","format":"standard","meta":{"om_disable_all_campaigns":false,"_monsterinsights_skip_tracking":false,"_monsterinsights_sitenote_active":false,"_monsterinsights_sitenote_note":"","_monsterinsights_sitenote_category":0,"spay_email":""},"categories":[26],"tags":[],"jetpack_featured_media_url":"https:\/\/vimagazine.com.br\/wp-content\/uploads\/2022\/12\/Screenshot_20221207_215047-1.jpg","_links":{"self":[{"href":"https:\/\/vimagazine.com.br\/index.php?rest_route=\/wp\/v2\/posts\/7686"}],"collection":[{"href":"https:\/\/vimagazine.com.br\/index.php?rest_route=\/wp\/v2\/posts"}],"about":[{"href":"https:\/\/vimagazine.com.br\/index.php?rest_route=\/wp\/v2\/types\/post"}],"author":[{"embeddable":true,"href":"https:\/\/vimagazine.com.br\/index.php?rest_route=\/wp\/v2\/users\/1"}],"replies":[{"embeddable":true,"href":"https:\/\/vimagazine.com.br\/index.php?rest_route=%2Fwp%2Fv2%2Fcomments&post=7686"}],"version-history":[{"count":1,"href":"https:\/\/vimagazine.com.br\/index.php?rest_route=\/wp\/v2\/posts\/7686\/revisions"}],"predecessor-version":[{"id":7691,"href":"https:\/\/vimagazine.com.br\/index.php?rest_route=\/wp\/v2\/posts\/7686\/revisions\/7691"}],"wp:featuredmedia":[{"embeddable":true,"href":"https:\/\/vimagazine.com.br\/index.php?rest_route=\/wp\/v2\/media\/7690"}],"wp:attachment":[{"href":"https:\/\/vimagazine.com.br\/index.php?rest_route=%2Fwp%2Fv2%2Fmedia&parent=7686"}],"wp:term":[{"taxonomy":"category","embeddable":true,"href":"https:\/\/vimagazine.com.br\/index.php?rest_route=%2Fwp%2Fv2%2Fcategories&post=7686"},{"taxonomy":"post_tag","embeddable":true,"href":"https:\/\/vimagazine.com.br\/index.php?rest_route=%2Fwp%2Fv2%2Ftags&post=7686"}],"curies":[{"name":"wp","href":"https:\/\/api.w.org\/{rel}","templated":true}]}}