{"id":7692,"date":"2022-12-13T14:22:58","date_gmt":"2022-12-13T17:22:58","guid":{"rendered":"https:\/\/vimagazine.com.br\/?p=7692"},"modified":"2022-12-13T14:31:45","modified_gmt":"2022-12-13T17:31:45","slug":"marca-masculina-hermes-inocencio-agitou-ipanema-no-ultimo-sabado","status":"publish","type":"post","link":"https:\/\/vimagazine.com.br\/?p=7692","title":{"rendered":"MARCA MASCULINA\u00a0&#8211; HERMES INOCENCIO\u00a0&#8211; AGITOU\u00a0\u00a0IPANEMA\u00a0NO \u00daLTIMO S\u00c1BADO"},"content":{"rendered":"\n<p><\/p>\n\n\n\n<p>A descolada grife masculina HERMES INOCENCIO,  dos s\u00f3cios Hermes Inocencio e Gilson Rodrigues, agitou o Bairro de Ipanema, no Rio de Janeiro, no dia 10 de dezembro, com uma badalada festa regada a elaborados drinks como: Gin, Vodka e gelad\u00edssimo Prosecco, acompanhados de comidinhas deliciosas assinado por Roberto Moura, ao som do badalado DJ e Produtor Musical Wado Lobo.<\/p>\n\n\n\n<p>Esse ano o estilista, queridinho dos famosos, convidou o ator S\u00e9rgio Menezes para com toda sua irrever\u00eancia e desempenho apresentar  a nova cole\u00e7\u00e3o ver\u00e3o da marca, que trouxe a Ipanema, em alto estilo, a cultura Mexicana com &#8220;Holly Death&#8221; (Santa Morte). E S\u00e9rgio &#8220;encarnou&#8221; com maestria o vi\u00favo da Santa Morte.<\/p>\n\n\n\n<p>A festa contou com a presen\u00e7a de famosos, imprensa e&nbsp;demais convidados.<\/p>\n\n\n\n<p>Estiveram abrilhantando o evento, que rolou at\u00e9 as 23h00, ao som do melhor Pop e Tribal: Roberto Birindelli, Sergio Menezes. Claudia Melo, Angel Montteiro, Susana Martins, Alexandre Latarola, Christian Lozada, Ali Sulman e Guto Fernandes entre outros nomes. do meio art\u00edstico<\/p>\n\n\n\n<figure class=\"wp-container-2 wp-block-gallery-1 wp-block-gallery has-nested-images columns-1 is-cropped\">\n<figure class=\"wp-block-image size-large\"><img width=\"655\" height=\"1024\" data-id=\"7693\"  src=\"https:\/\/vimagazine.com.br\/wp-content\/uploads\/2022\/12\/Modelo-e-influencer-Sirio-Ali-Sulman-e-o-ator-Roberto-Birindelli-fotos-Thyago-Andrade-20221211-0I7A9153-1-655x1024.jpg\" alt=\"\" class=\"wp-image-7693\" srcset=\"https:\/\/vimagazine.com.br\/wp-content\/uploads\/2022\/12\/Modelo-e-influencer-Sirio-Ali-Sulman-e-o-ator-Roberto-Birindelli-fotos-Thyago-Andrade-20221211-0I7A9153-1-655x1024.jpg 655w, https:\/\/vimagazine.com.br\/wp-content\/uploads\/2022\/12\/Modelo-e-influencer-Sirio-Ali-Sulman-e-o-ator-Roberto-Birindelli-fotos-Thyago-Andrade-20221211-0I7A9153-1-192x300.jpg 192w, https:\/\/vimagazine.com.br\/wp-content\/uploads\/2022\/12\/Modelo-e-influencer-Sirio-Ali-Sulman-e-o-ator-Roberto-Birindelli-fotos-Thyago-Andrade-20221211-0I7A9153-1-768x1201.jpg 768w, https:\/\/vimagazine.com.br\/wp-content\/uploads\/2022\/12\/Modelo-e-influencer-Sirio-Ali-Sulman-e-o-ator-Roberto-Birindelli-fotos-Thyago-Andrade-20221211-0I7A9153-1-982x1536.jpg 982w, https:\/\/vimagazine.com.br\/wp-content\/uploads\/2022\/12\/Modelo-e-influencer-Sirio-Ali-Sulman-e-o-ator-Roberto-Birindelli-fotos-Thyago-Andrade-20221211-0I7A9153-1-1024x1601.jpg 1024w, https:\/\/vimagazine.com.br\/wp-content\/uploads\/2022\/12\/Modelo-e-influencer-Sirio-Ali-Sulman-e-o-ator-Roberto-Birindelli-fotos-Thyago-Andrade-20221211-0I7A9153-1.jpg 1228w\" sizes=\"(max-width: 655px) 100vw, 655px\" \/><figcaption>Modelo e influencer S\u00edrio, Ali Sulman e o ator Roberto Birindelli<\/figcaption><\/figure>\n\n\n\n<figure class=\"wp-block-image size-large\"><img width=\"1024\" height=\"683\" data-id=\"7694\"  src=\"https:\/\/vimagazine.com.br\/wp-content\/uploads\/2022\/12\/Assessoria-de-festa-Deborah-Goncalves-susana-Martins-promotora-de-eventos-e-ator-Roberto-Birindelli-fotos-Matheus-Trindade-IMG_2144-remini-enhanced-1024x683.jpg\" alt=\"\" class=\"wp-image-7694\" srcset=\"https:\/\/vimagazine.com.br\/wp-content\/uploads\/2022\/12\/Assessoria-de-festa-Deborah-Goncalves-susana-Martins-promotora-de-eventos-e-ator-Roberto-Birindelli-fotos-Matheus-Trindade-IMG_2144-remini-enhanced-1024x683.jpg 1024w, https:\/\/vimagazine.com.br\/wp-content\/uploads\/2022\/12\/Assessoria-de-festa-Deborah-Goncalves-susana-Martins-promotora-de-eventos-e-ator-Roberto-Birindelli-fotos-Matheus-Trindade-IMG_2144-remini-enhanced-300x200.jpg 300w, https:\/\/vimagazine.com.br\/wp-content\/uploads\/2022\/12\/Assessoria-de-festa-Deborah-Goncalves-susana-Martins-promotora-de-eventos-e-ator-Roberto-Birindelli-fotos-Matheus-Trindade-IMG_2144-remini-enhanced-768x512.jpg 768w, https:\/\/vimagazine.com.br\/wp-content\/uploads\/2022\/12\/Assessoria-de-festa-Deborah-Goncalves-susana-Martins-promotora-de-eventos-e-ator-Roberto-Birindelli-fotos-Matheus-Trindade-IMG_2144-remini-enhanced-1536x1024.jpg 1536w, https:\/\/vimagazine.com.br\/wp-content\/uploads\/2022\/12\/Assessoria-de-festa-Deborah-Goncalves-susana-Martins-promotora-de-eventos-e-ator-Roberto-Birindelli-fotos-Matheus-Trindade-IMG_2144-remini-enhanced.jpg 1920w\" sizes=\"(max-width: 1024px) 100vw, 1024px\" \/><figcaption>Assessora da Marca  Deborah Gon\u00e7alves, Susana Martins promotora de eventos e ator Roberto Birindelli fotos Matheus<\/figcaption><\/figure>\n\n\n\n<figure class=\"wp-block-image size-large\"><img width=\"683\" height=\"1024\" data-id=\"7695\"  src=\"https:\/\/vimagazine.com.br\/wp-content\/uploads\/2022\/12\/ATOR-SERGIO-MENEZES-E-ATRIZ-ANGEL-MONTTEIRO-EM-AGITO-FESTA-DOS-MORTOS-EM-IPANEMA-20221211-0I7A9343-683x1024.jpg\" alt=\"\" class=\"wp-image-7695\" srcset=\"https:\/\/vimagazine.com.br\/wp-content\/uploads\/2022\/12\/ATOR-SERGIO-MENEZES-E-ATRIZ-ANGEL-MONTTEIRO-EM-AGITO-FESTA-DOS-MORTOS-EM-IPANEMA-20221211-0I7A9343-683x1024.jpg 683w, https:\/\/vimagazine.com.br\/wp-content\/uploads\/2022\/12\/ATOR-SERGIO-MENEZES-E-ATRIZ-ANGEL-MONTTEIRO-EM-AGITO-FESTA-DOS-MORTOS-EM-IPANEMA-20221211-0I7A9343-200x300.jpg 200w, https:\/\/vimagazine.com.br\/wp-content\/uploads\/2022\/12\/ATOR-SERGIO-MENEZES-E-ATRIZ-ANGEL-MONTTEIRO-EM-AGITO-FESTA-DOS-MORTOS-EM-IPANEMA-20221211-0I7A9343-768x1152.jpg 768w, https:\/\/vimagazine.com.br\/wp-content\/uploads\/2022\/12\/ATOR-SERGIO-MENEZES-E-ATRIZ-ANGEL-MONTTEIRO-EM-AGITO-FESTA-DOS-MORTOS-EM-IPANEMA-20221211-0I7A9343-1024x1536.jpg 1024w, https:\/\/vimagazine.com.br\/wp-content\/uploads\/2022\/12\/ATOR-SERGIO-MENEZES-E-ATRIZ-ANGEL-MONTTEIRO-EM-AGITO-FESTA-DOS-MORTOS-EM-IPANEMA-20221211-0I7A9343.jpg 1280w\" sizes=\"(max-width: 683px) 100vw, 683px\" \/><figcaption>ATOR SERGIO MENEZES E ATRIZ ANGEL MONTTEIRO<\/figcaption><\/figure>\n\n\n\n<figure class=\"wp-block-image size-large\"><img width=\"1024\" height=\"683\" data-id=\"7696\"  src=\"https:\/\/vimagazine.com.br\/wp-content\/uploads\/2022\/12\/Hermes-Inocencio-e-ator-Alexandre-Latarola-IMG_2272-remini-enhanced-1024x683.jpg\" alt=\"\" class=\"wp-image-7696\" srcset=\"https:\/\/vimagazine.com.br\/wp-content\/uploads\/2022\/12\/Hermes-Inocencio-e-ator-Alexandre-Latarola-IMG_2272-remini-enhanced-1024x683.jpg 1024w, https:\/\/vimagazine.com.br\/wp-content\/uploads\/2022\/12\/Hermes-Inocencio-e-ator-Alexandre-Latarola-IMG_2272-remini-enhanced-300x200.jpg 300w, https:\/\/vimagazine.com.br\/wp-content\/uploads\/2022\/12\/Hermes-Inocencio-e-ator-Alexandre-Latarola-IMG_2272-remini-enhanced-768x512.jpg 768w, https:\/\/vimagazine.com.br\/wp-content\/uploads\/2022\/12\/Hermes-Inocencio-e-ator-Alexandre-Latarola-IMG_2272-remini-enhanced-1536x1024.jpg 1536w, https:\/\/vimagazine.com.br\/wp-content\/uploads\/2022\/12\/Hermes-Inocencio-e-ator-Alexandre-Latarola-IMG_2272-remini-enhanced.jpg 1920w\" sizes=\"(max-width: 1024px) 100vw, 1024px\" \/><figcaption>Hermes Inocencio e ator Alexandre Latarola<\/figcaption><\/figure>\n\n\n\n<figure class=\"wp-block-image size-large\"><img width=\"1024\" height=\"683\" data-id=\"7697\"  src=\"https:\/\/vimagazine.com.br\/wp-content\/uploads\/2022\/12\/Anfitriao-da-festa-Hermes-Inocencio-e-atrizClaudiaMelo-IMG_1699-remini-enhanced-1-1024x683.jpg\" alt=\"\" class=\"wp-image-7697\" srcset=\"https:\/\/vimagazine.com.br\/wp-content\/uploads\/2022\/12\/Anfitriao-da-festa-Hermes-Inocencio-e-atrizClaudiaMelo-IMG_1699-remini-enhanced-1-1024x683.jpg 1024w, https:\/\/vimagazine.com.br\/wp-content\/uploads\/2022\/12\/Anfitriao-da-festa-Hermes-Inocencio-e-atrizClaudiaMelo-IMG_1699-remini-enhanced-1-300x200.jpg 300w, https:\/\/vimagazine.com.br\/wp-content\/uploads\/2022\/12\/Anfitriao-da-festa-Hermes-Inocencio-e-atrizClaudiaMelo-IMG_1699-remini-enhanced-1-768x512.jpg 768w, https:\/\/vimagazine.com.br\/wp-content\/uploads\/2022\/12\/Anfitriao-da-festa-Hermes-Inocencio-e-atrizClaudiaMelo-IMG_1699-remini-enhanced-1-1536x1024.jpg 1536w, https:\/\/vimagazine.com.br\/wp-content\/uploads\/2022\/12\/Anfitriao-da-festa-Hermes-Inocencio-e-atrizClaudiaMelo-IMG_1699-remini-enhanced-1.jpg 1920w\" sizes=\"(max-width: 1024px) 100vw, 1024px\" \/><figcaption>Anfitri\u00e3o  Hermes Inocencio e atriz Claudia Melo<\/figcaption><\/figure>\n\n\n\n<figure class=\"wp-block-image size-large\"><img width=\"1024\" height=\"683\" data-id=\"7698\"  src=\"https:\/\/vimagazine.com.br\/wp-content\/uploads\/2022\/12\/ator-Ali-Sulman-Hermes-Inocencio-e-ator-Sergio-Menezes-fotos-Matheus-Trondade-IMG_2344-remini-enhanced-1024x683.jpg\" alt=\"\" class=\"wp-image-7698\" srcset=\"https:\/\/vimagazine.com.br\/wp-content\/uploads\/2022\/12\/ator-Ali-Sulman-Hermes-Inocencio-e-ator-Sergio-Menezes-fotos-Matheus-Trondade-IMG_2344-remini-enhanced-1024x683.jpg 1024w, https:\/\/vimagazine.com.br\/wp-content\/uploads\/2022\/12\/ator-Ali-Sulman-Hermes-Inocencio-e-ator-Sergio-Menezes-fotos-Matheus-Trondade-IMG_2344-remini-enhanced-300x200.jpg 300w, https:\/\/vimagazine.com.br\/wp-content\/uploads\/2022\/12\/ator-Ali-Sulman-Hermes-Inocencio-e-ator-Sergio-Menezes-fotos-Matheus-Trondade-IMG_2344-remini-enhanced-768x512.jpg 768w, https:\/\/vimagazine.com.br\/wp-content\/uploads\/2022\/12\/ator-Ali-Sulman-Hermes-Inocencio-e-ator-Sergio-Menezes-fotos-Matheus-Trondade-IMG_2344-remini-enhanced-1536x1024.jpg 1536w, https:\/\/vimagazine.com.br\/wp-content\/uploads\/2022\/12\/ator-Ali-Sulman-Hermes-Inocencio-e-ator-Sergio-Menezes-fotos-Matheus-Trondade-IMG_2344-remini-enhanced.jpg 1920w\" sizes=\"(max-width: 1024px) 100vw, 1024px\" \/><\/figure>\n<\/figure>\n\n\n\n<p>Fotos: &nbsp; Matheus Trindade \/ Thyago Andrade<\/p>\n\n\n\n<p><strong>&nbsp;DGassessoria e Comunica\u00e7\u00e3o<\/strong><\/p>\n","protected":false},"excerpt":{"rendered":"<p>A descolada grife masculina HERMES INOCENCIO, dos s\u00f3cios Hermes Inocencio e Gilson Rodrigues, agitou o&#8230;<\/p>\n","protected":false},"author":1,"featured_media":7700,"comment_status":"closed","ping_status":"open","sticky":false,"template":"","format":"standard","meta":{"om_disable_all_campaigns":false,"_monsterinsights_skip_tracking":false,"_monsterinsights_sitenote_active":false,"_monsterinsights_sitenote_note":"","_monsterinsights_sitenote_category":0,"spay_email":""},"categories":[26],"tags":[],"jetpack_featured_media_url":"https:\/\/vimagazine.com.br\/wp-content\/uploads\/2022\/12\/os-socios-da-grife-Hermes-Inocencio-Hermes-Inocencio-e-Gilson-Rodrigues-fotos-Matheus-Trindade-IMG_2387-remini-enhanced.jpg","_links":{"self":[{"href":"https:\/\/vimagazine.com.br\/index.php?rest_route=\/wp\/v2\/posts\/7692"}],"collection":[{"href":"https:\/\/vimagazine.com.br\/index.php?rest_route=\/wp\/v2\/posts"}],"about":[{"href":"https:\/\/vimagazine.com.br\/index.php?rest_route=\/wp\/v2\/types\/post"}],"author":[{"embeddable":true,"href":"https:\/\/vimagazine.com.br\/index.php?rest_route=\/wp\/v2\/users\/1"}],"replies":[{"embeddable":true,"href":"https:\/\/vimagazine.com.br\/index.php?rest_route=%2Fwp%2Fv2%2Fcomments&post=7692"}],"version-history":[{"count":2,"href":"https:\/\/vimagazine.com.br\/index.php?rest_route=\/wp\/v2\/posts\/7692\/revisions"}],"predecessor-version":[{"id":7701,"href":"https:\/\/vimagazine.com.br\/index.php?rest_route=\/wp\/v2\/posts\/7692\/revisions\/7701"}],"wp:featuredmedia":[{"embeddable":true,"href":"https:\/\/vimagazine.com.br\/index.php?rest_route=\/wp\/v2\/media\/7700"}],"wp:attachment":[{"href":"https:\/\/vimagazine.com.br\/index.php?rest_route=%2Fwp%2Fv2%2Fmedia&parent=7692"}],"wp:term":[{"taxonomy":"category","embeddable":true,"href":"https:\/\/vimagazine.com.br\/index.php?rest_route=%2Fwp%2Fv2%2Fcategories&post=7692"},{"taxonomy":"post_tag","embeddable":true,"href":"https:\/\/vimagazine.com.br\/index.php?rest_route=%2Fwp%2Fv2%2Ftags&post=7692"}],"curies":[{"name":"wp","href":"https:\/\/api.w.org\/{rel}","templated":true}]}}