{"id":7702,"date":"2022-12-13T18:36:15","date_gmt":"2022-12-13T21:36:15","guid":{"rendered":"https:\/\/vimagazine.com.br\/?p=7702"},"modified":"2022-12-13T18:41:26","modified_gmt":"2022-12-13T21:41:26","slug":"michel-telo-e-stefani-pizo-emociona-publico-em-dueto","status":"publish","type":"post","link":"https:\/\/vimagazine.com.br\/?p=7702","title":{"rendered":"Michel Tel\u00f3 e Stefani Pizo emociona p\u00fablico em dueto"},"content":{"rendered":"\n<p><em>Na noite de pr\u00e9-lan\u00e7amento do seu novo sucesso \u201cErro do ano\u201d que ser\u00e1 lan\u00e7ado nesta sexta no youtube e nas plataformas digitais, a cantora soltou a voz ao lado do \u00eddolo Michel Tel\u00f3.<\/em><\/p>\n\n\n\n<p>Aconteceu na noite desta quinta-feira (8 de dezembro) na cidade de Borrazopolis, interior do Paran\u00e1, em um evento da cidade, um grande encontro de vozes \u00edmpares, entre Michel Tel\u00f3 e a nova revela\u00e7\u00e3o do sertanejo&nbsp;<em>Stefani Pizo<\/em>.&nbsp; J\u00e1 conhecida do p\u00fablico pela semelhan\u00e7a de sua voz com a da eterna rainha&nbsp;<em>Marilia Mendon\u00e7a<\/em>, a cantora foi convidada pelo anfitri\u00e3o a subir no palco e cantar. De imediato,&nbsp;<em>Stefani subiu ao palco e&nbsp;<\/em>cantou dois grandes sucessos \u201c<em>Esque\u00e7a-me se for capaz<\/em>\u201d e \u201c<em>Eu sei de cor<\/em>\u201d em um dueto inesquec\u00edvel com um dos seus \u00eddolos de inf\u00e2ncia.<\/p>\n\n\n\n<p>\u201c<em>Cantar com o Michel Tel\u00f3 \u00e9 a realiza\u00e7\u00e3o de um sonho de inf\u00e2ncia. Eu nasci e ele j\u00e1 fazia sucesso. Eu cresci ouvindo suas m\u00fasicas. Ele \u00e9 um ser humano encantador, um pr\u00edncipe. Sua m\u00fasica foi top mundo, cantada em v\u00e1rias l\u00ednguas. N\u00f3s temos orgulho de ter um artista completo como ele, m\u00fasico, compositor, instrumentista e canta muito. Sou muito f\u00e3 demais. Muito feliz em estar aqui no palco com ele esta noite, v\u00e9spera do lan\u00e7amento do meu novo single \u201cErro do ano\u201d, pro Brasil cantar muito, principalmente os solteiros e as solteiras\u201d<\/em>&nbsp;declara Stefani Pizo<\/p>\n\n\n\n<figure class=\"wp-block-image size-large\"><img width=\"1024\" height=\"576\" src=\"https:\/\/vimagazine.com.br\/wp-content\/uploads\/2022\/12\/Foto-01-Stefani-Pizo-1024x576.jpg\" alt=\"\" class=\"wp-image-7705\" srcset=\"https:\/\/vimagazine.com.br\/wp-content\/uploads\/2022\/12\/Foto-01-Stefani-Pizo-1024x576.jpg 1024w, https:\/\/vimagazine.com.br\/wp-content\/uploads\/2022\/12\/Foto-01-Stefani-Pizo-300x169.jpg 300w, https:\/\/vimagazine.com.br\/wp-content\/uploads\/2022\/12\/Foto-01-Stefani-Pizo-768x432.jpg 768w, https:\/\/vimagazine.com.br\/wp-content\/uploads\/2022\/12\/Foto-01-Stefani-Pizo.jpg 1280w\" sizes=\"(max-width: 1024px) 100vw, 1024px\" \/><\/figure>\n\n\n\n<p><strong>SOBRE STEFANI PIZO<\/strong><\/p>\n\n\n\n<p>Ap\u00f3s seu \u00faltimo lan\u00e7amento \u201cClim\u00e3o de Saudade\u201d que apresentou a cantora ao cen\u00e1rio nacional da m\u00fasica sertaneja com mais de meio milh\u00e3o de visualiza\u00e7\u00f5es no youtube, al\u00e9m dos milhares nas outras redes sociais e plataformas digitais, Stefani Pizo entra de vez para o clube da sofr\u00eancia com \u201cErro do ano\u201d, que ser\u00e1 lan\u00e7ado&nbsp;<strong><em>nesta sexta-feira dia 09 de dezembro \u00e0s 18h no youtube e tamb\u00e9m dispon\u00edveis nas plataformas.<\/em><\/strong><\/p>\n\n\n\n<p><strong>Insta:&nbsp;<\/strong><a href=\"http:\/\/instagram.com\/stefanipizo?igshid=YmMyMTA2M2Y=\" target=\"_blank\" rel=\"noreferrer noopener\">instagram.com\/stefanipizo?igshid=YmMyMTA2M2Y=<\/a><\/p>\n\n\n\n<p><strong>Youtube:&nbsp;<\/strong><a href=\"https:\/\/youtube.com\/channel\/UC5lp4bzCQuRFe98ao9RDeRQ\" target=\"_blank\" rel=\"noreferrer noopener\">https:\/\/youtube.com\/channel\/UC5lp4bzCQuRFe98ao9RDeRQ<\/a><\/p>\n\n\n\n<p>Spotify:&nbsp;<a href=\"https:\/\/open.spotify.com\/artist\/5zcBVlPmb5JLM3ALzSAQBE?si=1HlN7oYeTrSkdNBvHX7ZmA&amp;utm_source=copy-link\" target=\"_blank\" rel=\"noreferrer noopener\">https:\/\/open.spotify.com\/artist\/5zcBVlPmb5JLM3ALzSAQBE?si=1HlN7oYeTrSkdNBvHX7ZmA&amp;utm_source=copy-link<\/a><\/p>\n\n\n\n<p>Fonte: Lu Pimentel Comunica\u00e7\u00e3o e Assessoria de Imprensa \u2013 11 99211 \u2013 5841&nbsp;<\/p>\n\n\n\n<p>Foto: Divulga\u00e7\u00e3o&nbsp;<\/p>\n\n\n\n<p>Lu Pimentel&nbsp;<\/p>\n\n\n\n<p>Assessoria de Imprensa&nbsp;<\/p>\n\n\n\n<figure class=\"wp-block-image size-full\"><img width=\"721\" height=\"791\" src=\"https:\/\/vimagazine.com.br\/wp-content\/uploads\/2022\/12\/Foto-001-Stefani-e-Michel.jpg\" alt=\"\" class=\"wp-image-7703\" srcset=\"https:\/\/vimagazine.com.br\/wp-content\/uploads\/2022\/12\/Foto-001-Stefani-e-Michel.jpg 721w, https:\/\/vimagazine.com.br\/wp-content\/uploads\/2022\/12\/Foto-001-Stefani-e-Michel-273x300.jpg 273w\" sizes=\"(max-width: 721px) 100vw, 721px\" \/><\/figure>\n","protected":false},"excerpt":{"rendered":"<p>Na noite de pr\u00e9-lan\u00e7amento do seu novo sucesso \u201cErro do ano\u201d que ser\u00e1 lan\u00e7ado nesta&#8230;<\/p>\n","protected":false},"author":3,"featured_media":7707,"comment_status":"closed","ping_status":"open","sticky":false,"template":"","format":"standard","meta":{"om_disable_all_campaigns":false,"_monsterinsights_skip_tracking":false,"_monsterinsights_sitenote_active":false,"_monsterinsights_sitenote_note":"","_monsterinsights_sitenote_category":0,"spay_email":""},"categories":[1],"tags":[],"jetpack_featured_media_url":"https:\/\/vimagazine.com.br\/wp-content\/uploads\/2022\/12\/mi-e1670967657361.jpg","_links":{"self":[{"href":"https:\/\/vimagazine.com.br\/index.php?rest_route=\/wp\/v2\/posts\/7702"}],"collection":[{"href":"https:\/\/vimagazine.com.br\/index.php?rest_route=\/wp\/v2\/posts"}],"about":[{"href":"https:\/\/vimagazine.com.br\/index.php?rest_route=\/wp\/v2\/types\/post"}],"author":[{"embeddable":true,"href":"https:\/\/vimagazine.com.br\/index.php?rest_route=\/wp\/v2\/users\/3"}],"replies":[{"embeddable":true,"href":"https:\/\/vimagazine.com.br\/index.php?rest_route=%2Fwp%2Fv2%2Fcomments&post=7702"}],"version-history":[{"count":2,"href":"https:\/\/vimagazine.com.br\/index.php?rest_route=\/wp\/v2\/posts\/7702\/revisions"}],"predecessor-version":[{"id":7709,"href":"https:\/\/vimagazine.com.br\/index.php?rest_route=\/wp\/v2\/posts\/7702\/revisions\/7709"}],"wp:featuredmedia":[{"embeddable":true,"href":"https:\/\/vimagazine.com.br\/index.php?rest_route=\/wp\/v2\/media\/7707"}],"wp:attachment":[{"href":"https:\/\/vimagazine.com.br\/index.php?rest_route=%2Fwp%2Fv2%2Fmedia&parent=7702"}],"wp:term":[{"taxonomy":"category","embeddable":true,"href":"https:\/\/vimagazine.com.br\/index.php?rest_route=%2Fwp%2Fv2%2Fcategories&post=7702"},{"taxonomy":"post_tag","embeddable":true,"href":"https:\/\/vimagazine.com.br\/index.php?rest_route=%2Fwp%2Fv2%2Ftags&post=7702"}],"curies":[{"name":"wp","href":"https:\/\/api.w.org\/{rel}","templated":true}]}}