{"id":7738,"date":"2022-12-15T20:34:28","date_gmt":"2022-12-15T23:34:28","guid":{"rendered":"https:\/\/vimagazine.com.br\/?p=7738"},"modified":"2022-12-15T20:34:30","modified_gmt":"2022-12-15T23:34:30","slug":"arvore-dos-sonhos-recebe-doacoes-para-criancas-idosos-e-pessoas-em-situacao-de-rua","status":"publish","type":"post","link":"https:\/\/vimagazine.com.br\/?p=7738","title":{"rendered":"\u00c1rvore dos Sonhos recebe doa\u00e7\u00f5es para crian\u00e7as, idosos e pessoas em situa\u00e7\u00e3o de rua"},"content":{"rendered":"\n<p><em>Clientes poder\u00e3o adotar cartinhas e fazer a entrega de presentes at\u00e9 o dia 20 de dezembro, no Villa Romana Shopping.<\/em><\/p>\n\n\n\n<p>Natal \u00e9 sin\u00f4nimo de amor e esperan\u00e7a. \u00c9 o per\u00edodo que as pessoas deixam aflorar seus melhores sentimentos, para que estes sejam renovados em um ciclo de boas a\u00e7\u00f5es. E \u00e9 nesta atmosfera de amor ao pr\u00f3ximo que o Villa Romana Shopping lan\u00e7a, mais uma vez, sua <strong>\u00c1rvore dos Sonhos<\/strong>, a\u00e7\u00e3o social que beneficia crian\u00e7as, idosos e pessoas em situa\u00e7\u00e3o de rua e que, neste ano, pretende transformar o Natal de mais de 500 pessoas.<\/p>\n\n\n\n<p>\u201cNossas crian\u00e7as fazem as cartinhas com muito entusiasmo e est\u00e3o na expectativa dos presentes. S\u00e3o crian\u00e7as carentes de tudo, e por mais que tentemos suprir suas necessidades materiais, o peso de suas hist\u00f3rias \u00e9 grande demais. E o retorno de carinho da \u00c1rvore dos Sonhos torna isto um pouco mais leve\u201d, explica M\u00e1rcia Rila, diretora do Lar Recanto do Carinho, uma das entidades beneficiadas pelo projeto.&nbsp;<\/p>\n\n\n\n<p>Os pedidos parecem simples, mas far\u00e3o uma grande diferen\u00e7a para quem recebe. V\u00e3o de radinhos de pilha a agasalhos para idosos, de material escolar a brinquedos para as crian\u00e7as e material b\u00e1sico de higiene para aqueles que vivem em situa\u00e7\u00e3o de rua.&nbsp;<\/p>\n\n\n\n<p>\u201cOs presentes que chegam do shopping transformam o Natal das nossas crian\u00e7as e idosos\u201d, diz Joana Buendgens, Gerente de Assuntos Culturais e Assessora da Presid\u00eancia da Serte, outra institui\u00e7\u00e3o que ir\u00e1 receber as doa\u00e7\u00f5es da \u00c1rvore dos Sonhos.<\/p>\n\n\n\n<p>Para fazer parte dessa corrente do bem, basta ir at\u00e9 a \u00c1rvore dos Sonhos, que fica junto \u00e0 decora\u00e7\u00e3o de Natal, na Pra\u00e7a de Eventos do Villa Romana Shopping, escolher uma das diversas cartinhas que est\u00e3o \u00e0 disposi\u00e7\u00e3o, adquirir o presente solicitado e do\u00e1-lo no mesmo local.&nbsp;<\/p>\n\n\n\n<p>Os presentes podem ser entregues das 14h \u00e0s 20h, at\u00e9 o dia 20 de dezembro.<\/p>\n\n\n\n<p><em>Sobre as institui\u00e7\u00f5es beneficiadas pela \u00c1rvore dos Sonhos<\/em><\/p>\n\n\n\n<p><strong>Rede Com a Rua<\/strong><\/p>\n\n\n\n<p>A Rede Com a Rua \u00e9 uma organiza\u00e7\u00e3o formada por 20 grupos que desenvolvem a\u00e7\u00f5es com pessoas em situa\u00e7\u00e3o de rua na cidade de Florian\u00f3polis. O projeto arrecada e distribui roupas e alimentos, al\u00e9m de auxiliar no processo jur\u00eddico para obten\u00e7\u00e3o de documentos e na transi\u00e7\u00e3o destas pessoas da rua de volta para casa.<\/p>\n\n\n\n<p><strong>SERTE<\/strong><\/p>\n\n\n\n<p>A SERTE, Sociedade Esp\u00edrita de Recupera\u00e7\u00e3o, Trabalho e Educa\u00e7\u00e3o, tem 62 anos de exist\u00eancia e mant\u00e9m tr\u00eas obras assistenciais em Florian\u00f3polis. Atualmente, as obras da SERTE atende 57 idosos, 10 crian\u00e7as abrigadas em tempo integral, e outras 292 no Educand\u00e1rio, educa\u00e7\u00e3o infantil e pr\u00e9-escolar.<\/p>\n\n\n\n<p><strong>Lar Recanto do Carinho<\/strong><\/p>\n\n\n\n<p>O Lar Recanto do Carinho \u00e9 uma institui\u00e7\u00e3o n\u00e3o governamental criada para dar assist\u00eancia a crian\u00e7as HIV positivo. Atualmente eles est\u00e3o com 14 crian\u00e7as abrigadas no Lar, incluindo dois acamados que se alimentam atrav\u00e9s de sondas. O Lar tamb\u00e9m mant\u00e9m o Projeto Dia, uma creche que funciona de segunda a sexta, para 53 crian\u00e7as carentes da comunidade, de at\u00e9 seis anos de idade.<\/p>\n\n\n\n<p><strong>Casa Lar Luz do Caminho<\/strong><\/p>\n\n\n\n<p>A Casa Lar Luz do Caminho, localizada no Norte da Ilha, recebe crian\u00e7as de 0 a 11 em situa\u00e7\u00e3o de vulnerabilidade social. Com oito anos de funda\u00e7\u00e3o, a casa, que \u00e9 uma organiza\u00e7\u00e3o da sociedade civil, de car\u00e1ter filantr\u00f3pico, j\u00e1 atendeu mais de 150 crian\u00e7as.<\/p>\n\n\n\n<p>&nbsp;<strong>:: Servi\u00e7o ::<\/strong><\/p>\n\n\n\n<p><strong>O que:<\/strong> \u00c1rvore dos Sonhos<\/p>\n\n\n\n<p><strong>Quando:<\/strong> Doa\u00e7\u00f5es ser\u00e3o recebidas at\u00e9 20 de dezembro, das 14h \u00e0s 20h.<\/p>\n\n\n\n<p><strong>Onde:<\/strong> Villa Romana Shopping \u2013 Av. Madre Benvenuta, 687, Santa M\u00f4nica.&nbsp;<\/p>\n\n\n\n<p>&#8212;<br><strong>Celina Keppeler<\/strong><\/p>\n","protected":false},"excerpt":{"rendered":"<p>Clientes poder\u00e3o adotar cartinhas e fazer a entrega de presentes at\u00e9 o dia 20 de&#8230;<\/p>\n","protected":false},"author":3,"featured_media":7739,"comment_status":"closed","ping_status":"open","sticky":false,"template":"","format":"standard","meta":{"om_disable_all_campaigns":false,"_monsterinsights_skip_tracking":false,"_monsterinsights_sitenote_active":false,"_monsterinsights_sitenote_note":"","_monsterinsights_sitenote_category":0,"spay_email":""},"categories":[1],"tags":[],"jetpack_featured_media_url":"https:\/\/vimagazine.com.br\/wp-content\/uploads\/2022\/12\/Arvore-dos-Sonhos-e1671147190932.jpg","_links":{"self":[{"href":"https:\/\/vimagazine.com.br\/index.php?rest_route=\/wp\/v2\/posts\/7738"}],"collection":[{"href":"https:\/\/vimagazine.com.br\/index.php?rest_route=\/wp\/v2\/posts"}],"about":[{"href":"https:\/\/vimagazine.com.br\/index.php?rest_route=\/wp\/v2\/types\/post"}],"author":[{"embeddable":true,"href":"https:\/\/vimagazine.com.br\/index.php?rest_route=\/wp\/v2\/users\/3"}],"replies":[{"embeddable":true,"href":"https:\/\/vimagazine.com.br\/index.php?rest_route=%2Fwp%2Fv2%2Fcomments&post=7738"}],"version-history":[{"count":1,"href":"https:\/\/vimagazine.com.br\/index.php?rest_route=\/wp\/v2\/posts\/7738\/revisions"}],"predecessor-version":[{"id":7740,"href":"https:\/\/vimagazine.com.br\/index.php?rest_route=\/wp\/v2\/posts\/7738\/revisions\/7740"}],"wp:featuredmedia":[{"embeddable":true,"href":"https:\/\/vimagazine.com.br\/index.php?rest_route=\/wp\/v2\/media\/7739"}],"wp:attachment":[{"href":"https:\/\/vimagazine.com.br\/index.php?rest_route=%2Fwp%2Fv2%2Fmedia&parent=7738"}],"wp:term":[{"taxonomy":"category","embeddable":true,"href":"https:\/\/vimagazine.com.br\/index.php?rest_route=%2Fwp%2Fv2%2Fcategories&post=7738"},{"taxonomy":"post_tag","embeddable":true,"href":"https:\/\/vimagazine.com.br\/index.php?rest_route=%2Fwp%2Fv2%2Ftags&post=7738"}],"curies":[{"name":"wp","href":"https:\/\/api.w.org\/{rel}","templated":true}]}}